{"id":238378,"date":"2025-07-09T19:57:14","date_gmt":"2025-07-09T19:57:14","guid":{"rendered":"https:\/\/www.europesays.com\/fr\/238378\/"},"modified":"2025-07-09T19:57:14","modified_gmt":"2025-07-09T19:57:14","slug":"cest-quoi-ce-plan-de-lue-pour-stocker-des-produits-essentiels-en-cas-de-guerre","status":"publish","type":"post","link":"https:\/\/www.europesays.com\/fr\/238378\/","title":{"rendered":"c&rsquo;est quoi ce plan de l&rsquo;UE pour stocker des produits essentiels en cas de guerre\u00a0?"},"content":{"rendered":"<p>            Par<br \/>\n        <strong><br \/>\n            <a href=\"https:\/\/actu.fr\/auteur\/maxime-ponsot\" title=\"Consulter tous les articles de Maxime Ponsot\" rel=\"nofollow noopener\" target=\"_blank\">Maxime Ponsot<\/a><br \/>\n        <\/strong><\/p>\n<p>        Publi\u00e9 le<\/p>\n<p>            9 juil. 2025 \u00e0 19h03        <\/p>\n<p>De la <strong>pr\u00e9vention<\/strong>. <a href=\"https:\/\/actu.fr\/tag\/union-europeenne\" rel=\"nofollow noopener\" target=\"_blank\">L\u2019Union europ\u00e9enne<\/a> a pr\u00e9sent\u00e9 ce mercredi 9\u00a0juillet 2025 un plan qui vise \u00e0 garantir que les Europ\u00e9ens disposent de <strong>stocks suffisants de produits de base<\/strong>, nourriture, vaccins et m\u00e9dicaments, en cas de catastrophe naturelle, \u00e9pid\u00e9mie ou guerre.<\/p>\n<p class=\" wall-content\">\u00ab\u2009Plus vous vous pr\u00e9parez, moins vous paniquez\u2009\u00bb, a r\u00e9sum\u00e9 la commissaire europ\u00e9enne charg\u00e9e <strong>des situations de crise,<\/strong> Hadja Lahbib, lors d\u2019une conf\u00e9rence de presse au Parlement europ\u00e9en \u00e0 Strasbourg.<\/p>\n<p>Une attaque possible de la Russie, selon l\u2019Otan<\/p>\n<p class=\" wall-content\">Cette strat\u00e9gie baptis\u00e9e \u00ab\u2009pr\u00e9paration 2030\u2009\u00bb co\u00efncide avec les avertissements lanc\u00e9s par l\u2019Otan sur <a href=\"https:\/\/actu.fr\/monde\/vladimir-poutine-joue-a-la-3e-guerre-mondiale-la-russie-peut-elle-vraiment-attaquer-l-europe_62330613.html\" rel=\"nofollow noopener\" target=\"_blank\"><strong>une attaque possible de la Russie<\/strong> <strong>contre un pays europ\u00e9en<\/strong><\/a> dans les trois ou cinq \u00e0 venir.<\/p>\n<p class=\" wall-content\">L\u2019id\u00e9e est d\u2019anticiper des stocks de certains produits de base pour assurer le ravitaillement en cas de catastrophe naturelle voire de conflit arm\u00e9. \u00ab\u2009C\u2019est une premi\u00e8re pour l\u2019UE\u2009\u00bb, a soulign\u00e9 Hadja Lahbib, et le but est \u00ab\u2009tr\u00e8s simple, garantir que les produits essentiels qui assurent le bon fonctionnement de nos soci\u00e9t\u00e9s soient toujours disponibles\u2009\u00bb, a-t-elle encore indiqu\u00e9.<\/p>\n<p>Vid\u00e9os : en ce moment sur Actu\u00c9viter les doublons<\/p>\n<p class=\" wall-content\">La Commission europ\u00e9enne veut donc <strong>am\u00e9liorer la coordination, l\u2019\u00e9change d\u2019informations et la planification entre\u00a0<a href=\"https:\/\/actu.fr\/politique\/elections-europeennes\/europeennes-2024-quels-sont-les-27-pays-de-l-ue-appeles-aux-urnes_60789707.html\" rel=\"nofollow noopener\" target=\"_blank\">les \u00c9tats membres<\/a><\/strong> pour s\u2019assurer que des stocks suffisants soient disponibles, en nourriture, vaccins, masques ou m\u00e9dicaments, en \u00e9vitant les doublons inutiles.<\/p>\n<blockquote class=\"ac-article-quote wall-content\">\n<p>Nous n&rsquo;avons pas besoin par exemple d&rsquo;une flotte d&rsquo;avions Canadair dans chaque \u00c9tat membre.<\/p>\n<p>    <strong>la Commission europ\u00e9enne<\/strong>\n            <\/p><\/blockquote>\n<p class=\" wall-content\">Mieux vaut un syst\u00e8me permettant le d\u00e9ploiement \u00ab\u2009rapidement et o\u00f9 et quand cela est n\u00e9cessaire\u2009\u00bb, a ajout\u00e9 Hadja Lahbib. Il faut pour cela pr\u00e9voir des entrep\u00f4ts strat\u00e9giques et une logistique adapt\u00e9e en ayant recours par exemple \u00e0 une coop\u00e9ration avec les forces militaires. Ce qui est <a href=\"https:\/\/actu.fr\/provence-alpes-cote-d-azur\/marseille_13055\/violent-incendie-a-marseille-reactivation-du-feu-lisieres-toujours-actives-des-blesses_62886274.html\" rel=\"nofollow noopener\" target=\"_blank\">le cas en ce moment \u00e0 Marseille, frapp\u00e9e par des feux de for\u00eat<\/a>, a-t-elle expliqu\u00e9.<\/p>\n<p>Les \u00c9tats baltes ont d\u00e9j\u00e0 anticip\u00e9 une guerre avec la Russie<\/p>\n<p class=\" wall-content\"><strong>Le niveau de pr\u00e9paration n\u2019est pas du tout le m\u00eame entre les 27<\/strong>, les pays les plus proches de la Russie comme les \u00c9tats baltes ayant d\u00e9j\u00e0 largement anticip\u00e9 des situations de conflit potentiel.<\/p>\n<p class=\" wall-content\">\u00ab\u2009Bien s\u00fbr, si vous avez une fronti\u00e8re de 1\u2009000 kilom\u00e8tres avec la Russie, vous vous sentirez potentiellement menac\u00e9 par une guerre\u2009\u00bb, a d\u00e9clar\u00e9 Hadja Lahbib.<\/p>\n<blockquote class=\"ac-article-quote wall-content\">\n<p>Mais il est normal qu&rsquo;en Espagne, les gens aient l&rsquo;impression que les incendies de for\u00eat sont plus susceptibles de se produire. Il n&rsquo;y a pas de solution unique.<\/p>\n<p>    <strong>Hadja Lahbib<\/strong><br \/>\n        la commissaire europ\u00e9enne charg\u00e9e des situations de crise    <\/p><\/blockquote>\n<p class=\" wall-content\">La commissaire belge a insist\u00e9 sur le fait que, quelle que soit la cause d\u2019une crise, conflit ou catastrophe naturelle, l\u2019impact sur les citoyens, comme les pannes d\u2019\u00e9lectricit\u00e9, peut \u00eatre similaire.<\/p>\n<p class=\" wall-content\">La Commission europ\u00e9enne avait propos\u00e9 en mars cette \u00ab\u2009strat\u00e9gie de pr\u00e9paration et de gestion de crises\u2009\u00bb, dans laquelle elle sugg\u00e9rait d\u00e9j\u00e0 que les habitants des 27 pays membres aient chez eux un sac contenant de quoi \u00eatre autonome pendant 72\u00a0heures en cas de situation de crise ou de conflit.<\/p>\n<p class=\" wall-content\"><strong>Source\u2009: AFP.<\/strong><\/p>\n<p class=\" wall-content\">Suivez toute l\u2019actualit\u00e9 de vos villes et m\u00e9dias favoris en vous inscrivant \u00e0 <a href=\"https:\/\/moncompte.actu.fr\" title=\"D\u00e9couvez Mon Actu\" rel=\"nofollow noopener\" data-trk=\"{&quot;cta&quot;:{&quot;action&quot;:&quot;https:\\\/\\\/moncompte.actu.fr&quot;,&quot;category&quot;:&quot;mon compte&quot;,&quot;from&quot;:&quot;article footer&quot;,&quot;name&quot;:&quot;Mon actu&quot;,&quot;type&quot;:&quot;cta&quot;}}\" target=\"_blank\">Mon Actu<\/a>.<\/p>\n<ul class=\"ac-article-tag wall-content\">\n<li><a href=\"https:\/\/actu.fr\/tag\/armee\" data-trk=\"{&quot;cta&quot;:{&quot;action&quot;:&quot;Arm\\u00e9e&quot;,&quot;category&quot;:&quot;tag&quot;,&quot;from&quot;:&quot;article footer&quot;,&quot;name&quot;:&quot;Arm\\u00e9e&quot;,&quot;type&quot;:&quot;cta&quot;}}\" rel=\"nofollow noopener\" target=\"_blank\">#Arm\u00e9e<\/a><\/li>\n<li><a href=\"https:\/\/actu.fr\/tag\/union-europeenne\" data-trk=\"{&quot;cta&quot;:{&quot;action&quot;:&quot;Union europ\\u00e9enne&quot;,&quot;category&quot;:&quot;tag&quot;,&quot;from&quot;:&quot;article footer&quot;,&quot;name&quot;:&quot;Union europ\\u00e9enne&quot;,&quot;type&quot;:&quot;cta&quot;}}\" rel=\"nofollow noopener\" target=\"_blank\">#Union europ\u00e9enne<\/a><\/li>\n<\/ul>\n","protected":false},"excerpt":{"rendered":"Par Maxime Ponsot Publi\u00e9 le 9 juil. 2025 \u00e0 19h03 De la pr\u00e9vention. L\u2019Union europ\u00e9enne a pr\u00e9sent\u00e9 ce&hellip;\n","protected":false},"author":2,"featured_media":238379,"comment_status":"","ping_status":"","sticky":false,"template":"","format":"standard","meta":{"footnotes":""},"categories":[1586],"tags":[11,1813,1777,674,1779,1011,27,74,12,25,1778,364],"class_list":{"0":"post-238378","1":"post","2":"type-post","3":"status-publish","4":"format-standard","5":"has-post-thumbnail","7":"category-europe","8":"tag-actualites","9":"tag-armee","10":"tag-eu","11":"tag-europe","12":"tag-european-union","13":"tag-fr","14":"tag-france","15":"tag-monde","16":"tag-news","17":"tag-republique-francaise","18":"tag-ue","19":"tag-union-europeenne"},"share_on_mastodon":{"url":"https:\/\/pubeurope.com\/@fr\/114825045276117178","error":""},"_links":{"self":[{"href":"https:\/\/www.europesays.com\/fr\/wp-json\/wp\/v2\/posts\/238378","targetHints":{"allow":["GET"]}}],"collection":[{"href":"https:\/\/www.europesays.com\/fr\/wp-json\/wp\/v2\/posts"}],"about":[{"href":"https:\/\/www.europesays.com\/fr\/wp-json\/wp\/v2\/types\/post"}],"author":[{"embeddable":true,"href":"https:\/\/www.europesays.com\/fr\/wp-json\/wp\/v2\/users\/2"}],"replies":[{"embeddable":true,"href":"https:\/\/www.europesays.com\/fr\/wp-json\/wp\/v2\/comments?post=238378"}],"version-history":[{"count":0,"href":"https:\/\/www.europesays.com\/fr\/wp-json\/wp\/v2\/posts\/238378\/revisions"}],"wp:featuredmedia":[{"embeddable":true,"href":"https:\/\/www.europesays.com\/fr\/wp-json\/wp\/v2\/media\/238379"}],"wp:attachment":[{"href":"https:\/\/www.europesays.com\/fr\/wp-json\/wp\/v2\/media?parent=238378"}],"wp:term":[{"taxonomy":"category","embeddable":true,"href":"https:\/\/www.europesays.com\/fr\/wp-json\/wp\/v2\/categories?post=238378"},{"taxonomy":"post_tag","embeddable":true,"href":"https:\/\/www.europesays.com\/fr\/wp-json\/wp\/v2\/tags?post=238378"}],"curies":[{"name":"wp","href":"https:\/\/api.w.org\/{rel}","templated":true}]}}