{"id":238388,"date":"2025-07-09T20:03:13","date_gmt":"2025-07-09T20:03:13","guid":{"rendered":"https:\/\/www.europesays.com\/fr\/238388\/"},"modified":"2025-07-09T20:03:13","modified_gmt":"2025-07-09T20:03:13","slug":"bouilhou-explique-comment-bru-a-change-la-conquete-rouge-et-noir-a-son-arrivee","status":"publish","type":"post","link":"https:\/\/www.europesays.com\/fr\/238388\/","title":{"rendered":"Bouilhou explique comment Bru a chang\u00e9 la conqu\u00eate rouge et noir \u00e0 son arriv\u00e9e"},"content":{"rendered":"<p>Un rival fa\u00e7onn\u00e9 \u00e0 l\u2019\u00e9cole toulousaine. Si aujourd\u2019hui, Yannick Bru est le principal concurrent de l\u2019armada rouge et noir, lui qui est \u00e0 la t\u00eate de l\u2019Union Bordeaux-B\u00e8gles, il a longtemps \u00e9t\u00e9 un produit du club haut-garonnais. Le Gersois a pass\u00e9 la majeure partie de sa carri\u00e8re \u00e0 Toulouse, empilant les titres sous les ordres de Guy Nov\u00e8s.<\/p>\n<p>\u00ab\u00a0On sortait de p\u00e9riodes o\u00f9 on se faisait un peu concasser\u00a0\u00bb<\/p>\n<p>Une fois sa carri\u00e8re termin\u00e9e, il a directement bascul\u00e9 sur le coaching, en int\u00e9grant le staff de Nov\u00e8s. En marge de la finale du Top 14, remport\u00e9 par le Stade face \u00e0 l\u2019UBB, Jean Bouilhou lui a rendu un bel hommage dans les colonnes de <a href=\"https:\/\/www.rugbyrama.fr\/2025\/06\/26\/finale-top-14-il-a-amene-de-la-rigueur-recit-de-la-longue-histoire-toulousaine-de-yannick-bru-bordeaux-begles-12787755.php\" rel=\"nofollow noopener\" target=\"_blank\">Rugbyrama<\/a>. L\u2019ancien troisi\u00e8me-ligne se souvient ainsi de l\u2019arriv\u00e9e du talonneur dans l\u2019encadrement et comment cela avait remobilis\u00e9 le pack toulousain.<\/p>\n<blockquote>\n<p>\u00ab\u00a0Quand\u00a0Yannick\u00a0a pris les avants, on sortait de p\u00e9riodes o\u00f9 on se faisait un peu concasser. On en avait pris presque cinquante contre Biarritz (40-13 en finale du championnat de France 2006) et, en 2007-2008, le paquet d\u2019avants du Stade s\u2019est rebell\u00e9.\u00a0Yannick\u00a0nous a apport\u00e9 \u00e9norm\u00e9ment de structures dans l\u2019entra\u00eenement et sur la conqu\u00eate. Ce fut une p\u00e9riode o\u00f9 nous nous sommes r\u00e9gal\u00e9s. Bien s\u00fbr, des grands joueurs comme \u201cPato\u201d (Albacete) et \u201cTiti\u201d (Dusautoir) sont arriv\u00e9s et cela a renforc\u00e9 l\u2019\u00e9quipe. Mais on a v\u00e9cu des ann\u00e9es o\u00f9 le paquet d\u2019avants toulousain est devenu conqu\u00e9rant. Sa fa\u00e7on de voir les choses correspondait aussi \u00e0 ma personnalit\u00e9. J\u2019ai fait des \u00e9tudes plut\u00f4t scientifiques, donc ce c\u00f4t\u00e9 tr\u00e8s pr\u00e9cis et cart\u00e9sien de la conqu\u00eate m\u2019a plu. J\u2019ai essay\u00e9 de tendre vers \u00e7a\u00a0\u00bb<\/p>\n<\/blockquote>\n<p>\u00a0<\/p>\n<p>Partagez cette info avec vos amis et vos proches en cliquant ici<br \/>Pour r\u00e9sumer<\/p>\n<p>Jean Bouilhou a rendu un bel hommage \u00e0 Yannick Bru en marge de la finale du Top 14. L\u2019actuel entra\u00eeneur des avants toulousains se souvient de l\u2019arriv\u00e9e du talonneur aux c\u00f4t\u00e9s de Guy Nov\u00e8s et de son impact sur la conqu\u00eate.<\/p>\n<p> <img decoding=\"async\" width=\"76\" height=\"76\" loading=\"lazy\" src=\"https:\/\/www.europesays.com\/fr\/wp-content\/uploads\/2025\/04\/avatar-quinze.png\" alt=\"Arnaud D\u00e9chelotte\"\/><\/p>\n","protected":false},"excerpt":{"rendered":"Un rival fa\u00e7onn\u00e9 \u00e0 l\u2019\u00e9cole toulousaine. Si aujourd\u2019hui, Yannick Bru est le principal concurrent de l\u2019armada rouge et&hellip;\n","protected":false},"author":2,"featured_media":238389,"comment_status":"","ping_status":"","sticky":false,"template":"","format":"standard","meta":{"footnotes":""},"categories":[1416],"tags":[1011,27,479,1468,60],"class_list":{"0":"post-238388","1":"post","2":"type-post","3":"status-publish","4":"format-standard","5":"has-post-thumbnail","7":"category-rugby","8":"tag-fr","9":"tag-france","10":"tag-rugby","11":"tag-rugby-football","12":"tag-sports"},"share_on_mastodon":{"url":"https:\/\/pubeurope.com\/@fr\/114825068747372733","error":""},"_links":{"self":[{"href":"https:\/\/www.europesays.com\/fr\/wp-json\/wp\/v2\/posts\/238388","targetHints":{"allow":["GET"]}}],"collection":[{"href":"https:\/\/www.europesays.com\/fr\/wp-json\/wp\/v2\/posts"}],"about":[{"href":"https:\/\/www.europesays.com\/fr\/wp-json\/wp\/v2\/types\/post"}],"author":[{"embeddable":true,"href":"https:\/\/www.europesays.com\/fr\/wp-json\/wp\/v2\/users\/2"}],"replies":[{"embeddable":true,"href":"https:\/\/www.europesays.com\/fr\/wp-json\/wp\/v2\/comments?post=238388"}],"version-history":[{"count":0,"href":"https:\/\/www.europesays.com\/fr\/wp-json\/wp\/v2\/posts\/238388\/revisions"}],"wp:featuredmedia":[{"embeddable":true,"href":"https:\/\/www.europesays.com\/fr\/wp-json\/wp\/v2\/media\/238389"}],"wp:attachment":[{"href":"https:\/\/www.europesays.com\/fr\/wp-json\/wp\/v2\/media?parent=238388"}],"wp:term":[{"taxonomy":"category","embeddable":true,"href":"https:\/\/www.europesays.com\/fr\/wp-json\/wp\/v2\/categories?post=238388"},{"taxonomy":"post_tag","embeddable":true,"href":"https:\/\/www.europesays.com\/fr\/wp-json\/wp\/v2\/tags?post=238388"}],"curies":[{"name":"wp","href":"https:\/\/api.w.org\/{rel}","templated":true}]}}