{"id":238390,"date":"2025-07-09T20:04:10","date_gmt":"2025-07-09T20:04:10","guid":{"rendered":"https:\/\/www.europesays.com\/fr\/238390\/"},"modified":"2025-07-09T20:04:10","modified_gmt":"2025-07-09T20:04:10","slug":"djokovic-en-demies-et-un-peu-plus-dans-lhistoire","status":"publish","type":"post","link":"https:\/\/www.europesays.com\/fr\/238390\/","title":{"rendered":"Djokovic en demies, et un peu plus dans l&rsquo;histoire"},"content":{"rendered":"<p class=\"date\">\n                                                            Faraj Benlahoucine, Media365, publi\u00e9 le mercredi 09 juillet 2025 \u00e0 21h11\n                                                    <\/p>\n<p>En difficult\u00e9 en quarts, Novak Djokovic a fini par avoir raison de Flavio Cobolli en quatre manches. Le Serbe atteint les demies pour la quatorzi\u00e8me fois \u00e0 Wimbledon, un nouveau record absolu, auparavant cod\u00e9tenu avec Roger Federer.<\/p>\n<p>\u00ab Il sert tr\u00e8s vite, il va chercher ses coups. Il est tellement talentueux et dou\u00e9, on le reverra dans le futur. \u00bb Cet hommage est sign\u00e9 Novak Djokovic au sortir de sa victoire en demi-finale face \u00e0 Flavio Cobolli. <strong>Vainqueur en quatre manches apr\u00e8s avoir perdu le premier set ((2)6-7, 6-2, 7-5, 6-4), le Serbe a \u00e9t\u00e9 repouss\u00e9 dans ses retranchements<\/strong> tout au long de la partie. Menant 2-0 dans le troisi\u00e8me acte, l&rsquo;ex-n\u00b01 mondial s&rsquo;est heurt\u00e9 \u00e0 la t\u00e9nacit\u00e9 du Transalpin, imm\u00e9diatement revenu \u00e0 2-2. N\u00e9anmoins, l&rsquo;exp\u00e9rience de \u00ab\u00a0Nole\u00a0\u00bb a fini par avoir raison de la fougue de Flavio Cobolli.<\/p>\n<p>En mesure de placer davantage de coups gagnants (51 contre 39 pour Djokovic), l&rsquo;Italien a cependant donn\u00e9 trop de points au Serbe (44 fautes directes). Redoutable en retour de service entre autres, Novak Djokovic s&rsquo;est n\u00e9anmoins fait une sacr\u00e9e frayeur juste avant de conclure les d\u00e9bats. Pris \u00e0 contre-pied par un coup droit de Flavio Cobolli sur balle de match, <strong>le \u00ab\u00a0Djoker\u00a0\u00bb est mal retomb\u00e9. Il est rest\u00e9 plusieurs secondes au sol, se tenant les adducteurs<\/strong>, avant de se relever et de terminer le match avec brio sur sa troisi\u00e8me opportunit\u00e9.<\/p>\n<p>Une 14e demie \u00e0 Wimbledon, Djokovic d\u00e9passe Federer<\/p>\n<p>Celui qui est \u00e2g\u00e9 de 38 ans, s&rsquo;est longuement \u00e9tir\u00e9 durant les changements de c\u00f4t\u00e9. Et par la force des choses apr\u00e8s la rencontre \u00e9galement. \u00ab Heureusement tout ira bien dans deux jours \u00bb a rassur\u00e9 tout sourire la l\u00e9gende au micro des organisateurs sur le Centre Court. Un sourire on ne peut plus l\u00e9gitime car cette qualification de<strong> Novak Djokovic l&rsquo;envoie pour la quatorzi\u00e8me fois en demies \u00e0 Wimbledon. Un record absolu<\/strong>, une unit\u00e9 au-dessus d&rsquo;une autre l\u00e9gende, Roger Federer. Par ailleurs, le recordman de victoires en Grand Chelem (24) disputera sa 52e demi-finale en tournoi majeur.<\/p>\n<p>Dans la qu\u00eate de huiti\u00e8me sacre \u00e0 Wimbledon, <strong>Novak Djokovic devra terrasser le n\u00b01 mondial, Jannik Sinner<\/strong> qui n&rsquo;a pour sa part jamais triomph\u00e9 sur le gazon britannique. En demies \u00e0 Roland-Garros le mois pass\u00e9, l&rsquo;Italien avait nettement domin\u00e9 le Serbe (3-0). En revanche, les deux duels disput\u00e9s \u00e0 Wimbledon ont tous deux \u00e9t\u00e9 gagn\u00e9s par le septuple vainqueur de l&rsquo;\u00e9preuve. En quarts en 2022 et \u00e0 une marche de la finale l&rsquo;ann\u00e9e suivante.<\/p>\n","protected":false},"excerpt":{"rendered":"Faraj Benlahoucine, Media365, publi\u00e9 le mercredi 09 juillet 2025 \u00e0 21h11 En difficult\u00e9 en quarts, Novak Djokovic a&hellip;\n","protected":false},"author":2,"featured_media":238391,"comment_status":"","ping_status":"","sticky":false,"template":"","format":"standard","meta":{"footnotes":""},"categories":[1415],"tags":[1011,27,60,1467],"class_list":{"0":"post-238390","1":"post","2":"type-post","3":"status-publish","4":"format-standard","5":"has-post-thumbnail","7":"category-tennis","8":"tag-fr","9":"tag-france","10":"tag-sports","11":"tag-tennis"},"share_on_mastodon":{"url":"https:\/\/pubeurope.com\/@fr\/114825073021282215","error":""},"_links":{"self":[{"href":"https:\/\/www.europesays.com\/fr\/wp-json\/wp\/v2\/posts\/238390","targetHints":{"allow":["GET"]}}],"collection":[{"href":"https:\/\/www.europesays.com\/fr\/wp-json\/wp\/v2\/posts"}],"about":[{"href":"https:\/\/www.europesays.com\/fr\/wp-json\/wp\/v2\/types\/post"}],"author":[{"embeddable":true,"href":"https:\/\/www.europesays.com\/fr\/wp-json\/wp\/v2\/users\/2"}],"replies":[{"embeddable":true,"href":"https:\/\/www.europesays.com\/fr\/wp-json\/wp\/v2\/comments?post=238390"}],"version-history":[{"count":0,"href":"https:\/\/www.europesays.com\/fr\/wp-json\/wp\/v2\/posts\/238390\/revisions"}],"wp:featuredmedia":[{"embeddable":true,"href":"https:\/\/www.europesays.com\/fr\/wp-json\/wp\/v2\/media\/238391"}],"wp:attachment":[{"href":"https:\/\/www.europesays.com\/fr\/wp-json\/wp\/v2\/media?parent=238390"}],"wp:term":[{"taxonomy":"category","embeddable":true,"href":"https:\/\/www.europesays.com\/fr\/wp-json\/wp\/v2\/categories?post=238390"},{"taxonomy":"post_tag","embeddable":true,"href":"https:\/\/www.europesays.com\/fr\/wp-json\/wp\/v2\/tags?post=238390"}],"curies":[{"name":"wp","href":"https:\/\/api.w.org\/{rel}","templated":true}]}}