{"id":238392,"date":"2025-07-09T20:05:25","date_gmt":"2025-07-09T20:05:25","guid":{"rendered":"https:\/\/www.europesays.com\/fr\/238392\/"},"modified":"2025-07-09T20:05:25","modified_gmt":"2025-07-09T20:05:25","slug":"le-tirage-de-la-coupe-de-france-masculine-et-feminine-a-ete-realise","status":"publish","type":"post","link":"https:\/\/www.europesays.com\/fr\/238392\/","title":{"rendered":"Le tirage de la Coupe de France masculine et f\u00e9minine a \u00e9t\u00e9 r\u00e9alis\u00e9"},"content":{"rendered":"<p>                            <img decoding=\"async\" class=\"img-fluid thumbnail__news\" src=\"https:\/\/www.europesays.com\/fr\/wp-content\/uploads\/2025\/07\/f1f40c7f-275b-4690-b540-4f5c52ea7990.jpg\" alt=\"Le tirage de la Coupe de France masculine et f\u00e9minine a \u00e9t\u00e9 r\u00e9alis\u00e9\"\/><br \/>\n                                                        Les Coupes de France f\u00e9minines et masculines connaissent enfin leur tirage des1\/32e de finale pour le Troph\u00e9e Jo\u00eb Jaunay et des 1\/64e de finale pour le Troph\u00e9e Robert Busnel. <\/p>\n<p class=\"MsoNormal\">Le tableau f\u00e9minin a tir\u00e9 ses 12 \u00e9quipes des 1\/32e de finale pour le 28 septembre \u00e0 20h. Il n\u2019y aura pas de handicap pour cette Coupe Jo\u00eb Jaunay avec le tirage ci-dessous\u00a0:<\/p>\n<tr style=\"mso-yfti-irow: 0; mso-yfti-firstrow: yes; height: 22.55pt;\">\n<td style=\"width: 219.2pt; border: solid windowtext 1.0pt; padding: 0cm 5.4pt 0cm 5.4pt; height: 22.55pt;\" valign=\"top\" width=\"292\">\n<p class=\"MsoNormal\">USO MONDEVILLE BASKET<\/p>\n<\/td>\n<td style=\"width: 219.2pt; border: solid windowtext 1.0pt; border-left: none; padding: 0cm 5.4pt 0cm 5.4pt; height: 22.55pt;\" valign=\"top\" width=\"292\">\n<p class=\"MsoNormal\">SAINT-AMAND HAINAUT BASKET<\/p>\n<\/td>\n<\/tr>\n<tr style=\"mso-yfti-irow: 1; height: 21.65pt;\">\n<td style=\"width: 219.2pt; border: solid windowtext 1.0pt; border-top: none; padding: 0cm 5.4pt 0cm 5.4pt; height: 21.65pt;\" valign=\"top\" width=\"292\">\n<p class=\"MsoNormal\">MONTBRISON FEMININES BC<\/p>\n<\/td>\n<td style=\"width: 219.2pt; border-top: none; border-left: none; border-bottom: solid windowtext 1.0pt; border-right: solid windowtext 1.0pt; padding: 0cm 5.4pt 0cm 5.4pt; height: 21.65pt;\" valign=\"top\" width=\"292\">\n<p class=\"MsoNormal\">AULNOYE AS<\/p>\n<\/td>\n<\/tr>\n<tr style=\"mso-yfti-irow: 2; height: 22.55pt;\">\n<td style=\"width: 219.2pt; border: solid windowtext 1.0pt; border-top: none; padding: 0cm 5.4pt 0cm 5.4pt; height: 22.55pt;\" valign=\"top\" width=\"292\">\n<p class=\"MsoNormal\">FEYTIAT BASKET 87<\/p>\n<\/td>\n<td style=\"width: 219.2pt; border-top: none; border-left: none; border-bottom: solid windowtext 1.0pt; border-right: solid windowtext 1.0pt; padding: 0cm 5.4pt 0cm 5.4pt; height: 22.55pt;\" valign=\"top\" width=\"292\">\n<p class=\"MsoNormal\">TOULOUSE METROPOLE BASKET SAS<\/p>\n<\/td>\n<\/tr>\n<tr style=\"mso-yfti-irow: 3; height: 21.65pt;\">\n<td style=\"width: 219.2pt; border: solid windowtext 1.0pt; border-top: none; padding: 0cm 5.4pt 0cm 5.4pt; height: 21.65pt;\" valign=\"top\" width=\"292\">\n<p class=\"MsoNormal\">MONACO BASKET ASSOCIATION<\/p>\n<\/td>\n<td style=\"width: 219.2pt; border-top: none; border-left: none; border-bottom: solid windowtext 1.0pt; border-right: solid windowtext 1.0pt; padding: 0cm 5.4pt 0cm 5.4pt; height: 21.65pt;\" valign=\"top\" width=\"292\">\n<p class=\"MsoNormal\">CAVIGAL NICE BASKET 06<\/p>\n<\/td>\n<\/tr>\n<tr style=\"mso-yfti-irow: 4; height: 22.55pt;\">\n<td style=\"width: 219.2pt; border: solid windowtext 1.0pt; border-top: none; padding: 0cm 5.4pt 0cm 5.4pt; height: 22.55pt;\" valign=\"top\" width=\"292\">\n<p class=\"MsoNormal\">APLEMONT LE HAVRE BASKET<\/p>\n<\/td>\n<td style=\"width: 219.2pt; border-top: none; border-left: none; border-bottom: solid windowtext 1.0pt; border-right: solid windowtext 1.0pt; padding: 0cm 5.4pt 0cm 5.4pt; height: 22.55pt;\" valign=\"top\" width=\"292\">\n<p class=\"MsoNormal\">UNION SPORTIVE BASKET DAMIGNY ALENCON 61 (USBDA61)<\/p>\n<\/td>\n<\/tr>\n<tr style=\"mso-yfti-irow: 5; mso-yfti-lastrow: yes; height: 21.65pt;\">\n<td style=\"width: 219.2pt; border: solid windowtext 1.0pt; border-top: none; padding: 0cm 5.4pt 0cm 5.4pt; height: 21.65pt;\" valign=\"top\" width=\"292\">\n<p class=\"MsoNormal\">BC LA TRONCHE MEYLAN<\/p>\n<\/td>\n<td style=\"width: 219.2pt; border-top: none; border-left: none; border-bottom: solid windowtext 1.0pt; border-right: solid windowtext 1.0pt; padding: 0cm 5.4pt 0cm 5.4pt; height: 21.65pt;\" valign=\"top\" width=\"292\">\n<p class=\"MsoNormal\">PAYS VOIRONNAIS BASKET CLUB<\/p>\n<\/td>\n<\/tr>\n<p class=\"MsoNormal\">Le tableau masculin lui a tir\u00e9 ses 46 \u00e9quipes pour les 1\/64e de finale le 25 septembre \u00e0 20h. Cette saison, suite aux derni\u00e8res modifications r\u00e9glementaires, le tirage a \u00e9t\u00e9 fait avec l\u2019\u00e9quipe qui re\u00e7oit ayant le niveau le plus faible. De plus, un syst\u00e8me de handicap a \u00e9t\u00e9 mis en place avec +7 points pour les \u00e9quipes de NM1 face aux \u00e9quipes de Pro B. Voici le tableau ci-dessous avec leur division\u00a0:<\/p>\n<tr style=\"mso-yfti-irow: 0; mso-yfti-firstrow: yes; height: 25.75pt;\">\n<td style=\"width: 219.75pt; border: solid windowtext 1.0pt; padding: 0cm 5.4pt 0cm 5.4pt; height: 25.75pt;\" valign=\"top\" width=\"293\">\n<p class=\"MsoNormal\">UNION TARBES LOURDES PYRENEES BASKET \u2013 NM1<\/p>\n<\/td>\n<td style=\"width: 219.75pt; border: solid windowtext 1.0pt; border-left: none; padding: 0cm 5.4pt 0cm 5.4pt; height: 25.75pt;\" valign=\"top\" width=\"293\">\n<p class=\"MsoNormal\">ELAN BEARNAIS PAU NORD-EST &#8211; PRO B<\/p>\n<\/td>\n<\/tr>\n<tr style=\"mso-yfti-irow: 1; height: 25.75pt;\">\n<td style=\"width: 219.75pt; border: solid windowtext 1.0pt; border-top: none; padding: 0cm 5.4pt 0cm 5.4pt; height: 25.75pt;\" valign=\"top\" width=\"293\">\n<p class=\"MsoNormal\">STADE TOULOUSAIN BASKETBALL \u2013 NM1<\/p>\n<\/td>\n<td style=\"width: 219.75pt; border-top: none; border-left: none; border-bottom: solid windowtext 1.0pt; border-right: solid windowtext 1.0pt; padding: 0cm 5.4pt 0cm 5.4pt; height: 25.75pt;\" valign=\"top\" width=\"293\">\n<p class=\"MsoNormal\">BOULAZAC BASKET DORDOGNE PRO &#8211; PRO B<\/p>\n<\/td>\n<\/tr>\n<tr style=\"mso-yfti-irow: 2; height: 20.9pt;\">\n<td style=\"width: 219.75pt; border: solid windowtext 1.0pt; border-top: none; padding: 0cm 5.4pt 0cm 5.4pt; height: 20.9pt;\" valign=\"top\" width=\"293\">\n<p class=\"MsoNormal\">LOON PLAGE AS \u2013 NM1<\/p>\n<\/td>\n<td style=\"width: 219.75pt; border-top: none; border-left: none; border-bottom: solid windowtext 1.0pt; border-right: solid windowtext 1.0pt; padding: 0cm 5.4pt 0cm 5.4pt; height: 20.9pt;\" valign=\"top\" width=\"293\">\n<p class=\"MsoNormal\">ROUEN METROPOLE BASKET &#8211; PRO B<\/p>\n<\/td>\n<\/tr>\n<tr style=\"mso-yfti-irow: 3; height: 25.75pt;\">\n<td style=\"width: 219.75pt; border: solid windowtext 1.0pt; border-top: none; padding: 0cm 5.4pt 0cm 5.4pt; height: 25.75pt;\" valign=\"top\" width=\"293\">\n<p class=\"MsoNormal\">TOURS METROPOLE BASKET \u2013 NM1<\/p>\n<\/td>\n<td style=\"width: 219.75pt; border-top: none; border-left: none; border-bottom: solid windowtext 1.0pt; border-right: solid windowtext 1.0pt; padding: 0cm 5.4pt 0cm 5.4pt; height: 25.75pt;\" valign=\"top\" width=\"293\">\n<p class=\"MsoNormal\">ALM EVREUX BASKET &#8211; PRO B<\/p>\n<\/td>\n<\/tr>\n<tr style=\"mso-yfti-irow: 4; height: 25.75pt;\">\n<td style=\"width: 219.75pt; border: solid windowtext 1.0pt; border-top: none; padding: 0cm 5.4pt 0cm 5.4pt; height: 25.75pt;\" valign=\"top\" width=\"293\">\n<p class=\"MsoNormal\">SO MARITIME BOULOGNE \u2013 NM1<\/p>\n<\/td>\n<td style=\"width: 219.75pt; border-top: none; border-left: none; border-bottom: solid windowtext 1.0pt; border-right: solid windowtext 1.0pt; padding: 0cm 5.4pt 0cm 5.4pt; height: 25.75pt;\" valign=\"top\" width=\"293\">\n<p class=\"MsoNormal\">CAEN BASKET CALVADOS &#8211; PRO B<\/p>\n<\/td>\n<\/tr>\n<tr style=\"mso-yfti-irow: 5; height: 26.9pt;\">\n<td style=\"width: 219.75pt; border: solid windowtext 1.0pt; border-top: none; padding: 0cm 5.4pt 0cm 5.4pt; height: 26.9pt;\" valign=\"top\" width=\"293\">\n<p class=\"MsoNormal\">POISSY BASKET ASSOCIATION \u2013 NM1<\/p>\n<\/td>\n<td style=\"width: 219.75pt; border-top: none; border-left: none; border-bottom: solid windowtext 1.0pt; border-right: solid windowtext 1.0pt; padding: 0cm 5.4pt 0cm 5.4pt; height: 26.9pt;\" valign=\"top\" width=\"293\">\n<p class=\"MsoNormal\">BERCK\/RANG DU FLIERS \u2013 NM1<\/p>\n<\/td>\n<\/tr>\n<tr style=\"mso-yfti-irow: 6; height: 25.75pt;\">\n<td style=\"width: 219.75pt; border: solid windowtext 1.0pt; border-top: none; padding: 0cm 5.4pt 0cm 5.4pt; height: 25.75pt;\" valign=\"top\" width=\"293\">\n<p class=\"MsoNormal\">SASP SAINT THOMAS BASKET LE HAVRE \u2013 NM1<\/p>\n<\/td>\n<td style=\"width: 219.75pt; border-top: none; border-left: none; border-bottom: solid windowtext 1.0pt; border-right: solid windowtext 1.0pt; padding: 0cm 5.4pt 0cm 5.4pt; height: 25.75pt;\" valign=\"top\" width=\"293\">\n<p class=\"MsoNormal\">C\u2019CHARTRES METROPOLE BASKET &#8211; PRO B<\/p>\n<\/td>\n<\/tr>\n<tr style=\"mso-yfti-irow: 7; height: 25.75pt;\">\n<td style=\"width: 219.75pt; border: solid windowtext 1.0pt; border-top: none; padding: 0cm 5.4pt 0cm 5.4pt; height: 25.75pt;\" valign=\"top\" width=\"293\">\n<p class=\"MsoNormal\">AURORE VITRE BASKET BRETAGNE \u2013 NM1<\/p>\n<\/td>\n<td style=\"width: 219.75pt; border-top: none; border-left: none; border-bottom: solid windowtext 1.0pt; border-right: solid windowtext 1.0pt; padding: 0cm 5.4pt 0cm 5.4pt; height: 25.75pt;\" valign=\"top\" width=\"293\">\n<p class=\"MsoNormal\">SASP ADA BLOIS BASKET &#8211; PRO B<\/p>\n<\/td>\n<\/tr>\n<tr style=\"mso-yfti-irow: 8; height: 25.75pt;\">\n<td style=\"width: 219.75pt; border: solid windowtext 1.0pt; border-top: none; padding: 0cm 5.4pt 0cm 5.4pt; height: 25.75pt;\" valign=\"top\" width=\"293\">\n<p class=\"MsoNormal\">ETOILE ANGERS BASKET \u2013 NM1<\/p>\n<\/td>\n<td style=\"width: 219.75pt; border-top: none; border-left: none; border-bottom: solid windowtext 1.0pt; border-right: solid windowtext 1.0pt; padding: 0cm 5.4pt 0cm 5.4pt; height: 25.75pt;\" valign=\"top\" width=\"293\">\n<p class=\"MsoNormal\">ORLEANS LOIRET BASKET &#8211; PRO B<\/p>\n<\/td>\n<\/tr>\n<tr style=\"mso-yfti-irow: 9; height: 25.75pt;\">\n<td style=\"width: 219.75pt; border: solid windowtext 1.0pt; border-top: none; padding: 0cm 5.4pt 0cm 5.4pt; height: 25.75pt;\" valign=\"top\" width=\"293\">\n<p class=\"MsoNormal\">PAYS DE FOUGERES BASKET \u2013 NM1<\/p>\n<\/td>\n<td style=\"width: 219.75pt; border-top: none; border-left: none; border-bottom: solid windowtext 1.0pt; border-right: solid windowtext 1.0pt; padding: 0cm 5.4pt 0cm 5.4pt; height: 25.75pt;\" valign=\"top\" width=\"293\">\n<p class=\"MsoNormal\">POITIERS BASKET 86 &#8211; PRO B<\/p>\n<\/td>\n<\/tr>\n<tr style=\"mso-yfti-irow: 10; height: 25.75pt;\">\n<td style=\"width: 219.75pt; border: solid windowtext 1.0pt; border-top: none; padding: 0cm 5.4pt 0cm 5.4pt; height: 25.75pt;\" valign=\"top\" width=\"293\">\n<p class=\"MsoNormal\">UJAP QUIMPER 29 \u2013 NM1<\/p>\n<\/td>\n<td style=\"width: 219.75pt; border-top: none; border-left: none; border-bottom: solid windowtext 1.0pt; border-right: solid windowtext 1.0pt; padding: 0cm 5.4pt 0cm 5.4pt; height: 25.75pt;\" valign=\"top\" width=\"293\">\n<p class=\"MsoNormal\">NANTES BASKET HERMINE (NBH) &#8211; PRO B<\/p>\n<\/td>\n<\/tr>\n<tr style=\"mso-yfti-irow: 11; height: 25.75pt;\">\n<td style=\"width: 219.75pt; border: solid windowtext 1.0pt; border-top: none; padding: 0cm 5.4pt 0cm 5.4pt; height: 25.75pt;\" valign=\"top\" width=\"293\">\n<p class=\"MsoNormal\">UNION RENNES BASKET 35 \u2013 NM1<\/p>\n<\/td>\n<td style=\"width: 219.75pt; border-top: none; border-left: none; border-bottom: solid windowtext 1.0pt; border-right: solid windowtext 1.0pt; padding: 0cm 5.4pt 0cm 5.4pt; height: 25.75pt;\" valign=\"top\" width=\"293\">\n<p class=\"MsoNormal\">LES SABLES VENDEE BASKET \u2013 NM1<\/p>\n<\/td>\n<\/tr>\n<tr style=\"mso-yfti-irow: 12; height: 25.75pt;\">\n<td style=\"width: 219.75pt; border: solid windowtext 1.0pt; border-top: none; padding: 0cm 5.4pt 0cm 5.4pt; height: 25.75pt;\" valign=\"top\" width=\"293\">\n<p class=\"MsoNormal\">VENDEE CHALLANS BASKET \u2013 NM1<\/p>\n<\/td>\n<td style=\"width: 219.75pt; border-top: none; border-left: none; border-bottom: solid windowtext 1.0pt; border-right: solid windowtext 1.0pt; padding: 0cm 5.4pt 0cm 5.4pt; height: 25.75pt;\" valign=\"top\" width=\"293\">\n<p class=\"MsoNormal\">CEP LORIENT BREIZH BASKET \u2013 NM1<\/p>\n<\/td>\n<\/tr>\n<tr style=\"mso-yfti-irow: 13; height: 25.75pt;\">\n<td style=\"width: 219.75pt; border: solid windowtext 1.0pt; border-top: none; padding: 0cm 5.4pt 0cm 5.4pt; height: 25.75pt;\" valign=\"top\" width=\"293\">\n<p class=\"MsoNormal\">SASP BC ORCHIES \u2013 NM1<\/p>\n<\/td>\n<td style=\"width: 219.75pt; border-top: none; border-left: none; border-bottom: solid windowtext 1.0pt; border-right: solid windowtext 1.0pt; padding: 0cm 5.4pt 0cm 5.4pt; height: 25.75pt;\" valign=\"top\" width=\"293\">\n<p class=\"MsoNormal\">ASC DENAIN VOLTAIRE PORTE DU HAINAUT &#8211; PRO B<\/p>\n<\/td>\n<\/tr>\n<tr style=\"mso-yfti-irow: 14; height: 25.75pt;\">\n<td style=\"width: 219.75pt; border: solid windowtext 1.0pt; border-top: none; padding: 0cm 5.4pt 0cm 5.4pt; height: 25.75pt;\" valign=\"top\" width=\"293\">\n<p class=\"MsoNormal\">LEVALLOIS BASKETBALL \u2013 NM1<\/p>\n<\/td>\n<td style=\"width: 219.75pt; border-top: none; border-left: none; border-bottom: solid windowtext 1.0pt; border-right: solid windowtext 1.0pt; padding: 0cm 5.4pt 0cm 5.4pt; height: 25.75pt;\" valign=\"top\" width=\"293\">\n<p class=\"MsoNormal\">SAS CCRB PRO &#8211; PRO B<\/p>\n<\/td>\n<\/tr>\n<tr style=\"mso-yfti-irow: 15; height: 25.75pt;\">\n<td style=\"width: 219.75pt; border: solid windowtext 1.0pt; border-top: none; padding: 0cm 5.4pt 0cm 5.4pt; height: 25.75pt;\" valign=\"top\" width=\"293\">\n<p class=\"MsoNormal\">METZ BC \u2013 NM1<\/p>\n<\/td>\n<td style=\"width: 219.75pt; border-top: none; border-left: none; border-bottom: solid windowtext 1.0pt; border-right: solid windowtext 1.0pt; padding: 0cm 5.4pt 0cm 5.4pt; height: 25.75pt;\" valign=\"top\" width=\"293\">\n<p class=\"MsoNormal\">MULHOUSE BASKET AGGLOMERATION \u2013 NM1<\/p>\n<\/td>\n<\/tr>\n<tr style=\"mso-yfti-irow: 16; height: 25.75pt;\">\n<td style=\"width: 219.75pt; border: solid windowtext 1.0pt; border-top: none; padding: 0cm 5.4pt 0cm 5.4pt; height: 25.75pt;\" valign=\"top\" width=\"293\">\n<p class=\"MsoNormal\">ETOILE DE CHARLEVILLE MEZIERES \u2013 NM1<\/p>\n<\/td>\n<td style=\"width: 219.75pt; border-top: none; border-left: none; border-bottom: solid windowtext 1.0pt; border-right: solid windowtext 1.0pt; padding: 0cm 5.4pt 0cm 5.4pt; height: 25.75pt;\" valign=\"top\" width=\"293\">\n<p class=\"MsoNormal\">ALLIANCE SPORT ALSACE &#8211; PRO B<\/p>\n<\/td>\n<\/tr>\n<tr style=\"mso-yfti-irow: 17; height: 25.45pt;\">\n<td style=\"width: 219.75pt; border: solid windowtext 1.0pt; border-top: none; padding: 0cm 5.4pt 0cm 5.4pt; height: 25.45pt;\" valign=\"top\" width=\"293\">\n<p class=\"MsoNormal\">SAINT-CHAMOND ANDREZIEUX BOUTHEON BASKET \u2013 SCABB \u2013 PRO B<\/p>\n<\/td>\n<td style=\"width: 219.75pt; border-top: none; border-left: none; border-bottom: solid windowtext 1.0pt; border-right: solid windowtext 1.0pt; padding: 0cm 5.4pt 0cm 5.4pt; height: 25.45pt;\" valign=\"top\" width=\"293\">\n<p class=\"MsoNormal\">AIX MAURIENNE SAVOIE BASKET &#8211; PRO B<\/p>\n<\/td>\n<\/tr>\n<tr style=\"mso-yfti-irow: 18; height: 25.75pt;\">\n<td style=\"width: 219.75pt; border: solid windowtext 1.0pt; border-top: none; padding: 0cm 5.4pt 0cm 5.4pt; height: 25.75pt;\" valign=\"top\" width=\"293\">\n<p class=\"MsoNormal\">FEURS EF \u2013 NM1<\/p>\n<\/td>\n<td style=\"width: 219.75pt; border-top: none; border-left: none; border-bottom: solid windowtext 1.0pt; border-right: solid windowtext 1.0pt; padding: 0cm 5.4pt 0cm 5.4pt; height: 25.75pt;\" valign=\"top\" width=\"293\">\n<p class=\"MsoNormal\">JEANNE D\u2019ARC DE VICHY &#8211; PRO B<\/p>\n<\/td>\n<\/tr>\n<tr style=\"mso-yfti-irow: 19; height: 25.75pt;\">\n<td style=\"width: 219.75pt; border: solid windowtext 1.0pt; border-top: none; padding: 0cm 5.4pt 0cm 5.4pt; height: 25.75pt;\" valign=\"top\" width=\"293\">\n<p class=\"MsoNormal\">LYONSO BASKET \u2013 NM1<\/p>\n<\/td>\n<td style=\"width: 219.75pt; border-top: none; border-left: none; border-bottom: solid windowtext 1.0pt; border-right: solid windowtext 1.0pt; padding: 0cm 5.4pt 0cm 5.4pt; height: 25.75pt;\" valign=\"top\" width=\"293\">\n<p class=\"MsoNormal\">SAS FOS PROVENCE BASKET &#8211; PRO B<\/p>\n<\/td>\n<\/tr>\n<tr style=\"mso-yfti-irow: 20; height: 25.75pt;\">\n<td style=\"width: 219.75pt; border: solid windowtext 1.0pt; border-top: none; padding: 0cm 5.4pt 0cm 5.4pt; height: 25.75pt;\" valign=\"top\" width=\"293\">\n<p class=\"MsoNormal\">SAINT-VALLIER BASKET DR\u00d4ME \u2013 NM1<\/p>\n<\/td>\n<td style=\"width: 219.75pt; border-top: none; border-left: none; border-bottom: solid windowtext 1.0pt; border-right: solid windowtext 1.0pt; padding: 0cm 5.4pt 0cm 5.4pt; height: 25.75pt;\" valign=\"top\" width=\"293\">\n<p class=\"MsoNormal\">HYERES TOULON VAR BASKET &#8211; PRO B<\/p>\n<\/td>\n<\/tr>\n<tr style=\"mso-yfti-irow: 21; height: 25.75pt;\">\n<td style=\"width: 219.75pt; border: solid windowtext 1.0pt; border-top: none; padding: 0cm 5.4pt 0cm 5.4pt; height: 25.75pt;\" valign=\"top\" width=\"293\">\n<p class=\"MsoNormal\">UNION SPORTIVE AVIGNON\/PONTET \u2013 NM1<\/p>\n<\/td>\n<td style=\"width: 219.75pt; border-top: none; border-left: none; border-bottom: solid windowtext 1.0pt; border-right: solid windowtext 1.0pt; padding: 0cm 5.4pt 0cm 5.4pt; height: 25.75pt;\" valign=\"top\" width=\"293\">\n<p class=\"MsoNormal\">SA OLYMPIQUE ANTIBES JUAN LES PINS COTE D&rsquo;AZUR &#8211; PRO B<\/p>\n<\/td>\n<\/tr>\n<tr style=\"mso-yfti-irow: 22; mso-yfti-lastrow: yes; height: 25.75pt;\">\n<td style=\"width: 219.75pt; border: solid windowtext 1.0pt; border-top: none; padding: 0cm 5.4pt 0cm 5.4pt; height: 25.75pt;\" valign=\"top\" width=\"293\">\n<p class=\"MsoNormal\">BESANCON AVENIR COMTOIS \u2013 NM1<\/p>\n<\/td>\n<td style=\"width: 219.75pt; border-top: none; border-left: none; border-bottom: solid windowtext 1.0pt; border-right: solid windowtext 1.0pt; padding: 0cm 5.4pt 0cm 5.4pt; height: 25.75pt;\" valign=\"top\" width=\"293\">\n<p class=\"MsoNormal\">SAOS CHORALE DE ROANNE BASKET &#8211; PRO B<\/p>\n<\/td>\n<\/tr>\n","protected":false},"excerpt":{"rendered":"Les Coupes de France f\u00e9minines et masculines connaissent enfin leur tirage des1\/32e de finale pour le Troph\u00e9e Jo\u00eb&hellip;\n","protected":false},"author":2,"featured_media":238393,"comment_status":"","ping_status":"","sticky":false,"template":"","format":"standard","meta":{"footnotes":""},"categories":[1414],"tags":[1465,1464,1011,27,60],"class_list":{"0":"post-238392","1":"post","2":"type-post","3":"status-publish","4":"format-standard","5":"has-post-thumbnail","7":"category-basket","8":"tag-basket","9":"tag-basketball","10":"tag-fr","11":"tag-france","12":"tag-sports"},"share_on_mastodon":{"url":"https:\/\/pubeurope.com\/@fr\/114825076649869698","error":""},"_links":{"self":[{"href":"https:\/\/www.europesays.com\/fr\/wp-json\/wp\/v2\/posts\/238392","targetHints":{"allow":["GET"]}}],"collection":[{"href":"https:\/\/www.europesays.com\/fr\/wp-json\/wp\/v2\/posts"}],"about":[{"href":"https:\/\/www.europesays.com\/fr\/wp-json\/wp\/v2\/types\/post"}],"author":[{"embeddable":true,"href":"https:\/\/www.europesays.com\/fr\/wp-json\/wp\/v2\/users\/2"}],"replies":[{"embeddable":true,"href":"https:\/\/www.europesays.com\/fr\/wp-json\/wp\/v2\/comments?post=238392"}],"version-history":[{"count":0,"href":"https:\/\/www.europesays.com\/fr\/wp-json\/wp\/v2\/posts\/238392\/revisions"}],"wp:featuredmedia":[{"embeddable":true,"href":"https:\/\/www.europesays.com\/fr\/wp-json\/wp\/v2\/media\/238393"}],"wp:attachment":[{"href":"https:\/\/www.europesays.com\/fr\/wp-json\/wp\/v2\/media?parent=238392"}],"wp:term":[{"taxonomy":"category","embeddable":true,"href":"https:\/\/www.europesays.com\/fr\/wp-json\/wp\/v2\/categories?post=238392"},{"taxonomy":"post_tag","embeddable":true,"href":"https:\/\/www.europesays.com\/fr\/wp-json\/wp\/v2\/tags?post=238392"}],"curies":[{"name":"wp","href":"https:\/\/api.w.org\/{rel}","templated":true}]}}