{"id":238394,"date":"2025-07-09T20:06:12","date_gmt":"2025-07-09T20:06:12","guid":{"rendered":"https:\/\/www.europesays.com\/fr\/238394\/"},"modified":"2025-07-09T20:06:12","modified_gmt":"2025-07-09T20:06:12","slug":"morbidelli-en-danger-face-a-di-giannantonio-chez-vr46","status":"publish","type":"post","link":"https:\/\/www.europesays.com\/fr\/238394\/","title":{"rendered":"Morbidelli en danger face \u00e0 Di Giannantonio chez VR46"},"content":{"rendered":"<p>Apr\u00e8s un d\u00e9but de saison \u00e9clatant qui l\u2019a vu s\u2019installer confortablement \u00e0 la 4\u1d49 place du championnat, le pilote du team Pertamina Enduro VR46 voit son avance sur son co\u00e9quipier Fabio Di Giannantonio fondre dangereusement. Une r\u00e9alit\u00e9 qui ne trompe pas : \u00e0 trois points d\u2019\u00e9cart, la pression interne est tangible.<\/p>\n<p>Di Giannantonio progresse doucement mais s\u00fbrement, souvent pr\u00e9sent dans le top\u202f7, et met Morbidelli en alerte permanente. Cette rivalit\u00e9 sportive, n\u00e9e au sein m\u00eame de l\u2019\u00e9quipe, pourrait bien devenir le principal adversaire de l\u2019Italien ce week-end. Apr\u00e8s un week-end d\u00e9licat \u00e0 Assen, Morbidelli entend profiter du Sachsenring pour rebondir. L\u2019objectif est clair : r\u00e9affirmer son statut en se battant pour une place sur le podium, et surtout creuser un peu l\u2019\u00e9cart avec son co\u00e9quipier.<\/p>\n<p>Le trac\u00e9 allemand, \u00e0 la fois sinueux et peu conventionnel, demandera des r\u00e9glages pr\u00e9cis, un bon feeling au freinage et une gestion fine du rythme de course. Morbidelli sait que toute erreur sera pay\u00e9e cash, notamment face \u00e0 un adversaire pressant juste derri\u00e8re.<\/p>\n<blockquote>\n<p>\u201cJ\u2019ai h\u00e2te de courir au Sachsenring, \u00e7a a toujours \u00e9t\u00e9 un bon circuit pour nous. L\u2019ann\u00e9e derni\u00e8re, j\u2019ai fait une tr\u00e8s bonne course. Le circuit est tr\u00e8s particulier et nous devrons essayer d\u2019\u00eatre aussi pr\u00e9par\u00e9s que possible. Bien s\u00fbr, les r\u00e9glages sont tr\u00e8s sp\u00e9cifiques en raison des caract\u00e9ristiques uniques de ce circuit, mais nous sommes pr\u00eats. J\u2019ai beaucoup de bons souvenirs de ce circuit et j\u2019esp\u00e8re en cr\u00e9er de nouveaux cette ann\u00e9e avec l\u2019\u00e9quipe\u201d Explique Morbidelli, source : <a href=\"http:\/\/paddock-gp.com\" rel=\"nofollow noopener\" target=\"_blank\">paddock-gp.com<\/a><\/p>\n<\/blockquote>\n<p>Sur un fond de confiance, l\u2019Italien affiche une d\u00e9termination renforc\u00e9e : transformer la menace interne en motivation positive et en performance visible.<\/p>\n<p>    Partagez cette info avec vos amis et vos proches en cliquant ici  <\/p>\n<p> Podcasts \u00e0 la une MEN LIFE <\/p>\n<p>    MotoGP : Morbidelli sous pression, la menace vient de son propre camp<\/p>\n<p>Franco Morbidelli aborde le Grand Prix d\u2019Allemagne avec un objectif clair : reprendre de l\u2019air face \u00e0 un co\u00e9quipier devenu une vraie menace. Fabio Di Giannantonio n\u2019est plus qu\u2019\u00e0 trois points au championnat, et la dynamique actuelle penche en sa faveur. Une bataille interne qui pourrait peser lourd dans la suite de la saison pour le team VR46.<\/p>\n<p>R\u00e9dacteur<\/p>\n<p><img decoding=\"async\" width=\"76\" height=\"76\" loading=\"lazy\" src=\"https:\/\/www.europesays.com\/fr\/wp-content\/uploads\/2025\/04\/avatar-sport-am.png\" alt=\"Victor Teyssier\"\/><\/p>\n","protected":false},"excerpt":{"rendered":"Apr\u00e8s un d\u00e9but de saison \u00e9clatant qui l\u2019a vu s\u2019installer confortablement \u00e0 la 4\u1d49 place du championnat, le&hellip;\n","protected":false},"author":2,"featured_media":238395,"comment_status":"","ping_status":"","sticky":false,"template":"","format":"standard","meta":{"footnotes":""},"categories":[1413],"tags":[1011,27,1457,1456,60],"class_list":{"0":"post-238394","1":"post","2":"type-post","3":"status-publish","4":"format-standard","5":"has-post-thumbnail","7":"category-moto","8":"tag-fr","9":"tag-france","10":"tag-moto","11":"tag-motocycle","12":"tag-sports"},"share_on_mastodon":{"url":"https:\/\/pubeurope.com\/@fr\/114825081060754269","error":""},"_links":{"self":[{"href":"https:\/\/www.europesays.com\/fr\/wp-json\/wp\/v2\/posts\/238394","targetHints":{"allow":["GET"]}}],"collection":[{"href":"https:\/\/www.europesays.com\/fr\/wp-json\/wp\/v2\/posts"}],"about":[{"href":"https:\/\/www.europesays.com\/fr\/wp-json\/wp\/v2\/types\/post"}],"author":[{"embeddable":true,"href":"https:\/\/www.europesays.com\/fr\/wp-json\/wp\/v2\/users\/2"}],"replies":[{"embeddable":true,"href":"https:\/\/www.europesays.com\/fr\/wp-json\/wp\/v2\/comments?post=238394"}],"version-history":[{"count":0,"href":"https:\/\/www.europesays.com\/fr\/wp-json\/wp\/v2\/posts\/238394\/revisions"}],"wp:featuredmedia":[{"embeddable":true,"href":"https:\/\/www.europesays.com\/fr\/wp-json\/wp\/v2\/media\/238395"}],"wp:attachment":[{"href":"https:\/\/www.europesays.com\/fr\/wp-json\/wp\/v2\/media?parent=238394"}],"wp:term":[{"taxonomy":"category","embeddable":true,"href":"https:\/\/www.europesays.com\/fr\/wp-json\/wp\/v2\/categories?post=238394"},{"taxonomy":"post_tag","embeddable":true,"href":"https:\/\/www.europesays.com\/fr\/wp-json\/wp\/v2\/tags?post=238394"}],"curies":[{"name":"wp","href":"https:\/\/api.w.org\/{rel}","templated":true}]}}