{"id":238398,"date":"2025-07-09T20:08:10","date_gmt":"2025-07-09T20:08:10","guid":{"rendered":"https:\/\/www.europesays.com\/fr\/238398\/"},"modified":"2025-07-09T20:08:10","modified_gmt":"2025-07-09T20:08:10","slug":"tdf-tour-de-france-jordan-jegat-jaimerais-bien-viser-une-victoire-detape","status":"publish","type":"post","link":"https:\/\/www.europesays.com\/fr\/238398\/","title":{"rendered":"TDF. Tour de France &#8211; Jordan Jegat : \u00abJ&rsquo;aimerais bien viser une victoire d&rsquo;\u00e9tape\u00bb"},"content":{"rendered":"<p>14e du dernier <strong>Crit\u00e9rium du Dauphin\u00e9<\/strong>, <strong>Jordan Jegat <\/strong>est arriv\u00e9 sur ce<strong> <a href=\"https:\/\/www.cyclismactu.net\/..\/news-tdf-route-tour-de-france-evenepoel-chrono-de-5e-etape-pogacar-ecrase-vingegaard-88825.html\" target=\"_blank\" rel=\"nofollow noopener\">Tour de France<\/a><\/strong> avec de belles ambitions. Bien plac\u00e9 mais relativement discret depuis le d\u00e9but de cette 112e \u00e9dition, le Breton de la <strong>TotalEnergies<\/strong> a r\u00e9alis\u00e9 un contre-la-montre correct sur cette 5e \u00e9tape, en allant chercher la 43e place \u00e0 3&rsquo;15\u00a0\u00bb du vainqueur du jour <strong>Remco Evenepoel<\/strong> (Soudal Quick-Step). Mais cette fin de semaine pourrait bien lui convenir, avec plusieurs arriv\u00e9es propices aux baroudeurs et aux puncheurs. A l&rsquo;arriv\u00e9e de ce chrono, <strong>Jegat <\/strong>s&rsquo;est livr\u00e9 au micro de <strong>Cyclism&rsquo;Actu<\/strong>.<\/p>\n<p>Vid\u00e9o &#8211; Jordan Jegat \u00e0 l&rsquo;arriv\u00e9e de cette 5e \u00e9tape Lire la suite de l&rsquo;article&#13;<\/p>\n<p>\u00a0<\/p>\n<p>&#13;<br \/>\n\u00ab\u00a0\u00c9milien Jeanni\u00e8re,\u00a0c&rsquo;est tr\u00e8s dur\u00a0\u00bb&#13;<\/p>\n<p>\u00ab\u00a0C&rsquo;\u00e9tait un chrono tout plat, pour les sp\u00e9cialistes. ce n&rsquo;est pas ce que je pr\u00e9f\u00e8re, mais c&rsquo;est la premi\u00e8re fois que j&rsquo;ai des sansations assez correctes sur mon v\u00e9lo de chrono. Je n&rsquo;ai pas trop de rep\u00e8res sur ce genre d&rsquo;efforts, donc je ne suis pas parti assez vite\u00a0\u00bb, a d\u00e9clar\u00e9 le Breton, chez qui le <strong>Tour <\/strong>vient bient\u00f4t passer. \u00ab\u00a0Demain \u00e7a va \u00eatre sympa, on va essayer d&rsquo;\u00eatre \u00e0 l&rsquo;avant. C&rsquo;est toujours bien de passer en Bretagne, surtout \u00e0 Mur-de-Bretagne, c&rsquo;est mythique. De voir tout mes supporters et ma famille, \u00e7a va \u00eatre sympa.\u00a0\u00bb<\/p>\n<p>&#13;<\/p>\n<p>\u00ab\u00a0J&rsquo;aimerais bien essayer de viser une victoire d&rsquo;\u00e9tape, ou au moins de pouvoir jouer la victoire, d&rsquo;en \u00eatre pas loin. mais tant que j&rsquo;ai de bonnes sensations et que je me fais plaisir, ce sera un Tour r\u00e9ussi\u00a0\u00bb, poursuit <strong>Jegat<\/strong>, avant d&rsquo;\u00e9voquer le cas de son co\u00e9quipier <strong>\u00c9milien Jeanni\u00e8re<\/strong>, qui a d\u00fb abandonner au matin de cette 5e \u00e9tape. \u00ab\u00a0C&rsquo;est tr\u00e8s dur. Abandonner sur premier Tour sur chute, c&rsquo;est tr\u00e8s difficile mentalement, mais \u00e7a fait partie des al\u00e9as du cyclisme. gros respect \u00e0 lui d&rsquo;avoir quand m\u00eame fini l&rsquo;\u00e9tape d&rsquo;hier (mardi) avec une omoplate cass\u00e9e. Bon r\u00e9tablissement \u00e0 lui et il va faire une grosse fin de saison avec le couteau entre les dents.\u00a0\u00bb<\/p>\n<p>Tour de France &#8211; Classement de la 5\u00e8 \u00e9tape Tour de France &#8211; Classement g\u00e9n\u00e9ral provisoire apr\u00e8s la 5\u00e8 \u00e9tape<\/p>\n","protected":false},"excerpt":{"rendered":"14e du dernier Crit\u00e9rium du Dauphin\u00e9, Jordan Jegat est arriv\u00e9 sur ce Tour de France avec de belles&hellip;\n","protected":false},"author":2,"featured_media":238399,"comment_status":"","ping_status":"","sticky":false,"template":"","format":"standard","meta":{"footnotes":""},"categories":[1411],"tags":[1154,207,211,1011,27,209,60,210,212,208,213],"class_list":{"0":"post-238398","1":"post","2":"type-post","3":"status-publish","4":"format-standard","5":"has-post-thumbnail","7":"category-cyclisme","8":"tag-cycling","9":"tag-cyclisme","10":"tag-ffc","11":"tag-fr","12":"tag-france","13":"tag-route","14":"tag-sports","15":"tag-tour-de-france","16":"tag-uci","17":"tag-velo","18":"tag-world-tour"},"share_on_mastodon":{"url":"https:\/\/pubeurope.com\/@fr\/114825088812156336","error":""},"_links":{"self":[{"href":"https:\/\/www.europesays.com\/fr\/wp-json\/wp\/v2\/posts\/238398","targetHints":{"allow":["GET"]}}],"collection":[{"href":"https:\/\/www.europesays.com\/fr\/wp-json\/wp\/v2\/posts"}],"about":[{"href":"https:\/\/www.europesays.com\/fr\/wp-json\/wp\/v2\/types\/post"}],"author":[{"embeddable":true,"href":"https:\/\/www.europesays.com\/fr\/wp-json\/wp\/v2\/users\/2"}],"replies":[{"embeddable":true,"href":"https:\/\/www.europesays.com\/fr\/wp-json\/wp\/v2\/comments?post=238398"}],"version-history":[{"count":0,"href":"https:\/\/www.europesays.com\/fr\/wp-json\/wp\/v2\/posts\/238398\/revisions"}],"wp:featuredmedia":[{"embeddable":true,"href":"https:\/\/www.europesays.com\/fr\/wp-json\/wp\/v2\/media\/238399"}],"wp:attachment":[{"href":"https:\/\/www.europesays.com\/fr\/wp-json\/wp\/v2\/media?parent=238398"}],"wp:term":[{"taxonomy":"category","embeddable":true,"href":"https:\/\/www.europesays.com\/fr\/wp-json\/wp\/v2\/categories?post=238398"},{"taxonomy":"post_tag","embeddable":true,"href":"https:\/\/www.europesays.com\/fr\/wp-json\/wp\/v2\/tags?post=238398"}],"curies":[{"name":"wp","href":"https:\/\/api.w.org\/{rel}","templated":true}]}}