{"id":238400,"date":"2025-07-09T20:10:10","date_gmt":"2025-07-09T20:10:10","guid":{"rendered":"https:\/\/www.europesays.com\/fr\/238400\/"},"modified":"2025-07-09T20:10:10","modified_gmt":"2025-07-09T20:10:10","slug":"500-000-euros-par-an-lenorme-salaire-de-pierre-menes-devoile","status":"publish","type":"post","link":"https:\/\/www.europesays.com\/fr\/238400\/","title":{"rendered":"\u00ab\u00a0500.000 euros par an\u00a0\u00bb : l&rsquo;\u00e9norme salaire de Pierre M\u00e9n\u00e8s d\u00e9voil\u00e9"},"content":{"rendered":"<p>Depuis le lancement de son <strong>podcast <a href=\"https:\/\/www.instagram.com\/sashaelbaz\/\" target=\"_blank\" rel=\"noreferrer noopener nofollow\">La Baze<\/a><\/strong>, Sasha Elbaz multiplie les rencontres avec des personnalit\u00e9s vari\u00e9es. D&rsquo;Aqababe \u00e0 Michel Mary, en passant par Ritchy Thibault, l&rsquo;ancien chroniqueur de Touche Pas \u00e0 Mon Poste encha\u00eene les interviews. <\/p>\n<p>Ce dimanche 6 juillet 2025, il a ainsi re\u00e7u <a href=\"https:\/\/www.public.fr\/tag\/pierre-menes\" rel=\"nofollow noopener\" target=\"_blank\"><strong>Pierre M\u00e9n\u00e8s<\/strong><\/a>, qui est revenu sur sa chute libre suite aux <a href=\"https:\/\/www.public.fr\/elle-a-niqu-ma-vie-apres-la-plainte-pierre-menes-charge-une-nouvelle-fois-marie-portolano\" rel=\"nofollow noopener\" target=\"_blank\">accusations d&rsquo;agressions sexuelles port\u00e9es par Marie Portolano<\/a>, Isabelle Moreau, une h\u00f4tesse du Parc des Princes, ainsi que le baiser forc\u00e9 inflig\u00e9 \u00e0 Francesca Antoniotti sur C8. Des scandales qui lui ont co\u00fbt\u00e9 tr\u00e8s cher. <\/p>\n<p>100.000 euros par an gr\u00e2ce \u00e0 Canal +<\/p>\n<p>Pendant longtemps, Pierre M\u00e9n\u00e8s a men\u00e9 une vie de pacha, mais il a d\u00fb revoir son style de vie \u00e0 la baisse apr\u00e8s avoir \u00e9t\u00e9 l\u00e2ch\u00e9 par ses employeurs. <\/p>\n<p>\u00ab\u00a0<strong>Maintenant, j\u2019ai fait ma petite cha\u00eene YouTube qui ne me rapporte rien du tout. \u00c7a rapporte, allez, quoi, mille balles par mois ? J&rsquo;ai ma retraite, j&rsquo;ai ma pension d\u2019invalidit\u00e9 que je touche tant que je ne suis pas \u00e0 la retraite<\/strong>\u00ab\u00a0, a-t-il confi\u00e9 avant d&rsquo;\u00e9voquer ses anciens salaires&#8230; bien plus \u00e9lev\u00e9s. <\/p>\n<p>Chez Canal+, Pierre M\u00e9n\u00e8s gagnait environ <strong>100.000 euros par an<\/strong>, auxquels s&rsquo;ajoutaient <strong>120 \u00e0 130.000 euros annuels gr\u00e2ce \u00e0 ses droits \u00e0 l&rsquo;image<\/strong>. En plus de ses r\u00f4les \u00e0 la t\u00e9l\u00e9vision et en tant qu&rsquo;ambassadeur pour Unibet, il pr\u00eatait aussi sa voix, de 2016 \u00e0 2021, au c\u00e9l\u00e8bre jeu vid\u00e9o FIFA, une collaboration tr\u00e8s lucrative.<\/p>\n<p>\u00ab\u00a0Avec le contrat d&rsquo;ambassadeur du jeu, c&rsquo;\u00e9tait <strong>80 000 balles par an<\/strong>. (&#8230;) C&rsquo;\u00e9tait quinze jours, trois semaines d&rsquo;enregistrements dans une pi\u00e8ce qui faisait quatre fois la taille de la table, l\u00e0, un \u00e9cran d&rsquo;ordinateur et des phrases \u00e0 lire pendant des jours entiers. C&rsquo;\u00e9tait tr\u00e8s gratifiant, le r\u00e9sultat, le rendu \u00e0 la fin. Mais \u00e0 faire, c&rsquo;\u00e9tait un cauchemar\u00a0\u00bb, a-t-il expliqu\u00e9. <\/p>\n<p>Pierre M\u00e9n\u00e8s : \u00ab\u00a0L&rsquo;argent me manque\u00a0\u00bb<\/p>\n<p>Gr\u00e2ce \u00e0 ses revenus chez Canal+, FIFA et Unibet, Pierre M\u00e9n\u00e8s touchait environ <strong>500.000 euros par an<\/strong>. Une somme qui semble d\u00e9sormais lui manquer. <\/p>\n<p>\u00ab\u00a0L&rsquo;argent, \u00e7a me manque, oui, \u00e9videmment, parce qu&rsquo;aujourd&rsquo;hui, je n&rsquo;ai plus rien. J&rsquo;ai quand m\u00eame beaucoup cotis\u00e9, je vais avoir une belle retraite de 4 500, 5 000 euros\u00a0\u00bb, a-t-il conclu. <\/p>\n<p>      Mentionn\u00e9s dans cet article<\/p>\n<p>\u00c0 lire aussi<\/p>\n<p><script async src=\"\/\/www.instagram.com\/embed.js\"><\/script><\/p>\n","protected":false},"excerpt":{"rendered":"Depuis le lancement de son podcast La Baze, Sasha Elbaz multiplie les rencontres avec des personnalit\u00e9s vari\u00e9es. D&rsquo;Aqababe&hellip;\n","protected":false},"author":2,"featured_media":238401,"comment_status":"","ping_status":"","sticky":false,"template":"","format":"standard","meta":{"footnotes":""},"categories":[1359],"tags":[10474,58,59,2269,1011,27,973,27885,14099],"class_list":{"0":"post-238400","1":"post","2":"type-post","3":"status-publish","4":"format-standard","5":"has-post-thumbnail","7":"category-people","8":"tag-canal","9":"tag-divertissement","10":"tag-entertainment","11":"tag-fifa","12":"tag-fr","13":"tag-france","14":"tag-people","15":"tag-pierre-menes","16":"tag-salaire"},"share_on_mastodon":{"url":"https:\/\/pubeurope.com\/@fr\/114825096607401482","error":""},"_links":{"self":[{"href":"https:\/\/www.europesays.com\/fr\/wp-json\/wp\/v2\/posts\/238400","targetHints":{"allow":["GET"]}}],"collection":[{"href":"https:\/\/www.europesays.com\/fr\/wp-json\/wp\/v2\/posts"}],"about":[{"href":"https:\/\/www.europesays.com\/fr\/wp-json\/wp\/v2\/types\/post"}],"author":[{"embeddable":true,"href":"https:\/\/www.europesays.com\/fr\/wp-json\/wp\/v2\/users\/2"}],"replies":[{"embeddable":true,"href":"https:\/\/www.europesays.com\/fr\/wp-json\/wp\/v2\/comments?post=238400"}],"version-history":[{"count":0,"href":"https:\/\/www.europesays.com\/fr\/wp-json\/wp\/v2\/posts\/238400\/revisions"}],"wp:featuredmedia":[{"embeddable":true,"href":"https:\/\/www.europesays.com\/fr\/wp-json\/wp\/v2\/media\/238401"}],"wp:attachment":[{"href":"https:\/\/www.europesays.com\/fr\/wp-json\/wp\/v2\/media?parent=238400"}],"wp:term":[{"taxonomy":"category","embeddable":true,"href":"https:\/\/www.europesays.com\/fr\/wp-json\/wp\/v2\/categories?post=238400"},{"taxonomy":"post_tag","embeddable":true,"href":"https:\/\/www.europesays.com\/fr\/wp-json\/wp\/v2\/tags?post=238400"}],"curies":[{"name":"wp","href":"https:\/\/api.w.org\/{rel}","templated":true}]}}