{"id":238410,"date":"2025-07-09T20:16:10","date_gmt":"2025-07-09T20:16:10","guid":{"rendered":"https:\/\/www.europesays.com\/fr\/238410\/"},"modified":"2025-07-09T20:16:10","modified_gmt":"2025-07-09T20:16:10","slug":"votre-cerumen-peut-reveler-si-vous-souffrez-de-cette-maladie","status":"publish","type":"post","link":"https:\/\/www.europesays.com\/fr\/238410\/","title":{"rendered":"Votre c\u00e9rumen peut r\u00e9v\u00e9ler si vous souffrez de cette maladie"},"content":{"rendered":"<p data-start=\"223\" data-end=\"661\"><strong>Et si un simple<br \/>\npr\u00e9l\u00e8vement de cire d\u2019oreille permettait de diagnostiquer<br \/>\npr\u00e9cocement la maladie de Parkinson\u202f? Aussi surprenant que cela<br \/>\npuisse para\u00eetre, c\u2019est bien ce que sugg\u00e8re une <a href=\"https:\/\/doi.org\/10.1021\/acs.analchem.5c00908\" target=\"_blank\" rel=\"noopener nofollow\">nouvelle \u00e9tude<\/a> men\u00e9e par des chercheurs chinois. En<br \/>\nanalysant le c\u00e9rumen, ces scientifiques ont d\u00e9tect\u00e9 des marqueurs<br \/>\nchimiques caract\u00e9ristiques de cette pathologie neurologique,<br \/>\nouvrant la voie \u00e0 un d\u00e9pistage simple, non invasif et peu<br \/>\nco\u00fbteux.<\/strong><\/p>\n<p>Une odeur qui en dit long<\/p>\n<p data-start=\"694\" data-end=\"1036\">Depuis quelques ann\u00e9es d\u00e9j\u00e0,<br \/>\ndes observations anecdotiques laissaient entendre que les personnes<br \/>\natteintes de <a href=\"https:\/\/sciencepost.fr\/il-existe-un-lien-inattendu-entre-les-terrains-de-golf-et-la-maladie-de-parkinson\/\" target=\"_blank\" rel=\"noopener nofollow\">Parkinson<\/a> pr\u00e9sentaient un s\u00e9bum<br \/>\nau parfum particulier. Ce s\u00e9bum \u2013 une huile corporelle produite par<br \/>\nla peau \u2013 renferme des compos\u00e9s organiques volatils (COV) dont la<br \/>\ncomposition semble \u00e9voluer en fonction de l\u2019\u00e9tat de sant\u00e9.<\/p>\n<p data-start=\"1038\" data-end=\"1381\">Chez les patients<br \/>\nparkinsoniens, ces COV seraient modifi\u00e9s par plusieurs processus<br \/>\npathologiques tels que la neurod\u00e9g\u00e9n\u00e9rescence, le stress oxydatif<br \/>\nou encore l\u2019inflammation syst\u00e9mique. Probl\u00e8me\u202f: le s\u00e9bum est expos\u00e9<br \/>\n\u00e0 l\u2019environnement (pollution, humidit\u00e9), ce qui le rend difficile \u00e0<br \/>\nutiliser de mani\u00e8re fiable pour le diagnostic.<\/p>\n<p data-start=\"1383\" data-end=\"1589\">C\u2019est l\u00e0 qu\u2019intervient une<br \/>\nid\u00e9e ing\u00e9nieuse : plut\u00f4t que de se tourner vers la peau, les<br \/>\nchercheurs ont d\u00e9cid\u00e9 d\u2019analyser une autre source de s\u00e9bum bien<br \/>\nmieux prot\u00e9g\u00e9e\u2026 le c\u00e9rumen, ou cire d\u2019oreille.<\/p>\n<p>La cire d\u2019oreille, nouvelle<br \/>\npiste pour la m\u00e9decine<\/p>\n<p data-start=\"1647\" data-end=\"1989\">Prot\u00e9g\u00e9 au fond du conduit<br \/>\nauditif, le c\u00e9rumen est peu alt\u00e9r\u00e9 par l\u2019environnement ext\u00e9rieur.<br \/>\nIl constitue ainsi une source pr\u00e9cieuse et stable d\u2019information<br \/>\nbiologique. Pour tester cette hypoth\u00e8se, une \u00e9quipe de chercheurs a<br \/>\ncollect\u00e9 des \u00e9chantillons de cire chez 209 participants, dont 108<br \/>\nsouffraient de la maladie de Parkinson.<\/p>\n<p data-start=\"1991\" data-end=\"2366\">Gr\u00e2ce \u00e0 des techniques de<br \/>\npointe, comme la chromatographie en phase gazeuse et la<br \/>\nspectrom\u00e9trie de masse, ils ont pu dresser le profil chimique<br \/>\npr\u00e9cis des COV pr\u00e9sents dans ces \u00e9chantillons. R\u00e9sultat : quatre<br \/>\ncompos\u00e9s volatils \u2013 notamment l\u2019\u00e9thylbenz\u00e8ne et le pentanal \u2013 se<br \/>\nsont r\u00e9v\u00e9l\u00e9s significativement plus pr\u00e9sents chez les patients<br \/>\natteints de Parkinson.<\/p>\n<p>Une IA capable de flairer la<br \/>\nmaladie<\/p>\n<p data-start=\"2410\" data-end=\"2777\">Mais les chercheurs ne se sont<br \/>\npas arr\u00eat\u00e9s l\u00e0. \u00c0 partir de ces donn\u00e9es chimiques, ils ont entra\u00een\u00e9<br \/>\nun syst\u00e8me d\u2019intelligence artificielle capable de diff\u00e9rencier les<br \/>\nprofils malades des profils sains. Et les r\u00e9sultats sont bluffants<br \/>\n: 94 % de pr\u00e9cision dans la d\u00e9tection de la maladie. Une<br \/>\nperformance qui rivalise avec certains tests cliniques d\u00e9j\u00e0 en<br \/>\nplace.<\/p>\n<p data-start=\"2779\" data-end=\"3118\">Bien entendu, l\u2019\u00e9tude reste<br \/>\npour l\u2019instant pr\u00e9liminaire. Elle a \u00e9t\u00e9 men\u00e9e dans un seul centre<br \/>\nen Chine, sur un \u00e9chantillon relativement restreint. Les chercheurs<br \/>\ninsistent donc sur la n\u00e9cessit\u00e9 de reproduire l\u2019exp\u00e9rience \u00e0 plus<br \/>\ngrande \u00e9chelle, dans diff\u00e9rents pays, sur plusieurs groupes<br \/>\nethniques et \u00e0 divers stades de la maladie.<\/p>\n<p><img loading=\"lazy\" data-lazyloaded=\"1\" decoding=\"async\" class=\"size-full wp-image-312323\" src=\"https:\/\/www.europesays.com\/fr\/wp-content\/uploads\/2025\/07\/pexels-martabranco-30912080-scaled.jpg\" alt=\"c\u00e9rumen\" width=\"2048\" height=\"1365\"  data-\/><br \/>\nCr\u00e9dits : Marta BrancoUn enjeu de sant\u00e9 publique<br \/>\ncolossal<\/p>\n<p data-start=\"3161\" data-end=\"3476\">La maladie de Parkinson est la<br \/>\ndeuxi\u00e8me pathologie neurod\u00e9g\u00e9n\u00e9rative la plus fr\u00e9quente dans le<br \/>\nmonde, juste apr\u00e8s Alzheimer. Elle touche principalement les<br \/>\npersonnes \u00e2g\u00e9es, mais son diagnostic est souvent tardif, une fois<br \/>\nque les sympt\u00f4mes moteurs (tremblements, lenteur, raideur\u2026) sont<br \/>\nd\u00e9j\u00e0 bien install\u00e9s.<\/p>\n<p data-start=\"3478\" data-end=\"3737\">Or, \u00e0 ce stade, les<br \/>\ntraitements actuels ne peuvent que ralentir la progression de la<br \/>\nmaladie, sans la gu\u00e9rir. D\u2019o\u00f9 l\u2019enjeu vital de d\u00e9velopper des<br \/>\noutils de d\u00e9pistage pr\u00e9coce, qui permettraient d\u2019intervenir avant<br \/>\nque le cerveau ne soit trop endommag\u00e9.<\/p>\n<p data-start=\"3739\" data-end=\"4019\">Selon les estimations, jusqu\u2019\u00e0<br \/>\nun million d\u2019Am\u00e9ricains pourraient \u00eatre atteints de Parkinson sans<br \/>\nle savoir. Avec un co\u00fbt de traitement de plus de 14 milliards de<br \/>\ndollars par an et une population vieillissante, le besoin de<br \/>\nsolutions innovantes est plus urgent que jamais.<\/p>\n<p>Un avenir dans vos oreilles<br \/>\n?<\/p>\n<p data-start=\"4056\" data-end=\"4359\">Si elle est confirm\u00e9e par<br \/>\nd\u2019autres \u00e9tudes, cette approche par le c\u00e9rumen pourrait bien<br \/>\nr\u00e9volutionner le d\u00e9pistage de la maladie de Parkinson. Elle<br \/>\noffrirait une m\u00e9thode rapide, simple, peu co\u00fbteuse et non invasive,<br \/>\naccessible m\u00eame dans les r\u00e9gions o\u00f9 les infrastructures m\u00e9dicales<br \/>\nsont limit\u00e9es.<\/p>\n<p data-start=\"4361\" data-end=\"4658\">Autrement dit : une simple<br \/>\ngoutte de cire pourrait bient\u00f4t suffire \u00e0 d\u00e9tecter l\u2019une des<br \/>\nmaladies les plus redoutables du vieillissement. Et ce n\u2019est<br \/>\npeut-\u00eatre qu\u2019un d\u00e9but. La m\u00e9decine olfactive \u2013 autrefois rel\u00e9gu\u00e9e \u00e0<br \/>\nl\u2019anecdote \u2013 pourrait bien faire son grand retour\u2026 au creux de nos<br \/>\noreilles.<\/p>\n","protected":false},"excerpt":{"rendered":"Et si un simple pr\u00e9l\u00e8vement de cire d\u2019oreille permettait de diagnostiquer pr\u00e9cocement la maladie de Parkinson\u202f? Aussi surprenant&hellip;\n","protected":false},"author":2,"featured_media":238411,"comment_status":"","ping_status":"","sticky":false,"template":"","format":"standard","meta":{"footnotes":""},"categories":[10],"tags":[1011,27,72,71],"class_list":{"0":"post-238410","1":"post","2":"type-post","3":"status-publish","4":"format-standard","5":"has-post-thumbnail","7":"category-sante","8":"tag-fr","9":"tag-france","10":"tag-health","11":"tag-sante"},"share_on_mastodon":{"url":"https:\/\/pubeurope.com\/@fr\/114825119935534445","error":""},"_links":{"self":[{"href":"https:\/\/www.europesays.com\/fr\/wp-json\/wp\/v2\/posts\/238410","targetHints":{"allow":["GET"]}}],"collection":[{"href":"https:\/\/www.europesays.com\/fr\/wp-json\/wp\/v2\/posts"}],"about":[{"href":"https:\/\/www.europesays.com\/fr\/wp-json\/wp\/v2\/types\/post"}],"author":[{"embeddable":true,"href":"https:\/\/www.europesays.com\/fr\/wp-json\/wp\/v2\/users\/2"}],"replies":[{"embeddable":true,"href":"https:\/\/www.europesays.com\/fr\/wp-json\/wp\/v2\/comments?post=238410"}],"version-history":[{"count":0,"href":"https:\/\/www.europesays.com\/fr\/wp-json\/wp\/v2\/posts\/238410\/revisions"}],"wp:featuredmedia":[{"embeddable":true,"href":"https:\/\/www.europesays.com\/fr\/wp-json\/wp\/v2\/media\/238411"}],"wp:attachment":[{"href":"https:\/\/www.europesays.com\/fr\/wp-json\/wp\/v2\/media?parent=238410"}],"wp:term":[{"taxonomy":"category","embeddable":true,"href":"https:\/\/www.europesays.com\/fr\/wp-json\/wp\/v2\/categories?post=238410"},{"taxonomy":"post_tag","embeddable":true,"href":"https:\/\/www.europesays.com\/fr\/wp-json\/wp\/v2\/tags?post=238410"}],"curies":[{"name":"wp","href":"https:\/\/api.w.org\/{rel}","templated":true}]}}