{"id":238413,"date":"2025-07-09T20:18:10","date_gmt":"2025-07-09T20:18:10","guid":{"rendered":"https:\/\/www.europesays.com\/fr\/238413\/"},"modified":"2025-07-09T20:18:10","modified_gmt":"2025-07-09T20:18:10","slug":"malgre-leur-separation-orlando-bloom-partage-des-photos-de-ses-vacances-avec-katy-perry","status":"publish","type":"post","link":"https:\/\/www.europesays.com\/fr\/238413\/","title":{"rendered":"Malgr\u00e9 leur s\u00e9paration, Orlando Bloom partage des photos de ses vacances avec Katy Perry"},"content":{"rendered":"<p>    Orlando Bloom en vacances avec Katy Perry, leur fille Daisy Dove et son fils issu de sa relation avec la mannequin Miranda Kerr, Flynn.<br \/>\n                Instagram @orlandobloom<\/p>\n<p>R\u00e9conciliation ou simple bonne entente pour le bien de leur fille\u00a0? Moins d\u2019une semaine apr\u00e8s l\u2019officialisation de leur s\u00e9paration le 3 juillet dernier, Orlando Bloom a partag\u00e9 des clich\u00e9s de ses vacances en compagnie de son ex, Katy Perry.<\/p>\n<p class=\"fig-paragraph\">De la r\u00e9conciliation dans l\u2019air\u00a0? L\u2019histoire entre\u00a0<a href=\"https:\/\/madame.lefigaro.fr\/tag\/orlando-bloom\" target=\"_blank\" rel=\"sponsored noopener\" data-gtm-custom-categorie=\"navigation\" data-gtm-custom-action=\"crossclick\" data-gtm-custom-label=\"Contextuel\" data-gtm-event=\"customEventSPE\">Orlando Bloom<\/a>\u00a0et\u00a0<a href=\"https:\/\/madame.lefigaro.fr\/tag\/katy-perry\" target=\"_blank\" rel=\"sponsored noopener\" data-gtm-custom-categorie=\"navigation\" data-gtm-custom-action=\"crossclick\" data-gtm-custom-label=\"Contextuel\" data-gtm-event=\"customEventSPE\">Katy Perry<\/a>\u00a0est difficile \u00e0 suivre ces derni\u00e8res semaines. Apr\u00e8s plusieurs semaines de sp\u00e9culations autour de tensions et d\u2019une \u00e9ventuelle rupture, le couple a confirm\u00e9 sa s\u00e9paration via un communiqu\u00e9 commun publi\u00e9 le 3 juillet dernier, avant de\u00a0<a href=\"http:\/\/madame.lefigaro.fr\/celebrites\/actu-people\/katy-perry-et-orlando-bloom-apercus-ensemble-sur-le-yacht-de-jeff-bezos-une-semaine-apres-leur-rupture-20250707\" data-fig-type=\"Article\" data-gtm-custom-categorie=\"navigation\" data-gtm-custom-action=\"crossclick\" data-gtm-custom-label=\"Contextuel\" data-gtm-event=\"customEventSPE\" data-fig-domain=\"MADAME\" target=\"_blank\" rel=\"noopener\">r\u00e9appara\u00eetre finalement quelques jours plus tard sur le yacht de Jeff Bezos<\/a>. \u00abEn raison de l\u2019abondance de l\u2019int\u00e9r\u00eat autour de la relation d\u2019Orlando Bloom et de Katy Perry, leurs repr\u00e9sentants ont confirm\u00e9 qu\u2019ils ont modifi\u00e9 leur relation au cours des derniers mois pour se concentrer sur la coparentalit\u00e9\u00bb, indiquait l\u2019\u00e9crit, pr\u00e9cisant qu\u2019ils continueraient toutefois \u00ab\u00e0 \u00eatre vus ensemble en tant que famille\u00bb pour le bien de leur fille, Daisy Dove, \u00e2g\u00e9e de 4 ans et demi.<\/p>\n<p class=\"fig-paragraph\">Une d\u00e9claration qui explique alors les derni\u00e8res photos publi\u00e9es ce mercredi par Orlando Bloom sur son compte Instagram. Parmi la dizaine de clich\u00e9s partag\u00e9s par l\u2019acteur de 48 ans, l\u2019un d\u2019eux le montre aux c\u00f4t\u00e9s de sa famille recompos\u00e9e au grand complet\u00a0: son ex-fianc\u00e9e dans son bras droit, sa fille sur ses \u00e9paules et son fils, Flynn, 14 ans, n\u00e9 de sa relation avec le mannequin\u00a0<a href=\"https:\/\/madame.lefigaro.fr\/tag\/miranda-kerr\" target=\"_blank\" rel=\"sponsored noopener\" data-gtm-custom-categorie=\"navigation\" data-gtm-custom-action=\"crossclick\" data-gtm-custom-label=\"Contextuel\" data-gtm-event=\"customEventSPE\">Miranda Kerr<\/a>, dans son autre bras.<\/p>\n<p class=\"fig-body-link&#10;    \">\n            \u00c0 lire aussi<br \/>\n        <a class=\"fig-body-link__link\" href=\"http:\/\/madame.lefigaro.fr\/celebrites\/actu-people\/leur-priorite-commune-sera-toujours-leur-fille-katy-perry-et-orlando-bloom-confirment-officiellement-leur-rupture-20250704\" data-fig-type=\"Article\" data-gtm-custom-categorie=\"navigation\" data-gtm-custom-action=\"crossclick\" data-gtm-custom-label=\"Contextuel\" data-gtm-event=\"customEventSPE\" data-fig-domain=\"MADAME\" target=\"_blank\" rel=\"noopener\">\u00abLeur priorit\u00e9 commune sera toujours leur fille\u00bb\u00a0: Katy Perry et Orlando Bloom confirment officiellement leur rupture<\/a>\n<\/p>\n<p>                                    <a class=\"fig-a11y-skip a11y-hidden\" href=\"#fig-a11y-skip-main-inarticle\"><br \/>\n        Passer la publicit\u00e9<br \/>\n    <\/a><\/p>\n<p>Une priorit\u00e9 commune<\/p>\n<p class=\"fig-paragraph\">Les deux ex n\u2019ont donc a priori aucune intention de se remettre ensemble. \u00abLeur priorit\u00e9 commune est, et sera toujours, d\u2019\u00e9lever leur fille avec amour, stabilit\u00e9 et respect mutuel\u00bb, indiquait \u00e9galement le communiqu\u00e9 officiel.<\/p>\n<p class=\"fig-paragraph\">Mais quelques jours plus t\u00f4t d\u00e9j\u00e0, des proches du couple avaient confirm\u00e9 leur volont\u00e9 mutuelle de rester de bons parents malgr\u00e9 la s\u00e9paration. \u00abKaty a la ferme intention de maintenir une relation de coparentalit\u00e9 positive et respectueuse avec Orlando, a d\u00e9clar\u00e9 une source \u00e0\u00a0<a href=\"https:\/\/people.com\/katy-perry-wants-positive-co-parenting-with-orlando-bloom-exclusive-11762050\" target=\"_blank\" rel=\"sponsored noopener\" data-gtm-custom-categorie=\"navigation\" data-gtm-custom-action=\"crossclick\" data-gtm-custom-label=\"Contextuel\" data-gtm-event=\"customEventSPE\">People<\/a> . Il est le p\u00e8re de leur fille et cela passera toujours en premier pour elle. (&#8230;) Ils sont toujours tr\u00e8s en contact et pour le bien de leur fille, ils se sont engag\u00e9s \u00e0 garder les choses \u00e0 l\u2019amiable.\u00bb Des parents mod\u00e8les.<\/p>\n","protected":false},"excerpt":{"rendered":"Orlando Bloom en vacances avec Katy Perry, leur fille Daisy Dove et son fils issu de sa relation&hellip;\n","protected":false},"author":2,"featured_media":238414,"comment_status":"","ping_status":"","sticky":false,"template":"","format":"standard","meta":{"footnotes":""},"categories":[8],"tags":[58,59,1011,27,8553,33392,6685],"class_list":{"0":"post-238413","1":"post","2":"type-post","3":"status-publish","4":"format-standard","5":"has-post-thumbnail","7":"category-divertissement","8":"tag-divertissement","9":"tag-entertainment","10":"tag-fr","11":"tag-france","12":"tag-katy-perry","13":"tag-orlando-bloom","14":"tag-separation"},"share_on_mastodon":{"url":"https:\/\/pubeurope.com\/@fr\/114825128346427486","error":""},"_links":{"self":[{"href":"https:\/\/www.europesays.com\/fr\/wp-json\/wp\/v2\/posts\/238413","targetHints":{"allow":["GET"]}}],"collection":[{"href":"https:\/\/www.europesays.com\/fr\/wp-json\/wp\/v2\/posts"}],"about":[{"href":"https:\/\/www.europesays.com\/fr\/wp-json\/wp\/v2\/types\/post"}],"author":[{"embeddable":true,"href":"https:\/\/www.europesays.com\/fr\/wp-json\/wp\/v2\/users\/2"}],"replies":[{"embeddable":true,"href":"https:\/\/www.europesays.com\/fr\/wp-json\/wp\/v2\/comments?post=238413"}],"version-history":[{"count":0,"href":"https:\/\/www.europesays.com\/fr\/wp-json\/wp\/v2\/posts\/238413\/revisions"}],"wp:featuredmedia":[{"embeddable":true,"href":"https:\/\/www.europesays.com\/fr\/wp-json\/wp\/v2\/media\/238414"}],"wp:attachment":[{"href":"https:\/\/www.europesays.com\/fr\/wp-json\/wp\/v2\/media?parent=238413"}],"wp:term":[{"taxonomy":"category","embeddable":true,"href":"https:\/\/www.europesays.com\/fr\/wp-json\/wp\/v2\/categories?post=238413"},{"taxonomy":"post_tag","embeddable":true,"href":"https:\/\/www.europesays.com\/fr\/wp-json\/wp\/v2\/tags?post=238413"}],"curies":[{"name":"wp","href":"https:\/\/api.w.org\/{rel}","templated":true}]}}