{"id":238415,"date":"2025-07-09T20:19:12","date_gmt":"2025-07-09T20:19:12","guid":{"rendered":"https:\/\/www.europesays.com\/fr\/238415\/"},"modified":"2025-07-09T20:19:12","modified_gmt":"2025-07-09T20:19:12","slug":"ces-fossiles-de-coraux-marins-revelent-un-ancien-effondrement-climatique-brutal","status":"publish","type":"post","link":"https:\/\/www.europesays.com\/fr\/238415\/","title":{"rendered":"Ces fossiles de coraux marins r\u00e9v\u00e8lent un ancien effondrement climatique brutal"},"content":{"rendered":"<p><img fetchpriority=\"high\" decoding=\"async\" width=\"1024\" height=\"559\" src=\"https:\/\/www.europesays.com\/fr\/wp-content\/uploads\/2025\/07\/faussiles-coraux-marins-ancien-effondrement-climatique-1024x559.webp.webp\" alt=\"R\u00e9cif corallien color\u00e9 avec poissons tropicaux dans une mer peu profonde\" class=\"wp-image-982471\"  \/>Les r\u00e9cifs coralliens, t\u00e9moins des bouleversements climatiques pass\u00e9s, pourraient bien nous alerter sur ceux \u00e0 venir<\/p>\n<p><strong>Et si les r\u00e9cifs coralliens fossiles \u00e9taient les bo\u00eetes noires du <a href=\"https:\/\/dailygeekshow.com\/climat-une-etoile-aurait-declenche-un-bouleversement-planetaire-il-y-a-56-millions-dannees-et-si-cela-pouvait-recommencer\/\" rel=\"nofollow noopener\" target=\"_blank\">climat<\/a> pass\u00e9 ? Une \u00e9quipe de chercheurs a lu dans les strates calcaires des Seychelles un avertissement sans appel : la mer peut monter vite, tr\u00e8s vite. Et ce n\u2019est pas une bonne nouvelle pour notre futur.<\/strong><\/p>\n<p>Des coraux fossiles qui parlent\u2026 et ce qu\u2019ils disent est gla\u00e7ant<\/p>\n<p>Certains lisent l\u2019avenir dans le marc de caf\u00e9. D\u2019autres dans les mod\u00e8les climatiques. Mais parfois, ce sont <strong>les archives g\u00e9ologiques elles-m\u00eames<\/strong> qui crient l\u2019alerte. C\u2019est le cas des <strong>coraux <a href=\"https:\/\/dailygeekshow.com\/fossile-champignon-infection-zombie\/\" rel=\"nofollow noopener\" target=\"_blank\">fossilis\u00e9s<\/a><\/strong> des Seychelles. Selon une \u00e9tude publi\u00e9e dans Science Advances, ils montrent que <strong>le niveau de la mer a d\u00e9j\u00e0 connu des hausses soudaines et brutales<\/strong>, \u00e0 une \u00e9poque o\u00f9 la Terre connaissait un r\u00e9chauffement naturel. Et cette d\u00e9couverte donne un s\u00e9rieux coup de froid sur nos certitudes climatiques.<\/p>\n<p>Lire aussi <a href=\"https:\/\/dailygeekshow.com\/changement-de-cible-pour-lasteroide-la-nasa-surveille-un-point-inattendu-du-systeme-solaire\/\" rel=\"nofollow noopener\" target=\"_blank\">Changement de cible pour l\u2019ast\u00e9ro\u00efde : la NASA surveille un point inattendu du Syst\u00e8me solaire<\/a><\/p>\n<p><img loading=\"lazy\" decoding=\"async\" width=\"1024\" height=\"559\" src=\"https:\/\/www.europesays.com\/fr\/wp-content\/uploads\/2025\/07\/andrea-dutton-auteur-etude-universite-sydney-1024x559.webp.webp\" alt=\"La scientifique Andrea Dutton inspecte un affleurement rocheux contenant des coraux fossiles aux Seychelles\" class=\"wp-image-982475\"  \/><a href=\"https:\/\/geoscience.wisc.edu\/people\/dutton-andrea\/\" rel=\"nofollow noopener\" target=\"_blank\">Andrea Dutton<\/a>, auteure principale de <a href=\"https:\/\/www.science.org\/doi\/10.1126\/sciadv.adu3701\" rel=\"nofollow noopener\" target=\"_blank\">l\u2019\u00e9tude<\/a>, analyse un r\u00e9cif fossile sur granit \u00e0 La Digue, r\u00e9v\u00e9lateur d\u2019un pass\u00e9 climatique instable \u2013 \u00a9 Belinda Dechnik, Universit\u00e9 de Sydney<\/p>\n<p>En analysant des <strong>r\u00e9cifs coralliens anciens<\/strong> situ\u00e9s au-dessus du niveau actuel de la mer, une \u00e9quipe internationale a pu dater trois \u00e9pisodes de <strong>mont\u00e9e rapide du niveau marin<\/strong> survenus entre 123 000 et 122 000 ans. Autrement dit, en pleine p\u00e9riode interglaciaire. Le plus inqui\u00e9tant ? Ces hausses n\u2019\u00e9taient pas progressives : elles se sont produites en seulement quelques si\u00e8cles, \u00e0 un rythme qui surpasse largement les pr\u00e9visions actuelles. Par cons\u00e9quent, elles pourraient nous offrir un aper\u00e7u r\u00e9aliste du pire sc\u00e9nario.<\/p>\n<p>Un message d\u2019alerte pour notre \u00e9poque\u2026 et pour l\u2019Antarctique<\/p>\n<p>Ces donn\u00e9es fossiles r\u00e9v\u00e8lent une v\u00e9rit\u00e9 d\u00e9rangeante : <strong>les calottes <a href=\"https:\/\/dailygeekshow.com\/cette-glace-vieille-de-130-000-ans-intrigue-les-scientifiques-elle-contiendrait-les-secrets-de-notre-avenir-climatique\/\" rel=\"nofollow noopener\" target=\"_blank\">glaciaires<\/a> peuvent s\u2019effondrer plus vite qu\u2019on ne le pensait<\/strong>. Et surtout, elles n\u2019avaient pas besoin d\u2019un r\u00e9chauffement plan\u00e9taire parfaitement sym\u00e9trique. \u00c0 l\u2019\u00e9poque, les deux h\u00e9misph\u00e8res ne se r\u00e9chauffaient pas au m\u00eame rythme. Aujourd\u2019hui, ils s\u2019emballent ensemble. En d\u2019autres termes, le contexte actuel pourrait accentuer encore ces dynamiques.<\/p>\n<p>Pire encore, les chercheurs ont identifi\u00e9 un moment o\u00f9 une calotte glaciaire r\u00e9siduelle en Am\u00e9rique du Nord s\u2019est d\u00e9sint\u00e9gr\u00e9e. Jusqu\u2019ici, on pensait qu\u2019elle avait un r\u00f4le mineur. Or, elle aurait pu masquer une contribution massive de l\u2019Antarctique \u00e0 la mont\u00e9e des oc\u00e9ans. Cela signifie donc que <strong>l\u2019Antarctique pourrait \u00eatre bien plus sensible au r\u00e9chauffement que pr\u00e9vu<\/strong>.<\/p>\n<p>Lire aussi <a href=\"https:\/\/dailygeekshow.com\/la-terre-cache-une-horloge-secrete-qui-bouleverse-la-vie-tous-les-60-millions-dannees-dapres-une-etude-recente\/\" rel=\"nofollow noopener\" target=\"_blank\">La Terre cache une horloge secr\u00e8te qui bouleverse la vie tous les 60 millions d\u2019ann\u00e9es d\u2019apr\u00e8s une \u00e9tude r\u00e9cente<\/a><\/p>\n<p>Le verdict ? Si rien ne change, <strong>l\u2019\u00e9l\u00e9vation moyenne du niveau de la mer pourrait d\u00e9passer les 10 m\u00e8tres dans les si\u00e8cles \u00e0 venir<\/strong>. C\u2019est colossal. Mais, et c\u2019est essentiel, <strong>ce sc\u00e9nario n\u2019est pas une fatalit\u00e9<\/strong>. Ainsi, plus nous r\u00e9duirons vite nos \u00e9missions, plus nous pourrons freiner cette m\u00e9canique. Les coraux n\u2019ont pas de voix, mais leur message est limpide : <strong>l\u2019avenir se joue maintenant<\/strong>.<\/p>\n<p>Quand les archives naturelles lancent l\u2019alerte<\/p>\n<p>Les <strong>mod\u00e8les<\/strong> ont leurs limites. Pourtant, <strong>la m\u00e9moire des coraux fossiles<\/strong>, elle, ne ment pas. Ce que nous disent <strong>les r\u00e9cifs noy\u00e9s des Seychelles<\/strong>, c\u2019est qu\u2019un <strong>basculement<\/strong> peut survenir <strong>sans pr\u00e9avis<\/strong>. En effet, <strong>le climat<\/strong> n\u2019avance pas toujours lentement. Et <strong>nos marges d\u2019erreur<\/strong>, face \u00e0 un <strong>syst\u00e8me aussi sensible<\/strong>, sont minces. Ce n\u2019est pas du catastrophisme, c\u2019est une <strong>donn\u00e9e brute<\/strong>, enregistr\u00e9e dans <strong>le calcaire<\/strong>. Par cons\u00e9quent, \u00e0 nous de choisir ce que nous en faisons.<\/p>\n<p>D\u2019autant plus que les chercheurs ont identifi\u00e9 un \u00e9pisode troublant : l\u2019effondrement d\u2019une calotte glaciaire r\u00e9siduelle en Am\u00e9rique du Nord a co\u00efncid\u00e9 avec l\u2019une des plus fortes \u00e9l\u00e9vations du niveau de la mer observ\u00e9es dans les archives fossiles. Jusque-l\u00e0 consid\u00e9r\u00e9e comme secondaire, cette calotte pourrait en r\u00e9alit\u00e9 avoir masqu\u00e9 un impact bien plus massif de l\u2019Antarctique. Ce retournement de perspective pousse d\u00e9sormais les scientifiques \u00e0 consid\u00e9rer <strong>l\u2019<a href=\"https:\/\/dailygeekshow.com\/une-etrange-tuyauterie-decouverte-sous-lantarctique-inquiete-les-chercheurs\/\" rel=\"nofollow noopener\" target=\"_blank\">Antarctique <\/a>comme un maillon extr\u00eamement sensible du syst\u00e8me climatique mondial<\/strong>.<\/p>\n<p>Lire aussi <a href=\"https:\/\/dailygeekshow.com\/therapie-genique-surdite-2\/\" rel=\"nofollow noopener\" target=\"_blank\">Une th\u00e9rapie novatrice r\u00e9tablit l\u2019audition de patients sourds en quelques semaines<\/a><\/p>\n<p><img loading=\"lazy\" decoding=\"async\" width=\"1024\" height=\"559\" src=\"https:\/\/www.europesays.com\/fr\/wp-content\/uploads\/2025\/07\/antarctique-image-expedition-magnifique-1024x559.webp.webp\" alt=\"Panorama de l\u2019Antarctique avec un glacier bleu en premier plan, des montagnes enneig\u00e9es en arri\u00e8re-plan et une nappe de nuages bas flottant entre les sommets.\" class=\"wp-image-980284\"  \/>Un glacier bleu intense fend le d\u00e9sert blanc antarctique, sur fond de montagnes enneig\u00e9es et de nuages rasant les sommets. <\/p>\n<p>En somme, tout indique que la hausse future du niveau de la mer pourrait non seulement \u00eatre plus rapide, mais aussi beaucoup plus \u00e9lev\u00e9e que les mod\u00e8les actuels ne le laissent entendre. Pourtant, ce constat ne doit pas paralyser. Car plus nous agissons vite sur nos \u00e9missions, plus nous avons de chances de contenir l\u2019emballement. Ce n\u2019est pas une pr\u00e9diction, c\u2019est un choix \u00e0 faire \u2013 maintenant.<\/p>\n","protected":false},"excerpt":{"rendered":"Les r\u00e9cifs coralliens, t\u00e9moins des bouleversements climatiques pass\u00e9s, pourraient bien nous alerter sur ceux \u00e0 venir Et si&hellip;\n","protected":false},"author":2,"featured_media":238416,"comment_status":"","ping_status":"","sticky":false,"template":"","format":"standard","meta":{"footnotes":""},"categories":[7],"tags":[1011,27,43,40,41,39,42,44],"class_list":{"0":"post-238415","1":"post","2":"type-post","3":"status-publish","4":"format-standard","5":"has-post-thumbnail","7":"category-sciences-et-technologies","8":"tag-fr","9":"tag-france","10":"tag-science","11":"tag-science-and-technology","12":"tag-sciences","13":"tag-sciences-et-technologies","14":"tag-technologies","15":"tag-technology"},"share_on_mastodon":{"url":"https:\/\/pubeurope.com\/@fr\/114825132162716821","error":""},"_links":{"self":[{"href":"https:\/\/www.europesays.com\/fr\/wp-json\/wp\/v2\/posts\/238415","targetHints":{"allow":["GET"]}}],"collection":[{"href":"https:\/\/www.europesays.com\/fr\/wp-json\/wp\/v2\/posts"}],"about":[{"href":"https:\/\/www.europesays.com\/fr\/wp-json\/wp\/v2\/types\/post"}],"author":[{"embeddable":true,"href":"https:\/\/www.europesays.com\/fr\/wp-json\/wp\/v2\/users\/2"}],"replies":[{"embeddable":true,"href":"https:\/\/www.europesays.com\/fr\/wp-json\/wp\/v2\/comments?post=238415"}],"version-history":[{"count":0,"href":"https:\/\/www.europesays.com\/fr\/wp-json\/wp\/v2\/posts\/238415\/revisions"}],"wp:featuredmedia":[{"embeddable":true,"href":"https:\/\/www.europesays.com\/fr\/wp-json\/wp\/v2\/media\/238416"}],"wp:attachment":[{"href":"https:\/\/www.europesays.com\/fr\/wp-json\/wp\/v2\/media?parent=238415"}],"wp:term":[{"taxonomy":"category","embeddable":true,"href":"https:\/\/www.europesays.com\/fr\/wp-json\/wp\/v2\/categories?post=238415"},{"taxonomy":"post_tag","embeddable":true,"href":"https:\/\/www.europesays.com\/fr\/wp-json\/wp\/v2\/tags?post=238415"}],"curies":[{"name":"wp","href":"https:\/\/api.w.org\/{rel}","templated":true}]}}