{"id":238419,"date":"2025-07-09T20:21:11","date_gmt":"2025-07-09T20:21:11","guid":{"rendered":"https:\/\/www.europesays.com\/fr\/238419\/"},"modified":"2025-07-09T20:21:11","modified_gmt":"2025-07-09T20:21:11","slug":"impermeable-aux-pressions-de-trump-le-kremlin-bombarde-lukraine-encore-plus-fort-2","status":"publish","type":"post","link":"https:\/\/www.europesays.com\/fr\/238419\/","title":{"rendered":"Imperm\u00e9able aux pressions de Trump, le Kremlin bombarde l\u2019Ukraine encore plus fort"},"content":{"rendered":"<p>Vous avez rat\u00e9 les derniers \u00e9v\u00e9nements sur la <a href=\"https:\/\/www.20minutes.fr\/monde\/ukraine\/\" class=\"color-ultramarine c-link\" target=\"_blank\" rel=\"noopener\">guerre en Ukraine<\/a>\u00a0? 20 Minutes fait le point pour vous tous les soirs. Voici l\u2019essentiel de ce mercredi 9\u00a0juillet, 1.232e jour du conflit.<\/p>\n<p>Le fait du jour<\/p>\n<p>Toujours plus fort. Kiev affirme que la <a href=\"https:\/\/www.20minutes.fr\/monde\/russie\/\" class=\"color-ultramarine c-link\" target=\"_blank\" rel=\"noopener\">Russie<\/a> a lanc\u00e9 dans la nuit de mardi \u00e0 mercredi sa plus grande attaque de drones et missiles depuis le d\u00e9but de la guerre. La Russie a tir\u00e9 728 drones et 13 missiles, selon l\u2019arm\u00e9e de l\u2019air ukrainienne, qui a assur\u00e9 en avoir intercept\u00e9 ou d\u00e9truit respectivement 711 et sept. Ces frappes nocturnes ont fait un mort dans la r\u00e9gion de Khmelnytsky (ouest), et huit bless\u00e9s dans celles de Kiev, Soumy (nord-est), Zaporijjia (sud) et \u00e0 Kherson (sud), selon les autorit\u00e9s locales. La pluie de feu s\u2019est poursuivie mercredi matin avec des frappes dans la r\u00e9gion orientale de Donetsk qui ont tu\u00e9 huit civils.<\/p>\n<p>Les Ukrainiens aussi ont men\u00e9 une attaque meurtri\u00e8re. Selon les autorit\u00e9s russes, quatre personnes, dont un enfant de 5 ans, sont mortes dans une offensive de drone qui a touch\u00e9 une plage de la ville de Koursk. Un soldat de la Garde nationale qui tentait de faire \u00e9vacuer la place a aussi perdu la vie.<\/p>\n<p>Selon le minist\u00e8re russe de la D\u00e9fense, 86 drones ukrainiens ont \u00e9t\u00e9 abattus au-dessus du territoire russe au cours de la nuit de mardi \u00e0 mercredi, dont 23 au-dessus de la r\u00e9gion de Koursk.<\/p>\n<\/p>\n<p>La d\u00e9claration du jour<\/p>\n<blockquote class=\"mx-m@xs mx-xxl@md color-ultramarine c-citation\">\n<p class=\"font-weight-regular@xs text-italic font-source-serif-pro text-l@xs c-citation__content\">\u00ab\u00a0Nous prenons cela avec calme et comptons poursuivre notre dialogue avec Washington\u00a0\u00bb<\/p>\n<\/blockquote>\n<p>Sang-froid et placidit\u00e9. C\u2019est l\u2019option retenue par le tr\u00e8s flegmatique porte-parole du Kremlin Vladimir Peskov \u00e0 l\u2019\u00e9tonnante charge de <a href=\"https:\/\/www.20minutes.fr\/dossier\/donald_trump\" class=\"color-ultramarine c-link\" target=\"_blank\" rel=\"noopener\">Donald Trump<\/a>, mardi, contre Vladimir. Le pr\u00e9sident am\u00e9ricain, visiblement \u00e0 bout de patience, avait annonc\u00e9 la livraison d\u2019armes d\u00e9fensives \u00e0 l\u2019Ukraine et, surtout, accus\u00e9 son homologue russe de dire \u00ab\u00a0beaucoup de conneries\u00a0\u00bb sur l\u2019Ukraine.<\/p>\n<p>Le chiffre du jour<\/p>\n<p>40 minutes. Le temps qu\u2019il a fallu au pr\u00e9sident de la Cour europ\u00e9enne des droits de l&rsquo;homme pour sa d\u00e9cision condamnant, tr\u00e8s symboliquement, la Russie pour l\u2019ensemble de son \u0153uvre en Ukraine depuis\u00a02014\u00a0: Ex\u00e9cutions, torture, d\u00e9placements d\u2019enfants\u2026 La liste des exactions retenues par la <a href=\"https:\/\/www.20minutes.fr\/dossier\/cedh\" class=\"color-ultramarine c-link\" target=\"_blank\" rel=\"noopener\">CEDH<\/a> est longue. Elle comprend notamment le crash du vol MH17. L\u2019avion parti d\u2019Amsterdam vers la Malaisie le 17\u00a0juillet 2014 a \u00e9t\u00e9 abattu par un missile dans la r\u00e9gion de Donetsk, dans le Donbass. La catastrophe a fait 298 victimes.<\/p>\n<p>La tendance<\/p>\n<p>Amis pour la vie. L\u2019agence russe de r\u00e9gulation du transport a\u00e9rien annonc\u00e9 d\u00e9livrer \u00e0 la compagnie a\u00e9rienne russe Nordwind Airlines l\u2019autorisation d\u2019effectuer jusqu\u2019\u00e0 deux vols par semaine entre Moscou et Pyongyang, la capitale nord-cor\u00e9enne. Autre signe de franche amiti\u00e9 entre le Kremlin et <a href=\"https:\/\/www.20minutes.fr\/monde\/kim_jong_un\/\" class=\"color-ultramarine c-link\" target=\"_blank\" rel=\"noopener\">Kim Jong-un<\/a>, Sergue\u00ef Lavrov, le ministre russe des Affaires \u00e9trang\u00e8res \u00ab\u00a0se rendra en R\u00e9publique populaire d\u00e9mocratique de Cor\u00e9e du 11 au 13\u00a0juillet pour mener des n\u00e9gociations\u00a0\u00bb, a d\u00e9clar\u00e9 la porte-parole de la diplomatie russe, Maria Zakharova, utilisant le nom officiel de la Cor\u00e9e du Nord. <\/p>\n<p><a href=\"http:\/\/www.20minutes.fr\/monde\/ukraine\" class=\"c-link c-btn c-btn--primary\" target=\"_blank\" rel=\"noopener\">Notre dossier sur la guerre en Ukraine<\/a><\/p>\n<p>Pour Lim Eul-chul, professeur \u00e0 l\u2019universit\u00e9 sud-cor\u00e9enne de Kyungnam, la fr\u00e9quence des contacts directs entre des hauts responsables russes et Kim Jong-un est \u00ab\u00a0tr\u00e8s inhabituelle\u00a0\u00bb. Les discussions pourraient notamment porter sur la pr\u00e9paration d\u2019une \u00ab\u00a0visite attendue\u00a0\u00bb du dirigeant nord-cor\u00e9en en Russie. Mais pas \u00ab\u00a0dans un futur proche\u00a0\u00bb, a pr\u00e9cis\u00e9 le Kremlin.<\/p>\n","protected":false},"excerpt":{"rendered":"Vous avez rat\u00e9 les derniers \u00e9v\u00e9nements sur la guerre en Ukraine\u00a0? 20 Minutes fait le point pour vous&hellip;\n","protected":false},"author":2,"featured_media":238420,"comment_status":"","ping_status":"","sticky":false,"template":"","format":"standard","meta":{"footnotes":""},"categories":[5],"tags":[47,11,13987,75,1011,27,131,14,15404,74,12,132,135,134,28],"class_list":{"0":"post-238419","1":"post","2":"type-post","3":"status-publish","4":"format-standard","5":"has-post-thumbnail","7":"category-international","8":"tag-actualite","9":"tag-actualites","10":"tag-coree-du-nord","11":"tag-donald-trump","12":"tag-fr","13":"tag-france","14":"tag-guerre-en-ukraine","15":"tag-international","16":"tag-kim-jong-un","17":"tag-monde","18":"tag-news","19":"tag-russie","20":"tag-vladimir-poutine","21":"tag-volodymyr-zelensky","22":"tag-world"},"share_on_mastodon":{"url":"https:\/\/pubeurope.com\/@fr\/114825139861447277","error":""},"_links":{"self":[{"href":"https:\/\/www.europesays.com\/fr\/wp-json\/wp\/v2\/posts\/238419","targetHints":{"allow":["GET"]}}],"collection":[{"href":"https:\/\/www.europesays.com\/fr\/wp-json\/wp\/v2\/posts"}],"about":[{"href":"https:\/\/www.europesays.com\/fr\/wp-json\/wp\/v2\/types\/post"}],"author":[{"embeddable":true,"href":"https:\/\/www.europesays.com\/fr\/wp-json\/wp\/v2\/users\/2"}],"replies":[{"embeddable":true,"href":"https:\/\/www.europesays.com\/fr\/wp-json\/wp\/v2\/comments?post=238419"}],"version-history":[{"count":0,"href":"https:\/\/www.europesays.com\/fr\/wp-json\/wp\/v2\/posts\/238419\/revisions"}],"wp:featuredmedia":[{"embeddable":true,"href":"https:\/\/www.europesays.com\/fr\/wp-json\/wp\/v2\/media\/238420"}],"wp:attachment":[{"href":"https:\/\/www.europesays.com\/fr\/wp-json\/wp\/v2\/media?parent=238419"}],"wp:term":[{"taxonomy":"category","embeddable":true,"href":"https:\/\/www.europesays.com\/fr\/wp-json\/wp\/v2\/categories?post=238419"},{"taxonomy":"post_tag","embeddable":true,"href":"https:\/\/www.europesays.com\/fr\/wp-json\/wp\/v2\/tags?post=238419"}],"curies":[{"name":"wp","href":"https:\/\/api.w.org\/{rel}","templated":true}]}}