{"id":238425,"date":"2025-07-09T20:25:14","date_gmt":"2025-07-09T20:25:14","guid":{"rendered":"https:\/\/www.europesays.com\/fr\/238425\/"},"modified":"2025-07-09T20:25:14","modified_gmt":"2025-07-09T20:25:14","slug":"fete-du-livre-agnes-ledig-marraine-a-saint-etienne","status":"publish","type":"post","link":"https:\/\/www.europesays.com\/fr\/238425\/","title":{"rendered":"F\u00caTE DU LIVRE : AGN\u00c8S LEDIG MARRAINE \u00c0 SAINT-\u00c9TIENNE"},"content":{"rendered":"<p>                <a href=\"https:\/\/cadenceradio.fr\" target=\"_blank\" aria-label=\"Banni\u00e8re Cadence 2025\" rel=\"noopener\"><img loading=\"lazy\" decoding=\"async\" src=\"https:\/\/www.europesays.com\/fr\/wp-content\/uploads\/2025\/07\/Banniere-Cadence-2025-scaled.jpg\" alt=\"\"   width=\"2560\" height=\"738\"\/><\/a><\/p>\n<p>Agn\u00e8s Ledig apporte \u00e0 cette \u00e9dition 2025 toute la richesse de son exp\u00e9rience litt\u00e9raire. Cette autrice reconnue incarne parfaitement l\u2019esprit de d\u00e9couverte et de partage qui anime la manifestation st\u00e9phanoise depuis pr\u00e8s de quatre d\u00e9cennies.<\/p>\n<p>Son r\u00f4le de marraine \u00e0 la <strong><a href=\"https:\/\/42info.fr\/fete-du-livre-de-saint-etienne-les-contes-a-lhonneur-en-octobre\/\" target=\"_blank\" rel=\"noreferrer noopener\">F\u00eate du Livre de Saint-\u00c9tienne<\/a><\/strong> lui permettra de guider les visiteurs dans leurs d\u00e9couvertes litt\u00e9raires et d\u2019encourager les nouvelles vocations d\u2019\u00e9criture lors de cette c\u00e9l\u00e9bration du livre sous toutes ses formes.<\/p>\n<p>Le rendez-vous d\u2019octobre transformera le centre-ville st\u00e9phanois en v\u00e9ritable capitale temporaire de l\u2019\u00e9dition fran\u00e7aise. Plus de cent maisons d\u2019\u00e9dition convergeront vers les quatre places historiques de la cit\u00e9 pour pr\u00e9senter leurs derni\u00e8res parutions et leurs auteurs phares.<\/p>\n<p>180 auteurs pour tous les go\u00fbts<\/p>\n<p>La programmation 2025 mise sur la diversit\u00e9 avec cent quatre-vingts auteurs repr\u00e9sentant l\u2019ensemble des genres litt\u00e9raires. Romans, essais, bandes dessin\u00e9es, litt\u00e9rature jeunesse, po\u00e9sie : chaque lecteur trouvera son bonheur parmi cette offre pl\u00e9thorique.<\/p>\n<p>La r\u00e9partition g\u00e9ographique sur quatre places distinctes du centre-ville cr\u00e9e autant d\u2019atmosph\u00e8res diff\u00e9rentes pour cette c\u00e9l\u00e9bration litt\u00e9raire. Chaque espace d\u00e9veloppe sa propre identit\u00e9 tout en participant \u00e0 la coh\u00e9rence globale de la manifestation.<\/p>\n<p>Les trois jours d\u2019octobre promettent une immersion totale dans l\u2019univers du livre et de la lecture. D\u00e9dicaces, rencontres, d\u00e9bats et animations rythmeront ce week-end exceptionnel d\u00e9di\u00e9 \u00e0 la cr\u00e9ation litt\u00e9raire contemporaine.<\/p>\n<p>L\u2019engagement d\u2019Agn\u00e8s Ledig pour la lecture<\/p>\n<p>En acceptant le parrainage de cette \u00e9dition, Agn\u00e8s Ledig r\u00e9affirme son engagement en faveur de la promotion de la lecture et de la cr\u00e9ation litt\u00e9raire. Son accompagnement apportera une dimension suppl\u00e9mentaire \u00e0 cette c\u00e9l\u00e9bration du livre.<\/p>\n<p>Sa pr\u00e9sence encouragera particuli\u00e8rement les jeunes lecteurs et les auteurs en herbe qui trouveront en elle un mod\u00e8le inspirant de r\u00e9ussite litt\u00e9raire fran\u00e7aise.<\/p>\n<p>Avec Agn\u00e8s Ledig comme marraine, cette 39\u00e8me F\u00eate du livre s\u2019annonce comme un moment fort de la rentr\u00e9e culturelle lig\u00e9rienne. L\u2019alchimie entre tradition et renouveau promet trois jours m\u00e9morables pour tous les amoureux des mots.<\/p>\n","protected":false},"excerpt":{"rendered":"Agn\u00e8s Ledig apporte \u00e0 cette \u00e9dition 2025 toute la richesse de son exp\u00e9rience litt\u00e9raire. Cette autrice reconnue incarne&hellip;\n","protected":false},"author":2,"featured_media":238426,"comment_status":"","ping_status":"","sticky":false,"template":"","format":"standard","meta":{"footnotes":""},"categories":[9653],"tags":[1111,11,2430,251,1777,674,36981,1011,27,3367,12,25,4001],"class_list":{"0":"post-238425","1":"post","2":"type-post","3":"status-publish","4":"format-standard","5":"has-post-thumbnail","7":"category-saint-etienne","8":"tag-actu","9":"tag-actualites","10":"tag-auvergne-rhone-alpes","11":"tag-culture","12":"tag-eu","13":"tag-europe","14":"tag-fete-du-livre","15":"tag-fr","16":"tag-france","17":"tag-loire","18":"tag-news","19":"tag-republique-francaise","20":"tag-saint-etienne"},"share_on_mastodon":{"url":"https:\/\/pubeurope.com\/@fr\/114825155662819175","error":""},"_links":{"self":[{"href":"https:\/\/www.europesays.com\/fr\/wp-json\/wp\/v2\/posts\/238425","targetHints":{"allow":["GET"]}}],"collection":[{"href":"https:\/\/www.europesays.com\/fr\/wp-json\/wp\/v2\/posts"}],"about":[{"href":"https:\/\/www.europesays.com\/fr\/wp-json\/wp\/v2\/types\/post"}],"author":[{"embeddable":true,"href":"https:\/\/www.europesays.com\/fr\/wp-json\/wp\/v2\/users\/2"}],"replies":[{"embeddable":true,"href":"https:\/\/www.europesays.com\/fr\/wp-json\/wp\/v2\/comments?post=238425"}],"version-history":[{"count":0,"href":"https:\/\/www.europesays.com\/fr\/wp-json\/wp\/v2\/posts\/238425\/revisions"}],"wp:featuredmedia":[{"embeddable":true,"href":"https:\/\/www.europesays.com\/fr\/wp-json\/wp\/v2\/media\/238426"}],"wp:attachment":[{"href":"https:\/\/www.europesays.com\/fr\/wp-json\/wp\/v2\/media?parent=238425"}],"wp:term":[{"taxonomy":"category","embeddable":true,"href":"https:\/\/www.europesays.com\/fr\/wp-json\/wp\/v2\/categories?post=238425"},{"taxonomy":"post_tag","embeddable":true,"href":"https:\/\/www.europesays.com\/fr\/wp-json\/wp\/v2\/tags?post=238425"}],"curies":[{"name":"wp","href":"https:\/\/api.w.org\/{rel}","templated":true}]}}