{"id":23843,"date":"2025-04-14T07:26:29","date_gmt":"2025-04-14T07:26:29","guid":{"rendered":"https:\/\/www.europesays.com\/fr\/23843\/"},"modified":"2025-04-14T07:26:29","modified_gmt":"2025-04-14T07:26:29","slug":"la-fin-expliquee-du-meilleur-episode-de-la-saison-7-des-gens-ordinaires","status":"publish","type":"post","link":"https:\/\/www.europesays.com\/fr\/23843\/","title":{"rendered":"La fin expliqu\u00e9e du meilleur \u00e9pisode de la saison 7, Des gens ordinaires"},"content":{"rendered":"<p>Les fans de Black Mirror sont aux anges ! La saison 7 a \u00e9t\u00e9 mise en ligne ce jeudi 10 avril 2025, comportant notamment l&rsquo;\u00e9pisode Des gens ordinaires. De quoi \u00e7a parle ? Comment interpr\u00e9ter la fin ? On vous raconte !<\/p>\n<p>C&rsquo;est l&rsquo;\u00e9v\u00e9nement Netflix du moment ! Ce jeudi 10 avril 2025, la plateforme a mis en ligne<a href=\"https:\/\/www.programme-tv.net\/news\/series-tv\/375529-black-mirror-que-vaut-la-saison-7-inedite-on-a-classe-les-episodes-du-meilleur-au-moins-bon\/\" data-api-deeplink=\"teleloisirs:\/\/news\/375529\" target=\"_blank\" rel=\"noopener\"> la septi\u00e8me saison in\u00e9dite de Black Mirror<\/a>. Cr\u00e9\u00e9e en 2011, la s\u00e9rie d&rsquo;anticipation de Charlie Brooker revient pour six nouveaux \u00e9pisodes toujours aussi grin\u00e7ants et effrayants. Une nouvelle salve qui a \u00e9galement la particularit\u00e9 de comporter une suite \u00e0 un pr\u00e9c\u00e9dent \u00e9pisode (diffus\u00e9 durant la saison 4). Une premi\u00e8re pour la fiction d&rsquo;anthologie. C\u00f4t\u00e9 casting, un certain nombre de jolis noms composent le casting, \u00e0 l&rsquo;instar de Emma Corrin (pr\u00e9sente dans l&rsquo;\u00e9pisode H\u00f4tel R\u00eaverie) &#8211; <a href=\"https:\/\/www.programme-tv.net\/news\/series-tv\/260430-the-crown-netflix-qui-est-emma-corrin-linterprete-de-diana-dans-la-saison-4\/\" data-api-deeplink=\"teleloisirs:\/\/news\/260430\" target=\"_blank\" rel=\"noopener\">Diana dans la saison 4 de The Crown<\/a>, ou encore Peter Capaldi (\u00e9pisode De simples jouets) &#8211; <a href=\"https:\/\/www.programme-tv.net\/news\/series-tv\/114312-doctor-who-peter-capaldi-explique-pourquoi-il-a-prefere-arreter-la-serie-video\/\" data-api-deeplink=\"teleloisirs:\/\/news\/114312\" target=\"_blank\" rel=\"noopener\">l&rsquo;acteur de Doctor Who<\/a>.<\/p>\n<p>Black Mirror : De quoi parle Des gens ordinaires, le meilleur \u00e9pisode de la saison 7 ?<\/p>\n<p>Amanda (Rashida Jones) est une institutrice \u00e9panouie. Avec Mike (Chris O&rsquo;Dowd), son conjoint, elle essaie m\u00eame d&rsquo;avoir un enfant. Mais bient\u00f4t, tout s&rsquo;\u00e9croule. En pleine classe, la jeune femme s&rsquo;\u00e9croule et les m\u00e9decins sont plus que pessimistes. C&rsquo;est alors qu&rsquo;une commercial d&rsquo;une soci\u00e9t\u00e9 high-tech nomm\u00e9e Rivermind vient proposer \u00e0 l&rsquo;homme d\u00e9sesp\u00e9r\u00e9 d&rsquo;implanter une puce dans le cerveau de sa femme, afin de lui sauver la vie, moyennant un abonnement. Acceptant la proposition, l&rsquo;homme va alors d\u00e9cider de faire des heures suppl\u00e9mentaires pour pouvoir payer ce service. Le d\u00e9but d&rsquo;un engrenage sans fin&#8230;<\/p>\n<p>                        Black Mirror : Que signifie la fin de l&rsquo;\u00e9pisode Des gens ordinaires, le meilleur \u00e9pisode de la saison 7 ?<\/p>\n<p>Episode diablement efficace, Des gens ordinaires, n&rsquo;est pas sans rappeler certaines nouvelles de Guy de Maupassant, \u00e0 l&rsquo;instar de La parure, dans laquelle une m\u00eame descente aux enfers se met en place apr\u00e8s une fausse bonne id\u00e9e. Cette aventure questionne surtout la soci\u00e9t\u00e9 de marchandisation, o\u00f9 tout se paie, m\u00eame la vie. L&rsquo;intrigue \u00e9voque aussi avec sarcasme les entreprises pr\u00eates \u00e0 tout pour vendre leurs produits. Quant \u00e0 la fin dramatique, celle-ci nous pose \u00e0 nous demander si la vie vaut le coup \u00e0 tous les prix, quitte \u00e0 se perdre&#8230;<\/p>\n","protected":false},"excerpt":{"rendered":"Les fans de Black Mirror sont aux anges ! La saison 7 a \u00e9t\u00e9 mise en ligne ce&hellip;\n","protected":false},"author":2,"featured_media":23844,"comment_status":"","ping_status":"","sticky":false,"template":"","format":"standard","meta":{"footnotes":""},"categories":[1356],"tags":[641,8658,244,58,59,1011,27,127,1722,129,252,1364],"class_list":{"0":"post-23843","1":"post","2":"type-post","3":"status-publish","4":"format-standard","5":"has-post-thumbnail","7":"category-television","8":"tag-black-mirror","9":"tag-black-mirror-su00e9rie-13222587","10":"tag-commentaire","11":"tag-divertissement","12":"tag-entertainment","13":"tag-fr","14":"tag-france","15":"tag-netflix","16":"tag-pub-streaming-netflix","17":"tag-svod","18":"tag-television","19":"tag-tv"},"share_on_mastodon":{"url":"https:\/\/pubeurope.com\/@fr\/114335133714182157","error":""},"_links":{"self":[{"href":"https:\/\/www.europesays.com\/fr\/wp-json\/wp\/v2\/posts\/23843","targetHints":{"allow":["GET"]}}],"collection":[{"href":"https:\/\/www.europesays.com\/fr\/wp-json\/wp\/v2\/posts"}],"about":[{"href":"https:\/\/www.europesays.com\/fr\/wp-json\/wp\/v2\/types\/post"}],"author":[{"embeddable":true,"href":"https:\/\/www.europesays.com\/fr\/wp-json\/wp\/v2\/users\/2"}],"replies":[{"embeddable":true,"href":"https:\/\/www.europesays.com\/fr\/wp-json\/wp\/v2\/comments?post=23843"}],"version-history":[{"count":0,"href":"https:\/\/www.europesays.com\/fr\/wp-json\/wp\/v2\/posts\/23843\/revisions"}],"wp:featuredmedia":[{"embeddable":true,"href":"https:\/\/www.europesays.com\/fr\/wp-json\/wp\/v2\/media\/23844"}],"wp:attachment":[{"href":"https:\/\/www.europesays.com\/fr\/wp-json\/wp\/v2\/media?parent=23843"}],"wp:term":[{"taxonomy":"category","embeddable":true,"href":"https:\/\/www.europesays.com\/fr\/wp-json\/wp\/v2\/categories?post=23843"},{"taxonomy":"post_tag","embeddable":true,"href":"https:\/\/www.europesays.com\/fr\/wp-json\/wp\/v2\/tags?post=23843"}],"curies":[{"name":"wp","href":"https:\/\/api.w.org\/{rel}","templated":true}]}}