{"id":238430,"date":"2025-07-09T20:28:15","date_gmt":"2025-07-09T20:28:15","guid":{"rendered":"https:\/\/www.europesays.com\/fr\/238430\/"},"modified":"2025-07-09T20:28:15","modified_gmt":"2025-07-09T20:28:15","slug":"moncel-sur-seille-la-baraque-des-jeunes-reduite-en-cendre","status":"publish","type":"post","link":"https:\/\/www.europesays.com\/fr\/238430\/","title":{"rendered":"Moncel-sur-Seille. La baraque des jeunes r\u00e9duite en cendre"},"content":{"rendered":"<p>Construite en 2023 par les jeunes du Conseil municipal des jeunes (CMJ) de Moncel, <a href=\"https:\/\/www.estrepublicain.fr\/culture-loisirs\/2023\/05\/29\/inauguration-de-la-cabane-des-jeunes\" title=\"c.estrepublicain.fr\" target=\"_blank\" rel=\"noopener\">la cabane des jeunes,<\/a> id\u00e9alement plac\u00e9e au city parc entre le terrain de foot et le parcours de sant\u00e9, est r\u00e9duite en cendres depuis dimanche soir.<\/p>\n<p>Une intervention des pompiers et de la brigade de gendarmerie de Dombasle a \u00e9t\u00e9 n\u00e9cessaire pour s\u00e9curiser les lieux et \u00e9teindre cet incendie.<\/p>\n<p>Le maire Alain Chan\u00e9 et son adjointe Christine Dumay se sont rendus sur les lieux pour constater les faits.<\/p>\n<p>Une plainte est d\u00e9pos\u00e9e par le maire et une enqu\u00eate sera men\u00e9e pour d\u00e9finir les causes de cet incendie nocturne.<\/p>\n","protected":false},"excerpt":{"rendered":"Construite en 2023 par les jeunes du Conseil municipal des jeunes (CMJ) de Moncel, la cabane des jeunes,&hellip;\n","protected":false},"author":2,"featured_media":238431,"comment_status":"","ping_status":"","sticky":false,"template":"","format":"standard","meta":{"footnotes":""},"categories":[9635],"tags":[1111,11,12080,1704,1777,674,1011,27,775,1757,37826,1702,12,25],"class_list":{"0":"post-238430","1":"post","2":"type-post","3":"status-publish","4":"format-standard","5":"has-post-thumbnail","7":"category-nancy","8":"tag-actu","9":"tag-actualites","10":"tag-cc-de-seille-et-grand-couronne-54b","11":"tag-edition-nancy-et-agglomeration","12":"tag-eu","13":"tag-europe","14":"tag-fr","15":"tag-france","16":"tag-grand-est","17":"tag-insolite","18":"tag-moncel-sur-seille","19":"tag-nancy","20":"tag-news","21":"tag-republique-francaise"},"share_on_mastodon":{"url":"https:\/\/pubeurope.com\/@fr\/114825167441710717","error":""},"_links":{"self":[{"href":"https:\/\/www.europesays.com\/fr\/wp-json\/wp\/v2\/posts\/238430","targetHints":{"allow":["GET"]}}],"collection":[{"href":"https:\/\/www.europesays.com\/fr\/wp-json\/wp\/v2\/posts"}],"about":[{"href":"https:\/\/www.europesays.com\/fr\/wp-json\/wp\/v2\/types\/post"}],"author":[{"embeddable":true,"href":"https:\/\/www.europesays.com\/fr\/wp-json\/wp\/v2\/users\/2"}],"replies":[{"embeddable":true,"href":"https:\/\/www.europesays.com\/fr\/wp-json\/wp\/v2\/comments?post=238430"}],"version-history":[{"count":0,"href":"https:\/\/www.europesays.com\/fr\/wp-json\/wp\/v2\/posts\/238430\/revisions"}],"wp:featuredmedia":[{"embeddable":true,"href":"https:\/\/www.europesays.com\/fr\/wp-json\/wp\/v2\/media\/238431"}],"wp:attachment":[{"href":"https:\/\/www.europesays.com\/fr\/wp-json\/wp\/v2\/media?parent=238430"}],"wp:term":[{"taxonomy":"category","embeddable":true,"href":"https:\/\/www.europesays.com\/fr\/wp-json\/wp\/v2\/categories?post=238430"},{"taxonomy":"post_tag","embeddable":true,"href":"https:\/\/www.europesays.com\/fr\/wp-json\/wp\/v2\/tags?post=238430"}],"curies":[{"name":"wp","href":"https:\/\/api.w.org\/{rel}","templated":true}]}}