{"id":238447,"date":"2025-07-09T20:39:13","date_gmt":"2025-07-09T20:39:13","guid":{"rendered":"https:\/\/www.europesays.com\/fr\/238447\/"},"modified":"2025-07-09T20:39:13","modified_gmt":"2025-07-09T20:39:13","slug":"mercato-rennes-lattaquant-wilson-samake-file-en-turquie","status":"publish","type":"post","link":"https:\/\/www.europesays.com\/fr\/238447\/","title":{"rendered":"Mercato Rennes\u00a0: l\u2019attaquant Wilson Samak\u00e9 file en Turquie"},"content":{"rendered":"<p class=\"paragraph text_align_left lp-f-body-02\">Au moment de composer son groupe pour la pr\u00e9paration de la saison \u00e0 venir <a href=\"https:\/\/www.leparisien.fr\/sports\/football\/ligue-1\/\" target=\"_blank\" rel=\"nofollow noopener\">en Ligue 1<\/a>, l\u2019\u00e9tat-major rennais a d\u00e9cid\u00e9 d\u2019\u00e9carter sept joueurs (Kamara, Ostigard, Omari, Sishuba, Samak\u00e9, A. Do Marcolino, Jaouab) pour qui la reprise a \u00e9t\u00e9 diff\u00e9r\u00e9e au 15 juillet.<\/p>\n<p class=\"paragraph text_align_left lp-f-body-02\">Invit\u00e9s \u00e0 partir durant ce mercato, certains n\u2019ont pas attendu pour trouver une porte de sortie. C\u2019est le cas de Wilson Samak\u00e9 qui vient de signer en Turquie. Auteur d\u2019un bon Tournoi Maurice Revello de Toulon avec le Mali U20 (2 buts), l\u2019attaquant de 21 ans a rejoint Bandirmaspor en D2.<\/p>\n<p class=\"paragraph text_align_left lp-f-body-02\">Il avait \u00e9t\u00e9 pr\u00eat\u00e9 quelques semaines <a href=\"https:\/\/www.leparisien.fr\/sports\/football\/ligue-1\/mercato-stade-rennais-retour-de-pret-anticipe-pour-wilson-samake-09-01-2025-EVGCSGUL5BGG3DLZ4D4XZLQBGI.php\" target=\"_blank\" rel=\"nofollow noopener\">\u00e0 Ch\u00e2teauroux la saison pass\u00e9e<\/a>, avant d\u2019\u00eatre remis \u00e0 la disposition de l\u2019\u00e9quipe r\u00e9serve de Rennes. Selon nos informations, le club breton a accept\u00e9 de le lib\u00e9rer de sa derni\u00e8re ann\u00e9e de contrat moyennant un pourcentage \u00e0 la revente. Il s\u2019entra\u00eene d\u00e9j\u00e0 avec sa nouvelle \u00e9quipe depuis plusieurs jours.<\/p>\n","protected":false},"excerpt":{"rendered":"Au moment de composer son groupe pour la pr\u00e9paration de la saison \u00e0 venir en Ligue 1, l\u2019\u00e9tat-major&hellip;\n","protected":false},"author":2,"featured_media":238448,"comment_status":"","ping_status":"","sticky":false,"template":"","format":"standard","meta":{"footnotes":""},"categories":[2821],"tags":[1111,11,829,1777,674,63,1011,27,66,12,584,25,60],"class_list":{"0":"post-238447","1":"post","2":"type-post","3":"status-publish","4":"format-standard","5":"has-post-thumbnail","7":"category-rennes","8":"tag-actu","9":"tag-actualites","10":"tag-bretagne","11":"tag-eu","12":"tag-europe","13":"tag-football","14":"tag-fr","15":"tag-france","16":"tag-ligue-1","17":"tag-news","18":"tag-rennes","19":"tag-republique-francaise","20":"tag-sports"},"share_on_mastodon":{"url":"https:\/\/pubeurope.com\/@fr\/114825210455364887","error":""},"_links":{"self":[{"href":"https:\/\/www.europesays.com\/fr\/wp-json\/wp\/v2\/posts\/238447","targetHints":{"allow":["GET"]}}],"collection":[{"href":"https:\/\/www.europesays.com\/fr\/wp-json\/wp\/v2\/posts"}],"about":[{"href":"https:\/\/www.europesays.com\/fr\/wp-json\/wp\/v2\/types\/post"}],"author":[{"embeddable":true,"href":"https:\/\/www.europesays.com\/fr\/wp-json\/wp\/v2\/users\/2"}],"replies":[{"embeddable":true,"href":"https:\/\/www.europesays.com\/fr\/wp-json\/wp\/v2\/comments?post=238447"}],"version-history":[{"count":0,"href":"https:\/\/www.europesays.com\/fr\/wp-json\/wp\/v2\/posts\/238447\/revisions"}],"wp:featuredmedia":[{"embeddable":true,"href":"https:\/\/www.europesays.com\/fr\/wp-json\/wp\/v2\/media\/238448"}],"wp:attachment":[{"href":"https:\/\/www.europesays.com\/fr\/wp-json\/wp\/v2\/media?parent=238447"}],"wp:term":[{"taxonomy":"category","embeddable":true,"href":"https:\/\/www.europesays.com\/fr\/wp-json\/wp\/v2\/categories?post=238447"},{"taxonomy":"post_tag","embeddable":true,"href":"https:\/\/www.europesays.com\/fr\/wp-json\/wp\/v2\/tags?post=238447"}],"curies":[{"name":"wp","href":"https:\/\/api.w.org\/{rel}","templated":true}]}}