{"id":238464,"date":"2025-07-09T20:48:10","date_gmt":"2025-07-09T20:48:10","guid":{"rendered":"https:\/\/www.europesays.com\/fr\/238464\/"},"modified":"2025-07-09T20:48:10","modified_gmt":"2025-07-09T20:48:10","slug":"pres-de-toulouse-installe-depuis-peu-ce-commerce-ravage-par-les-flammes-doit-fermer-tout-a-crame","status":"publish","type":"post","link":"https:\/\/www.europesays.com\/fr\/238464\/","title":{"rendered":"Pr\u00e8s de Toulouse. Install\u00e9 depuis peu, ce commerce ravag\u00e9 par les flammes doit fermer : \u00ab\u00a0tout a cram\u00e9\u00a0\u00bb"},"content":{"rendered":"<p>            Par<br \/>\n        <strong><br \/>\n            <a href=\"https:\/\/actu.fr\/auteur\/mareva-laville-actu-fr\" title=\"Consulter tous les articles de Mar\u00e9va Laville\" rel=\"nofollow noopener\" target=\"_blank\">Mar\u00e9va Laville<\/a><br \/>\n        <\/strong><\/p>\n<p>        Publi\u00e9 le<\/p>\n<p>            9 juil. 2025 \u00e0 19h51        <\/p>\n<p>Il \u00e9tait 14h15 environ lorsqu\u2019une vingtaine de sapeurs-pompiers \u00e9taient d\u00e9p\u00each\u00e9s en direction de <strong>L\u00e9guevin<\/strong>, \u00e0 l\u2019ouest de <a href=\"http:\/\/www.actu.fr\/toulouse\" rel=\"nofollow noopener\" target=\"_blank\">Toulouse<\/a>. Ce mercredi 9\u00a0juillet 2025 apr\u00e8s-midi, un feu s\u2019est d\u00e9clar\u00e9 au rez-de-chauss\u00e9e d\u2019un petit immeuble \u00e0 un \u00e9tage situ\u00e9 au 5 bis rue d\u2019Austerlitz.<\/p>\n<p>    <a href=\"https:\/\/www.google.com\/maps\/embed?pb=!1m18!1m12!1m3!1d361.1698515261582!2d1.2330437231595945!3d43.599070160143874!2m3!1f0!2f0!3f0!3m2!1i1024!2i768!4f13.1!3m3!1m2!1s0x12aeb2e70cc14653%3A0x84c06bb7d83b724b!2sJean%20Claude%20motoculture!5e0!3m2!1sfr!2sfr!4v1752083306352!5m2!1sfr!2sfr\" title=\"Ouvrie le lien\" rel=\"nofollow noopener\" target=\"_blank\">Cliquez ici pour visualiser le contenu<\/a><\/p>\n<p>Un atelier de motoculture sinistr\u00e9<\/p>\n<p class=\" wall-content\">Le feu touchait un <strong>atelier de motoculture et de jardinage <\/strong>de 50\u00a0m2. Son propri\u00e9taire venait de s\u2019installait, \u00ab\u2009j\u2019ai ouvert il y a un an\u2009\u00bb, pr\u00e9cise Jean-Claude \u00e0 Actu Toulouse, quelques heures apr\u00e8s les faits. D\u00e9go\u00fbt\u00e9.<\/p>\n<p class=\" wall-content\">\u00ab\u2009Tout a cram\u00e9, glisse-t-il. Les tondeuses autoport\u00e9es, le mat\u00e9riel\u2026 Tout a cram\u00e9\u2009!\u2009\u00bb Ni lui ni les pompiers ne savent pour quelles raisons ni avec quelle origine ce mercredi 9\u00a0juillet soir. \u00ab\u2009Des experts vont passer demain\u2009\u00bb, indique l\u2019artisan sinistr\u00e9.<\/p>\n<p>Le logement du dessus sauv\u00e9<\/p>\n<p class=\" wall-content\">Ses voisins s\u2019en sortent mieux gr\u00e2ce \u00e0 \u00ab\u2009l\u2019action rapide des pompiers a permis de limiter la propagation de l\u2019incendie \u00e0 l\u2019<strong>habitation situ\u00e9e \u00e0 l\u2019\u00e9tage<\/strong> ainsi qu\u2019\u00e0 plusieurs locaux commerciaux attenants au rez-de-chauss\u00e9e\u2009\u00bb, pr\u00e9cise le Sdis 31.<\/p>\n<p class=\" wall-content\">C\u2019\u00e9tait moins une pour l\u2019institut de beaut\u00e9 mitoyen avec le magasin de motoculture. L\u2019esth\u00e9ticienne vient tout juste de d\u00e9m\u00e9nager, en mai dernier, selon ses informations communiqu\u00e9es sur sa page Facebook. \u00ab\u2009Rien n\u2019est ab\u00eem\u00e9 au local que j\u2019occupe, juste de la fum\u00e9e\u2009\u00bb, souffle l\u2019esth\u00e9ticienne \u00e0 Actu Toulouse. La chance lui a souri davantage\u2026<\/p>\n<p>Vid\u00e9os : en ce moment sur ActuLa mairie prend un arr\u00eat\u00e9<\/p>\n<p class=\" wall-content\">Car, bien qu\u2019<strong>aucune victime<\/strong> ne soit \u00e0 d\u00e9plorer, selon le Sdis 31, l\u2019artisan ainsi que les habitants de l\u2019\u00e9tage au-dessus, eux, ne s\u2019en sortent pas sans souci. Un <strong>arr\u00eat\u00e9 de mise en s\u00e9curit\u00e9<\/strong> a \u00e9t\u00e9 pris par le maire de L\u00e9guevin.<\/p>\n<p class=\" wall-content\">Le logement situ\u00e9 au premier \u2013 et unique \u2013 \u00e9tage, ainsi que le local de <strong>Jean-Claude Motoculture<\/strong> sont <strong>somm\u00e9s de fermer<\/strong> leurs portes \u00ab\u2009pendant longtemps\u2009\u00bb, d\u00e9plore l\u2019artisan. D\u2019apr\u00e8s lui, il ne pourra pas rouvrir son commerce avant deux ans.<\/p>\n<p class=\" wall-content\">Suivez toute l\u2019actualit\u00e9 de vos villes et m\u00e9dias favoris en vous inscrivant \u00e0 <a href=\"https:\/\/moncompte.actu.fr\" title=\"D\u00e9couvez Mon Actu\" rel=\"nofollow noopener\" data-trk=\"{&quot;cta&quot;:{&quot;action&quot;:&quot;https:\\\/\\\/moncompte.actu.fr&quot;,&quot;category&quot;:&quot;mon compte&quot;,&quot;from&quot;:&quot;article footer&quot;,&quot;name&quot;:&quot;Mon actu&quot;,&quot;type&quot;:&quot;cta&quot;}}\" target=\"_blank\">Mon Actu<\/a>.<\/p>\n","protected":false},"excerpt":{"rendered":"Par Mar\u00e9va Laville Publi\u00e9 le 9 juil. 2025 \u00e0 19h51 Il \u00e9tait 14h15 environ lorsqu\u2019une vingtaine de sapeurs-pompiers&hellip;\n","protected":false},"author":2,"featured_media":238465,"comment_status":"","ping_status":"","sticky":false,"template":"","format":"standard","meta":{"footnotes":""},"categories":[2816],"tags":[1111,11,1777,674,118,1011,27,1310,12,2680,1311,25,2312],"class_list":{"0":"post-238464","1":"post","2":"type-post","3":"status-publish","4":"format-standard","5":"has-post-thumbnail","7":"category-toulouse","8":"tag-actu","9":"tag-actualites","10":"tag-eu","11":"tag-europe","12":"tag-faits-divers","13":"tag-fr","14":"tag-france","15":"tag-incendie","16":"tag-news","17":"tag-occitanie","18":"tag-pompiers","19":"tag-republique-francaise","20":"tag-toulouse"},"share_on_mastodon":{"url":"https:\/\/pubeurope.com\/@fr\/114825246116176099","error":""},"_links":{"self":[{"href":"https:\/\/www.europesays.com\/fr\/wp-json\/wp\/v2\/posts\/238464","targetHints":{"allow":["GET"]}}],"collection":[{"href":"https:\/\/www.europesays.com\/fr\/wp-json\/wp\/v2\/posts"}],"about":[{"href":"https:\/\/www.europesays.com\/fr\/wp-json\/wp\/v2\/types\/post"}],"author":[{"embeddable":true,"href":"https:\/\/www.europesays.com\/fr\/wp-json\/wp\/v2\/users\/2"}],"replies":[{"embeddable":true,"href":"https:\/\/www.europesays.com\/fr\/wp-json\/wp\/v2\/comments?post=238464"}],"version-history":[{"count":0,"href":"https:\/\/www.europesays.com\/fr\/wp-json\/wp\/v2\/posts\/238464\/revisions"}],"wp:featuredmedia":[{"embeddable":true,"href":"https:\/\/www.europesays.com\/fr\/wp-json\/wp\/v2\/media\/238465"}],"wp:attachment":[{"href":"https:\/\/www.europesays.com\/fr\/wp-json\/wp\/v2\/media?parent=238464"}],"wp:term":[{"taxonomy":"category","embeddable":true,"href":"https:\/\/www.europesays.com\/fr\/wp-json\/wp\/v2\/categories?post=238464"},{"taxonomy":"post_tag","embeddable":true,"href":"https:\/\/www.europesays.com\/fr\/wp-json\/wp\/v2\/tags?post=238464"}],"curies":[{"name":"wp","href":"https:\/\/api.w.org\/{rel}","templated":true}]}}