{"id":238466,"date":"2025-07-09T20:49:21","date_gmt":"2025-07-09T20:49:21","guid":{"rendered":"https:\/\/www.europesays.com\/fr\/238466\/"},"modified":"2025-07-09T20:49:21","modified_gmt":"2025-07-09T20:49:21","slug":"feu-dartifice-bal-des-pompiers-street-art-apero-funky-que-faire-a-toulouse-ce-week-end","status":"publish","type":"post","link":"https:\/\/www.europesays.com\/fr\/238466\/","title":{"rendered":"Feu d&rsquo;artifice, bal des pompiers, street-art, ap\u00e9ro funky&#8230; Que faire \u00e0 Toulouse ce week-end\u00a0?"},"content":{"rendered":"<p>            Par<br \/>\n        <strong><br \/>\n            <a href=\"https:\/\/actu.fr\/auteur\/lucie-2\" title=\"Consulter tous les articles de Lucie Fraisse\" target=\"_blank\" rel=\"noopener\">Lucie Fraisse<\/a><br \/>\n        <\/strong><\/p>\n<p>        Publi\u00e9 le<\/p>\n<p>            9 juil. 2025 \u00e0 19h16        <\/p>\n<p>Si vous ne profitez pas de ce long week-end du 14-Juillet pour partir en vacances ou vous \u00e9chapper loin de la Ville rose, sachez qu\u2019il se passe plein de choses \u00e0 <a href=\"https:\/\/actu.fr\/toulouse\/\" target=\"_blank\" rel=\"noopener\">Toulouse<\/a>, du 12 au 14\u00a0juillet. Et pour vous faciliter la t\u00e2che, Actu Toulouse a concoct\u00e9 <strong>une petite s\u00e9lection de sorties<\/strong>. Il y en a pour tous les go\u00fbts et tous les budgets. \u00c0 d\u00e9couvrir.<\/p>\n<p>#1. F\u00eate nationale \u00e0 Toulouse<br \/>\n    <img   decoding=\"async\" loading=\"lazy\" src=\"https:\/\/www.europesays.com\/fr\/wp-content\/uploads\/2025\/07\/feu-artifice-garonne-toulouse-960x640.jpg\" alt=\"Le feu d'artifice sur la Garonne offre traditionnellement une vue de carte postale sur Toulouse\" width=\"960\" height=\"640\"\/><br \/>\n    Le feu d\u2019artifice sur la Garonne offre traditionnellement une vue de carte postale sur Toulouse (\u00a9Patrice Nin \/ Ville de Toulouse)<\/p>\n<p class=\" wall-content\">C\u2019est sans conteste l\u2019\u00e9v\u00e9nement phare du week-end \u00e0 <strong>Toulouse.<\/strong> Les <a href=\"https:\/\/actu.fr\/occitanie\/toulouse_31555\/pierre-garnier-amir-avant-le-feu-d-artifice-xxl-l-affiche-du-grand-concert-gratuit-du-14-juillet-a-toulouse_62777520.html\" target=\"_blank\" rel=\"noopener\">c\u00e9l\u00e9brations du 14-Juillet d\u00e9butent dimanche 13\u00a0juillet<\/a>, avec un concert <strong>sur la prairie des filtres<\/strong> et le feu d\u2019artifice sur le th\u00e8me <strong>du Tour de France<\/strong>, tir\u00e9 depuis la Garonne.<\/p>\n<p class=\" wall-content\">La f\u00eate se prolonge lundi 14\u00a0juillet, avec un d\u00e9fil\u00e9 militaire en centre-ville et un feu d\u2019artifice tir\u00e9 au lac de la Reynerie, d\u00e8s 22h30.<\/p>\n<p>#2. Week-end conservation au zoo<br \/>\n    <img   decoding=\"async\" loading=\"lazy\" src=\"https:\/\/www.europesays.com\/fr\/wp-content\/uploads\/2025\/07\/25967-230321152856040-0-960x557.jpg\" alt=\"African safari propose un week-end sp\u00e9cial autour de la conservation.\" width=\"960\" height=\"557\"\/><br \/>\n    African safari propose un week-end sp\u00e9cial autour de la conservation. (\u00a9\u00a9African safari\/Kevin Spadafora)<\/p>\n<p class=\" wall-content\">Le <strong>zoo African Safa<\/strong>ri propose un week-end sp\u00e9cial du 12 au 14\u00a0juillet. Un week-end plac\u00e9 sous le signe de la sensibilisation et de l\u2019action pour la biodiversit\u00e9. Les visiteurs pourront ainsi d\u00e9couvrir les coulisses des actions men\u00e9es par le zoo pour la pr\u00e9servation des esp\u00e8ces en danger, via de nombreuses animations.<\/p>\n<p><strong>Infos pratiques\u2009:<\/strong><br \/>\nToutes les infos sur le site du<a href=\"https:\/\/www.zoo-africansafari.com\/\" target=\"_blank\" rel=\"noopener\"> zoo African safari<\/a>.#3. Dernier week-end pour Lay up<br \/>\n    <img   decoding=\"async\" loading=\"lazy\" src=\"https:\/\/www.europesays.com\/fr\/wp-content\/uploads\/2025\/07\/layup-6-960x640.jpg\" alt=\"L'exposition Layup est \u00e0 d\u00e9couvrir jusqu'\u00e0 ce week-end.\" width=\"960\" height=\"640\"\/><br \/>\n    L\u2019exposition Layup est \u00e0 d\u00e9couvrir jusqu\u2019\u00e0 ce week-end. (\u00a9L\u00e9a Afonso \/ Actu Toulouse)<\/p>\n<p class=\" wall-content\"><strong>L\u2019exposition XXL d\u00e9di\u00e9e \u00e0 l\u2019art urbain<\/strong> s\u2019ach\u00e8ve ce week-end, samedi\u00a012 et dimanche 13\u00a0juillet 2025 et une programmation sp\u00e9ciale a \u00e9t\u00e9 pens\u00e9e pour l\u2019occasion, avec des DJ set. L\u2019occasion de voir une derni\u00e8re fois les \u0153uvres monumentales de street-artistes venus de Toulouse et d\u2019ailleurs. Des \u0153uvres seront aussi r\u00e9alis\u00e9es en live.<\/p>\n<p>#4. On danse chez les pompiers<\/p>\n<p class=\" wall-content\">Week-end du 14-Juillet oblige, de nombreuses amicales de sapeurs-pompiers organisent des bals ce week-end. Les pompiers de Toulouse-Lougnon donnent ainsi rendez-vous<strong> \u00e0 la caserne Vion<\/strong>, \u00e0 Toulouse samedi 12\u00a0juillet, d\u00e8s 18\u00a0heures, pour une soir\u00e9e sur le th\u00e8me du film\u00a0Grease (restauration et buvette sur place).<\/p>\n<p class=\" wall-content\">\u00c0 <strong>Rouffiac-Tolosan<\/strong>, la f\u00eate, sur le th\u00e8me des ferias, commencera \u00e0 16\u00a0heures, avec une expo des v\u00e9hicules anciens et des jeux pour enfants et un feu d\u2019artifice sera propos\u00e9 en soir\u00e9e.<\/p>\n<p>#5. F\u00eate locale \u00e0 Colomiers<\/p>\n<p class=\" wall-content\"><strong>Colomiers<\/strong><a href=\"https:\/\/metropole.toulouse.fr\/agenda\/fete-locale-de-colomiers#\" target=\"_blank\" rel=\"noopener\"> fait sa f\u00eate locale<\/a> jusqu\u2019au lundi 14\u00a0juillet. Au programme\u2009: f\u00eate foraine, repas, animations musicales\u2026 \u00c0 d\u00e9couvrir sur la place Alex Raymond.<\/p>\n<p>#6. Dimanche des cr\u00e9ateurs<\/p>\n<p class=\" wall-content\">Une quarantaine de cr\u00e9ateurs se retrouvent tous les dimanches au niveau de la place Saint-Pierre. Un bain de cr\u00e9ativit\u00e9 dans lequel vous pourrez trouver de la d\u00e9co, des bijoux, des articles de mode, des jouets pour enfants\u2026<\/p>\n<p>#7. Le retour de la Grande roue<br \/>\n    <img   decoding=\"async\" loading=\"lazy\" src=\"https:\/\/www.europesays.com\/fr\/wp-content\/uploads\/2025\/07\/grande-roue-toulouse-960x640.jpg\" alt=\"La grande roue install\u00e9e au Port Viguerie va rythmer l'\u00e9t\u00e9.\" width=\"960\" height=\"640\"\/><br \/>\n    La grande roue install\u00e9e au Port Viguerie va rythmer l\u2019\u00e9t\u00e9. (\u00a9Marie Lamarque \/ Actu Toulouse)<\/p>\n<p class=\" wall-content\">L\u2019une des attractions incontournables de l\u2019\u00e9t\u00e9 est de retour \u00e0<strong> Toulouse<\/strong>. La Grande roue sera de retour en bord de Garonne \u00e0 partir du lundi 14\u00a0juillet, quai Viguerie.<\/p>\n<p><strong>Infos pratiques\u2009:<\/strong><br \/>Tarif adulte\u2009: 7\u00a0euros\u2009; tarif enfant\u2009: 5\u00a0euros jusqu\u2019\u00e0 11\u00a0ans.<\/p>\n<p>#8. Long Ma \u00e0 la Halle de la machine<br \/>\n    <img   decoding=\"async\" loading=\"lazy\" src=\"https:\/\/www.europesays.com\/fr\/wp-content\/uploads\/2025\/07\/long-ma-fumee-halle-de-la-machine-toulouse-lf-960x640.jpg\" alt=\"Long Ma est de retour \u00e0 la Halle de la machine.\" width=\"960\" height=\"640\"\/><br \/>\n    Long Ma est de retour \u00e0 la Halle de la machine. (\u00a9Actu Toulouse\/ L.F.)<\/p>\n<p class=\" wall-content\">C\u2019est le grand retour de Long ma, la jument-dragonne <strong>\u00e0 la Halle de la Machine<\/strong>. Cette machine g\u00e9ante cr\u00e9\u00e9e pour le 50e anniversaire des relations diplomatiques France-Chine est \u00e0 admirer tout l\u2019\u00e9t\u00e9 et m\u00eame au-del\u00e0\u2009: elle restera en effet \u00e0 Toulouse jusqu\u2019au 4\u00a0janvier 2026.<\/p>\n<p>#9. La f\u00eate \u00e0 la Cartoucherie<\/p>\n<p class=\" wall-content\">Les <strong>Halles de la Cartoucherie<\/strong> sont en f\u00eate jusqu\u2019au 16\u00a0juillet. March\u00e9 de plein vent, march\u00e9 de producteurs, soir\u00e9es festives du sud-ouest ou encore visites guid\u00e9es pour d\u00e9couvrir le quartier sont au programme.<\/p>\n<p class=\" wall-content\">Toutes les infos <a href=\"https:\/\/halles-cartoucherie.fr\/agenda\/\" target=\"_blank\" rel=\"noopener\">sur le site des Halles de la Cartoucherie<\/a>.<\/p>\n<p>#10. Ap\u00e9ro funky au Bikini<br \/>\n    <img   decoding=\"async\" loading=\"lazy\" src=\"https:\/\/www.europesays.com\/fr\/wp-content\/uploads\/2025\/07\/bikini-960x640.jpg\" alt=\"Le Petit Bikini propose un ap\u00e9ro Funky.\" width=\"960\" height=\"640\"\/><br \/>\n    Le Petit Bikini propose un ap\u00e9ro Funky. (\u00a9Bikini)<\/p>\n<p class=\" wall-content\">Le Petit Bikini,<strong> la guinguette du Bikini<\/strong>, passe en mode Funk ce samedi 12\u00a0juillet 2025, avec un ap\u00e9ro funky. Au programme\u2009: piscine, food, cocktails, jeux et animations.<\/p>\n<p>Infos pratiques\u2009:<br \/>\nToutes les infos <a href=\"https:\/\/lebikini.com\/2025\/07\/12\/apero-funky\" target=\"_blank\" rel=\"noopener\">sur le site du Bikini<\/a>. R\u00e9servations au\u00a005\u200962\u200924\u200909\u200950.#11. Immersion dans la peinture de Claude Monet<br \/>\n    <img   decoding=\"async\" loading=\"lazy\" src=\"https:\/\/www.europesays.com\/fr\/wp-content\/uploads\/2025\/07\/capture-decran-2025-06-16-a-185009-960x640.png\" alt=\"Une toute nouvelle exp\u00e9rience arrive au Bazacle \u00e0 Toulouse pour l'\u00e9t\u00e9\" width=\"960\" height=\"640\"\/><br \/>\n    Une toute nouvelle exp\u00e9rience arrive au Bazacle \u00e0 Toulouse pour l\u2019\u00e9t\u00e9 (\u00a9Capture d\u2019\u00e9cran facebook Claude Monet Budapest \u2013 The Immersive Experience)<\/p>\n<p class=\" wall-content\">Les espaces EDF Bazacle accueillent cet \u00e9t\u00e9 une exposition immersive d\u00e9di\u00e9e aux peintures de Claude Monet. Les \u0153uvres sont projet\u00e9es sur 360\u00b0, y compris au sol et permettent de d\u00e9couvrir le travail de l\u2019artiste dans le temps.<\/p>\n<p>Infos pratiques\u2009:<br \/>\u00a0\u00bb Monet\u2009: The Immersive Experience\u2009\u00bb. Tarifs\u2009: 19,90\u20ac (tarif normal) \u00e0 26,90\u20ac (tarif VIP) pour un adulte\u2009; 10,90 \u00e0 17,90\u20ac (VIP) pour un enfant (jusqu\u2019\u00e0 12\u00a0ans). Aux Espaces EDF Bazacle (11 quai Saint-Pierre, \u00e0 Toulouse). Plus d\u2019infos sur le site de l\u2019expo.<\/p>\n<p>\u00a0<\/p>\n<p class=\" wall-content\">Suivez toute l\u2019actualit\u00e9 de vos villes et m\u00e9dias favoris en vous inscrivant \u00e0 <a href=\"https:\/\/moncompte.actu.fr\" title=\"D\u00e9couvez Mon Actu\" rel=\"nofollow noopener\" data-trk=\"{&quot;cta&quot;:{&quot;action&quot;:&quot;https:\\\/\\\/moncompte.actu.fr&quot;,&quot;category&quot;:&quot;mon compte&quot;,&quot;from&quot;:&quot;article footer&quot;,&quot;name&quot;:&quot;Mon actu&quot;,&quot;type&quot;:&quot;cta&quot;}}\" target=\"_blank\">Mon Actu<\/a>.<\/p>\n","protected":false},"excerpt":{"rendered":"Par Lucie Fraisse Publi\u00e9 le 9 juil. 2025 \u00e0 19h16 Si vous ne profitez pas de ce long&hellip;\n","protected":false},"author":2,"featured_media":238467,"comment_status":"","ping_status":"","sticky":false,"template":"","format":"standard","meta":{"footnotes":""},"categories":[2816],"tags":[1111,11,1777,674,1011,27,1652,12,2680,25,1341,2312],"class_list":{"0":"post-238466","1":"post","2":"type-post","3":"status-publish","4":"format-standard","5":"has-post-thumbnail","7":"category-toulouse","8":"tag-actu","9":"tag-actualites","10":"tag-eu","11":"tag-europe","12":"tag-fr","13":"tag-france","14":"tag-loisirs-culture","15":"tag-news","16":"tag-occitanie","17":"tag-republique-francaise","18":"tag-sortir-a-toulouse","19":"tag-toulouse"},"share_on_mastodon":{"url":"https:\/\/pubeurope.com\/@fr\/114825249998877996","error":""},"_links":{"self":[{"href":"https:\/\/www.europesays.com\/fr\/wp-json\/wp\/v2\/posts\/238466","targetHints":{"allow":["GET"]}}],"collection":[{"href":"https:\/\/www.europesays.com\/fr\/wp-json\/wp\/v2\/posts"}],"about":[{"href":"https:\/\/www.europesays.com\/fr\/wp-json\/wp\/v2\/types\/post"}],"author":[{"embeddable":true,"href":"https:\/\/www.europesays.com\/fr\/wp-json\/wp\/v2\/users\/2"}],"replies":[{"embeddable":true,"href":"https:\/\/www.europesays.com\/fr\/wp-json\/wp\/v2\/comments?post=238466"}],"version-history":[{"count":0,"href":"https:\/\/www.europesays.com\/fr\/wp-json\/wp\/v2\/posts\/238466\/revisions"}],"wp:featuredmedia":[{"embeddable":true,"href":"https:\/\/www.europesays.com\/fr\/wp-json\/wp\/v2\/media\/238467"}],"wp:attachment":[{"href":"https:\/\/www.europesays.com\/fr\/wp-json\/wp\/v2\/media?parent=238466"}],"wp:term":[{"taxonomy":"category","embeddable":true,"href":"https:\/\/www.europesays.com\/fr\/wp-json\/wp\/v2\/categories?post=238466"},{"taxonomy":"post_tag","embeddable":true,"href":"https:\/\/www.europesays.com\/fr\/wp-json\/wp\/v2\/tags?post=238466"}],"curies":[{"name":"wp","href":"https:\/\/api.w.org\/{rel}","templated":true}]}}