{"id":238468,"date":"2025-07-09T20:51:22","date_gmt":"2025-07-09T20:51:22","guid":{"rendered":"https:\/\/www.europesays.com\/fr\/238468\/"},"modified":"2025-07-09T20:51:22","modified_gmt":"2025-07-09T20:51:22","slug":"a-une-heure-de-lille-assistez-a-un-sublime-spectacle-alice-au-pays-des-merveilles-dans-un-chateau","status":"publish","type":"post","link":"https:\/\/www.europesays.com\/fr\/238468\/","title":{"rendered":"\u00c0 une heure de Lille, assistez \u00e0 un sublime spectacle Alice au Pays des Merveilles dans un ch\u00e2teau"},"content":{"rendered":"<p>            Par<br \/>\n        <strong><br \/>\n            <a href=\"https:\/\/actu.fr\/auteur\/redaction-lille\" title=\"Consulter tous les articles de R\u00e9daction Lille\" target=\"_blank\" rel=\"noopener\">R\u00e9daction Lille<\/a><br \/>\n        <\/strong><\/p>\n<p>        Publi\u00e9 le<\/p>\n<p>            9 juil. 2025 \u00e0 16h10        <\/p>\n<p>Cet \u00e9t\u00e9, plongez dans la magie. Du 17\u00a0juillet au 18\u00a0ao\u00fbt 2025, l\u2019univers fantasmagorique d\u2019<b>Alice au Pays des Merveilles<\/b> s\u2019invite au <b>ch\u00e2teau de Beloeil<\/b>, en <b>Belgique<\/b>. \u00c0 une heure de route de <b>Lille<\/b>, vivez un <b>spectacle<\/b> d\u00e9ambulatoire \u00e9poustouflant avec pas moins d\u2019une <b>centaine d\u2019artistes <\/b>et des effets sp\u00e9ciaux. Il est m\u00eame possible de manger et dormir sur place\u2009! Le dimanche 20\u00a0juillet, <b>Le Bal d\u2019Alice<\/b>, avec <b>l\u2019artiste belge Alice en the Roof<\/b>, enchantera le parc du \u00ab\u2009Versailles belge\u2009\u00bb avec <b>concert<\/b>, <b>DJ sets<\/b>, <b>feu d\u2019artifice<\/b> et <b>bar Paix Dieu<\/b>.<\/p>\n<p>Un spectacle d\u00e9ambulatoire et immersif de deux heures<\/p>\n<p class=\" wall-content\">Apr\u00e8s Le Tour du monde en 80\u00a0jours (2024), Peter pan (2023) et Pinocchio (2022), les Nocturnales proposent le spectacle Alice au Pays des Merveilles, pour ravir les plus r\u00eaveurs d\u2019entre vous. Cet \u00e9t\u00e9, ce sont<b> plus de 100 artistes, com\u00e9diens, danseurs, acrobates, circassiens, ou encore jongleurs de feu<\/b>, qui vous immergeront dans l\u2019univers f\u00e9\u00e9rique de Lewis Caroll. Le tout sera mis en sc\u00e8ne par Luc Petit, directeur artistique des Nocturnales et metteur en sc\u00e8ne de grande envergure (Disneyland Paris, Le Cirque du Soleil).<\/p>\n<p class=\" wall-content\"><a href=\"https:\/\/www.instagram.com\/p\/DKHxiR9qpeu\/embed\" title=\"Ouvrir le lien sur Instagram\" target=\"_blank\" rel=\"noopener\">Visualiser le contenu sur Instagram<\/a><\/p>\n<p class=\" wall-content\">Le sc\u00e9nario sera sign\u00e9 Jean-Louis Godet, et la chor\u00e9graphie sera pens\u00e9e par Malika Benjelloun. Le spectacle m\u00ealera<b> th\u00e9\u00e2tre, acrobaties, musique, effets visuels et pyrotechniques<\/b>, et vous d\u00e9ambulerez entre <b>plusieurs sc\u00e8nes r\u00e9parties \u00e0 travers le jardin \u00e0 la fran\u00e7aise du ch\u00e2teau de Beloeil<\/b>, guid\u00e9s par le lapin blanc.<\/p>\n<p class=\" wall-content\">\u00ab\u2009Quels sont les prodiges qui vont se r\u00e9v\u00e9ler au d\u00e9tour des all\u00e9es du parc\u2009? Le lapin blanc va-t-il gagner sa course contre le temps\u2009? Parviendrez-vous \u00e0 d\u00e9busquer le chapelier toqu\u00e9, jou\u00e9 par le d\u00e9lirant Bruno Coppens qui a plus d\u2019un jeu de mots dans son chapeau\u2009!\u2009\u00bb lit-on sur le site du spectacle.<\/p>\n<p class=\" wall-content\">Le parcours durera environ deux heures, au cours desquelles les spectateurs contempleront assis les multiples spectacles. Bonus pour les d\u00e9parts de 20\u2009h\u200930 et de 21\u2009h\u200930\u2009: le ciel sera suffisamment sombre pour profiter au maximum des illuminations\u2009!<\/p>\n<p>Vid\u00e9os : en ce moment sur Actu<\/p>\n<p class=\" wall-content\"><a href=\"https:\/\/www.instagram.com\/p\/DKw1q9uNKb8\/embed\" title=\"Ouvrir le lien sur Instagram\" target=\"_blank\" rel=\"noopener\">Visualiser le contenu sur Instagram<\/a><\/p>\n<p class=\" wall-content\">Les organisateurs ont \u00e9galement pr\u00e9vu le \u00ab\u2009Glamping Alice\u2009\u00bb, des <b>h\u00e9bergements idylliques<\/b> et hors du commun, dans le th\u00e8me du spectacle, vous immergeant encore davantage dans le conte. Pour vous restaurer, vous pourrez vous rendre au <b>Buffet d\u2019Alice<\/b>, et go\u00fbter la c\u00f4te \u00e0 l\u2019os du Roi, le tout dans une majestueuse montgolfi\u00e8re au sol, ou au fast-food du Chapelier pour les plus press\u00e9s d\u2019entre vous. Apr\u00e8s tout, vous ne serez pas les seuls \u00e0 courir contre la montre\u2009! Enfin, chaque samedi et dimanche matin, un <b>brunch<\/b> est propos\u00e9.<\/p>\n<p>Le Bal d\u2019Alice, point d\u2019orgue de l\u2019\u00e9v\u00e9nement avec concert, DJ sets, feu d\u2019artifice et bar Paix Dieu<\/p>\n<p class=\" wall-content\">Le dimanche 20\u00a0juillet, le bassin de Neptune, dans le parc du ch\u00e2teau, se m\u00e9tamorphose pour accueillir le concert \u00e9lectro-pop de l\u2019artiste belge Alice en the Roof, mis en sc\u00e8ne par Luc Petit. Au programme\u2009: DJ sets \u00e0 l\u2019Orangerie d\u00e8s 18\u2009h, le concert sur l\u2019eau d\u2019Alice on the Roof au bassin de Neptune \u00e0 22\u2009h, le feu d\u2019artifice au m\u00eame endroit \u00e0 22\u2009h\u200945, et un dernier DJ set pour cl\u00f4turer la soir\u00e9e en beaut\u00e9.<\/p>\n<p class=\" wall-content\"><a href=\"https:\/\/www.instagram.com\/p\/DJUPz7wCxGC\/embed\" title=\"Ouvrir le lien sur Instagram\" target=\"_blank\" rel=\"noopener\">Visualiser le contenu sur Instagram<\/a><\/p>\n<p class=\" wall-content\">Tout au long du spectacle, la <b>Brasserie Caulier<\/b> investit les bords du bassin du jardin \u00e0 la fran\u00e7aise. Profitez d\u2019un <b>bar Paix Dieu \u00e9ph\u00e9m\u00e8re<\/b> et festif dot\u00e9 d\u2019une magnifique terrasse. D\u00e9couvrez au passage la toute derni\u00e8re cr\u00e9ation de la brasserie, la <a href=\"https:\/\/actu.fr\/hauts-de-france\/lille_59350\/la-maison-paix-dieu-rouvre-ses-portes-dans-le-vieux-lille-en-mode-garden-party_62697480.html\" target=\"_blank\" rel=\"noopener\">Paix Dieu Nova<\/a>, plus l\u00e9g\u00e8re que sa grande s\u0153ur.<\/p>\n<p class=\" wall-content\">Pour assister au spectacle ou au Bal d\u2019Alice, <a href=\"https:\/\/aliceaupaysdesmerveilles.nocturnales.be\/\" target=\"_blank\" rel=\"noopener\">la billetterie en ligne est disponible sur le site<\/a>. Les prix\u2009? Entre 35 et 41,50\u00a0euros selon l\u2019\u00e2ge des spectateurs, et gratuit pour les moins de 3\u00a0ans. Pour le Bal d\u2019Alice, une r\u00e9duction est appliqu\u00e9e pour les 500 premiers \u00e0 acheter un billet\u2009: 30,50\u00a0euros au lieu de 50\u2009!<\/p>\n<p class=\" wall-content\"><b>Lina Melhem<\/b><\/p>\n<p class=\" wall-content\">Suivez toute l\u2019actualit\u00e9 de vos villes et m\u00e9dias favoris en vous inscrivant \u00e0 <a href=\"https:\/\/moncompte.actu.fr\" title=\"D\u00e9couvez Mon Actu\" rel=\"nofollow noopener\" data-trk=\"{&quot;cta&quot;:{&quot;action&quot;:&quot;https:\\\/\\\/moncompte.actu.fr&quot;,&quot;category&quot;:&quot;mon compte&quot;,&quot;from&quot;:&quot;article footer&quot;,&quot;name&quot;:&quot;Mon actu&quot;,&quot;type&quot;:&quot;cta&quot;}}\" target=\"_blank\">Mon Actu<\/a>.<\/p>\n<p>                    <script async src=\"\/\/www.instagram.com\/embed.js\"><\/script><\/p>\n","protected":false},"excerpt":{"rendered":"Par R\u00e9daction Lille Publi\u00e9 le 9 juil. 2025 \u00e0 16h10 Cet \u00e9t\u00e9, plongez dans la magie. Du 17\u00a0juillet&hellip;\n","protected":false},"author":2,"featured_media":238469,"comment_status":"","ping_status":"","sticky":false,"template":"","format":"standard","meta":{"footnotes":""},"categories":[2815],"tags":[1111,11,1777,674,1011,27,811,1307,1652,12,25,853],"class_list":{"0":"post-238468","1":"post","2":"type-post","3":"status-publish","4":"format-standard","5":"has-post-thumbnail","7":"category-lille","8":"tag-actu","9":"tag-actualites","10":"tag-eu","11":"tag-europe","12":"tag-fr","13":"tag-france","14":"tag-hauts-de-france","15":"tag-lille","16":"tag-loisirs-culture","17":"tag-news","18":"tag-republique-francaise","19":"tag-spectacles"},"share_on_mastodon":{"url":"https:\/\/pubeurope.com\/@fr\/114825257861987673","error":""},"_links":{"self":[{"href":"https:\/\/www.europesays.com\/fr\/wp-json\/wp\/v2\/posts\/238468","targetHints":{"allow":["GET"]}}],"collection":[{"href":"https:\/\/www.europesays.com\/fr\/wp-json\/wp\/v2\/posts"}],"about":[{"href":"https:\/\/www.europesays.com\/fr\/wp-json\/wp\/v2\/types\/post"}],"author":[{"embeddable":true,"href":"https:\/\/www.europesays.com\/fr\/wp-json\/wp\/v2\/users\/2"}],"replies":[{"embeddable":true,"href":"https:\/\/www.europesays.com\/fr\/wp-json\/wp\/v2\/comments?post=238468"}],"version-history":[{"count":0,"href":"https:\/\/www.europesays.com\/fr\/wp-json\/wp\/v2\/posts\/238468\/revisions"}],"wp:featuredmedia":[{"embeddable":true,"href":"https:\/\/www.europesays.com\/fr\/wp-json\/wp\/v2\/media\/238469"}],"wp:attachment":[{"href":"https:\/\/www.europesays.com\/fr\/wp-json\/wp\/v2\/media?parent=238468"}],"wp:term":[{"taxonomy":"category","embeddable":true,"href":"https:\/\/www.europesays.com\/fr\/wp-json\/wp\/v2\/categories?post=238468"},{"taxonomy":"post_tag","embeddable":true,"href":"https:\/\/www.europesays.com\/fr\/wp-json\/wp\/v2\/tags?post=238468"}],"curies":[{"name":"wp","href":"https:\/\/api.w.org\/{rel}","templated":true}]}}