{"id":238475,"date":"2025-07-09T20:55:11","date_gmt":"2025-07-09T20:55:11","guid":{"rendered":"https:\/\/www.europesays.com\/fr\/238475\/"},"modified":"2025-07-09T20:55:11","modified_gmt":"2025-07-09T20:55:11","slug":"malgre-la-discipline-financiere-le-but-reste-leurope-pour-lyon","status":"publish","type":"post","link":"https:\/\/www.europesays.com\/fr\/238475\/","title":{"rendered":"malgr\u00e9 la \u00abdiscipline financi\u00e8re\u00bb, \u00able but reste l\u2019Europe\u00bb pour Lyon"},"content":{"rendered":"<p>Directeur g\u00e9n\u00e9ral de l\u2019OL, Michael Gerlinger a fait le point sur les ambitions du club apr\u00e8s son maintien en Ligue 1.<\/p>\n<p class=\"fig-paragraph\">Le soulagement \u00e0 Lyon.\u00a0<a href=\"http:\/\/www.lefigaro.fr\/sports\/football\/ligue-1\/foot-catastrophe-pour-l-olympique-lyonnais-relegue-en-ligue-2-par-la-dncg-20250624\" data-fig-type=\"NewsFlash\" data-gtm-custom-categorie=\"navigation\" data-gtm-custom-action=\"crossclick\" data-gtm-custom-label=\"Contextuel\" data-gtm-event=\"customEventSPE\" data-fig-domain=\"LEFIGARO\" rel=\"nofollow noopener\" target=\"_blank\">Rel\u00e9gu\u00e9 en Ligue 2 par la DNCG le 25 juin dernier<\/a>, le club rhodanien a fait valoir ses droits et a convaincu la commission d\u2019appel ce mercredi, sous la houlette de la nouvelle patronne du club, Michele Kang.\u00a0<a href=\"http:\/\/www.lefigaro.fr\/sports\/football\/ligue-1\/foot-entendu-en-appel-lyon-sauve-sa-place-en-ligue-1-20250709\" data-fig-type=\"NewsFlash\" data-gtm-custom-categorie=\"navigation\" data-gtm-custom-action=\"crossclick\" data-gtm-custom-label=\"Contextuel\" data-gtm-event=\"customEventSPE\" data-fig-domain=\"LEFIGARO\" rel=\"nofollow noopener\" target=\"_blank\">Les joueurs de Paulo Fonseca repartent en Ligue 1<\/a>. La nouvelle pr\u00e9sidente de l\u2019OL \u00e9tait accompagn\u00e9e par son directeur g\u00e9n\u00e9ral, Michael Gerlinger, pour faire le point devant les journalistes, au Groupama Stadium. Ancien du Bayern, ce dernier a lou\u00e9 les qualit\u00e9s de la milliardaire de 66 ans, \u00abun leader extraordinaire, sans elle \u00e7a n\u2019aurait pas \u00e9t\u00e9 possible\u00bb, a-t-il indiqu\u00e9.<\/p>\n<p class=\"fig-paragraph\">L\u2019OL doit toutefois composer avec \u00abl\u2019encadrement de la masse salariale et des indemnit\u00e9s de mutation sur le budget Ligue 1 2025-2026 propos\u00e9\u00bb. Rien d\u2019inqui\u00e9tant \u00e0 en croire Michael Gerlinger, m\u00eame s\u2019il conviendra de faire des \u00e9conomies dans les mois \u00e0 venir\u2026 \u00abCe n\u2019est pas un plan d\u2019aust\u00e9rit\u00e9 mais de discipline financi\u00e8re. On a propos\u00e9 un budget en termes de masse salariale et de transferts. La commission d\u2019appel a pris ce budget pour l\u2019encadrement. \u00c7a ne fait donc pas de diff\u00e9rence par rapport au budget qu\u2019on avait pr\u00e9vu. La d\u00e9cision d\u2019aujourd\u2019hui a confirm\u00e9 qu\u2019on jouera en Ligue 1 avec le plan qu\u2019on a soumis. (\u2026) On a adapt\u00e9 le budget par rapport \u00e0 celui qu\u2019on avait propos\u00e9 le 24 juin \u00e0 la DNCG avec les fonds re\u00e7us de la part des pr\u00eateurs et des actionnaires. Mais il n\u2019y a pas beaucoup de diff\u00e9rences. On va analyser avec Mathieu Louis-Jean et les \u00e9quipes sportives l\u2019impact du budget qu\u2019on a soumis \u00e0 la commission d\u2019appel mais il n\u2019y a pas beaucoup de changements\u00bb, jure-t-il.<\/p>\n<blockquote class=\"fig-quote&#10;    \">\n<p class=\"fig-quote__text\">Le succ\u00e8s commercial d\u00e9pend du succ\u00e8s sportif<\/p>\n<p>            Michael Gerlinger\n    <\/p><\/blockquote>\n<p>                                    <a class=\"fig-a11y-skip a11y-hidden\" href=\"#fig-a11y-skip-main-inarticle\"><br \/>\n        Passer la publicit\u00e9<br \/>\n    <\/a><\/p>\n<p class=\"fig-paragraph\">Il faut \u00e9videmment s\u2019attendre \u00e0 certains d\u00e9parts avant la fin du mercato. \u00abBien s\u00fbr, il y a des cessions de joueurs dans le budget, comme tous les ans pour tous les clubs. Le plan sportif soumis \u00e0 la commission d\u2019appel \u00e0 un budget pour les cessions de joueurs et la masse salariale. On a l\u00e9g\u00e8rement adapt\u00e9 ce plan par rapport au plan du 24 juin, l\u00e9g\u00e8rement, on analysera l\u2019impact dans les prochains jours\u00bb, a encore martel\u00e9 Gerlinger, pr\u00e9cisant qu\u2019il y a \u00abtoujours plusieurs alternatives sur un plan de mercato. Il faut voir quel mix on veut faire. C\u2019est un ensemble, un plan sportif \u00e0 \u00e9tablir, on a beaucoup de confiance en Mathieu Louis-Jean et ses coll\u00e8gues pour trouver le bon mix\u00bb.<\/p>\n<p class=\"fig-paragraph\">Quid des ambitions pour la saison prochaine\u00a0? \u00abJe suis tr\u00e8s content d\u2019\u00eatre avec Michele comme pr\u00e9sidente. Le succ\u00e8s commercial d\u00e9pend du succ\u00e8s sportif. Il faut trouver le bon \u00e9quilibre. Il faut gagner, de l\u2019exigence sportive. Le but reste l\u2019Europe, on veut disputer les comp\u00e9titions europ\u00e9ennes, on va trouver les moyens pour se battre comme la saison derni\u00e8re, on a presque atteint la quatri\u00e8me, voire la troisi\u00e8me place, on veut de nouveau se battre pour les places europ\u00e9ennes la saison prochaine\u00bb, affirme Michael Gerlinger. Rappelons que l\u2019OL a termin\u00e9 \u00e0 la sixi\u00e8me place en Ligue 1 lors de la saison \u00e9coul\u00e9e. Les Gones disputeront la Ligue Europa lors de la campagne 2025-26.<\/p>\n","protected":false},"excerpt":{"rendered":"Directeur g\u00e9n\u00e9ral de l\u2019OL, Michael Gerlinger a fait le point sur les ambitions du club apr\u00e8s son maintien&hellip;\n","protected":false},"author":2,"featured_media":238476,"comment_status":"","ping_status":"","sticky":false,"template":"","format":"standard","meta":{"footnotes":""},"categories":[1889],"tags":[1111,11,2430,1777,674,1011,27,2428,12,978,25],"class_list":{"0":"post-238475","1":"post","2":"type-post","3":"status-publish","4":"format-standard","5":"has-post-thumbnail","7":"category-lyon","8":"tag-actu","9":"tag-actualites","10":"tag-auvergne-rhone-alpes","11":"tag-eu","12":"tag-europe","13":"tag-fr","14":"tag-france","15":"tag-lyon","16":"tag-news","17":"tag-olympique-lyonnais","18":"tag-republique-francaise"},"share_on_mastodon":{"url":"https:\/\/pubeurope.com\/@fr\/114825273173771051","error":""},"_links":{"self":[{"href":"https:\/\/www.europesays.com\/fr\/wp-json\/wp\/v2\/posts\/238475","targetHints":{"allow":["GET"]}}],"collection":[{"href":"https:\/\/www.europesays.com\/fr\/wp-json\/wp\/v2\/posts"}],"about":[{"href":"https:\/\/www.europesays.com\/fr\/wp-json\/wp\/v2\/types\/post"}],"author":[{"embeddable":true,"href":"https:\/\/www.europesays.com\/fr\/wp-json\/wp\/v2\/users\/2"}],"replies":[{"embeddable":true,"href":"https:\/\/www.europesays.com\/fr\/wp-json\/wp\/v2\/comments?post=238475"}],"version-history":[{"count":0,"href":"https:\/\/www.europesays.com\/fr\/wp-json\/wp\/v2\/posts\/238475\/revisions"}],"wp:featuredmedia":[{"embeddable":true,"href":"https:\/\/www.europesays.com\/fr\/wp-json\/wp\/v2\/media\/238476"}],"wp:attachment":[{"href":"https:\/\/www.europesays.com\/fr\/wp-json\/wp\/v2\/media?parent=238475"}],"wp:term":[{"taxonomy":"category","embeddable":true,"href":"https:\/\/www.europesays.com\/fr\/wp-json\/wp\/v2\/categories?post=238475"},{"taxonomy":"post_tag","embeddable":true,"href":"https:\/\/www.europesays.com\/fr\/wp-json\/wp\/v2\/tags?post=238475"}],"curies":[{"name":"wp","href":"https:\/\/api.w.org\/{rel}","templated":true}]}}