{"id":238478,"date":"2025-07-09T20:58:14","date_gmt":"2025-07-09T20:58:14","guid":{"rendered":"https:\/\/www.europesays.com\/fr\/238478\/"},"modified":"2025-07-09T20:58:14","modified_gmt":"2025-07-09T20:58:14","slug":"a-paris-une-piste-cyclable-nommee-en-hommage-a-paul-varry-tue-par-un-automobiliste-en-suv","status":"publish","type":"post","link":"https:\/\/www.europesays.com\/fr\/238478\/","title":{"rendered":"\u00c0 Paris, une piste cyclable nomm\u00e9e en hommage \u00e0 Paul Varry, tu\u00e9 par un automobiliste en SUV"},"content":{"rendered":"<p>        <img decoding=\"async\" loading=\"lazy\" src=\"https:\/\/www.europesays.com\/fr\/wp-content\/uploads\/2025\/07\/ebadf8b_upload-1-jh13oceidclw-capture-d-a-cran-2025-07-09-205634.png\"  width=\"728\" height=\"409\" alt=\"\u00c0 Paris, une piste cyclable nomm\u00e9e en hommage \u00e0 Paul Varry, tu\u00e9 par un automobiliste en SUV (Photo d\u2019Anne Hidalgo (\u00e0 gauche) lors de l\u2019inauguration de la piste cyclable Paul Varry le 9\u00a0juillet 2025\u00a0avec la F\u00e9d\u00e9ration fran\u00e7aise des Usag\u00e8res et des usagers de la Bicyclette)\"\/>  <\/p>\n<p>Capture X\/@FUB_fr<\/p>\n<p>\u00c0 Paris, une piste cyclable nomm\u00e9e en hommage \u00e0 Paul Varry, tu\u00e9 par un automobiliste en SUV (Photo d\u2019Anne Hidalgo (\u00e0 gauche) lors de l\u2019inauguration de la piste cyclable Paul Varry le 9\u00a0juillet 2025\u00a0avec la F\u00e9d\u00e9ration fran\u00e7aise des Usag\u00e8res et des usagers de la Bicyclette)<\/p>\n<p class=\"asset asset-text\">PARIS &#8211; La ville de Paris a inaugur\u00e9 ce mercredi 9\u00a0juillet dans le centre de la capitale une piste cyclable portant le nom de Paul Varry, le jeune cycliste tu\u00e9 par un <a href=\"https:\/\/www.huffingtonpost.fr\/insolite\/article\/violences-routieres-a-nice-cet-artiste-a-litteralement-les-boules-face-aux-suv_242461.html\" rel=\"nofollow noopener\" target=\"_blank\">automobiliste en SUV<\/a> en octobre\u00a02024.<\/p>\n<p class=\"asset asset-text\">C\u2019est la premi\u00e8re\u00a0<a href=\"https:\/\/www.huffingtonpost.fr\/actualites\/article\/a-paris-des-boulevards-pourraient-etre-transformes-en-pistes-cyclables_162853.html\" rel=\"nofollow noopener\" target=\"_blank\">piste\u00a0cyclable\u00a0de France<\/a> \u00e0 porter un nom officiel, \u00ab\u00a0un acte symbolique qui restera dans l\u2019histoire de Paris\u00a0\u00bb, a d\u00e9clar\u00e9 la maire de Paris Anne Hidalgo lors d\u2019une c\u00e9r\u00e9monie o\u00f9 la plaque a \u00e9t\u00e9 d\u00e9voil\u00e9e.<\/p>\n<p class=\"asset asset-text\">\u00ab\u00a0Paul a \u00e9t\u00e9 assassin\u00e9\u00a0\u00bb, a d\u00e9nonc\u00e9 l\u2019\u00e9dile socialiste, s\u2019en prenant \u00e0 \u00ab\u00a0la violence des lobbies et des virilistes \u00e0 bord de leurs grosses voitures\u00a0\u00bb.<\/p>\n<p> La lecture de ce contenu est susceptible d\u2019entra\u00eener un d\u00e9p\u00f4t de cookies de la part de l\u2019op\u00e9rateur tiers qui l\u2019h\u00e9berge. Compte-tenu des choix que vous avez exprim\u00e9s en mati\u00e8re de d\u00e9p\u00f4t de cookies, nous avons bloqu\u00e9 l\u2019affichage de ce contenu. Si vous souhaitez y acc\u00e9der, vous devez accepter la cat\u00e9gorie de cookies \u201cContenus tiers\u201d en cliquant sur le bouton ci-dessous. <\/p>\n<p> Lire la Vid\u00e9o        \u00ab\u00a0Habitu\u00e9 \u00e0 subir la violence motoris\u00e9e\u00a0\u00bb    <\/p>\n<p class=\"asset asset-text\">Paul Varry, 27\u00a0ans, militait \u00e0 l\u2019association Paris en selle qui d\u00e9fend un usage accru du v\u00e9lo dans la capitale. \u00ab\u00a0Paul a pass\u00e9 sa vie \u00e0 s\u2019engager, dans les associations et au conseil de quartier\u00a0\u00bb, a salu\u00e9 Ariel Weil, maire PS de Paris Centre.<\/p>\n<p class=\"asset asset-text\">\u00ab\u00a0Comme tous les cyclistes, Paul \u00e9tait habitu\u00e9 \u00e0 subir la violence motoris\u00e9e\u00a0\u00bb, a d\u00e9plor\u00e9, les larmes aux yeux, Anne Monmarch\u00e9, pr\u00e9sidente de Paris en selle dont Paul Varry \u00e9tait repr\u00e9sentant \u00e0 Paris Centre.<\/p>\n<p> La lecture de ce contenu est susceptible d\u2019entra\u00eener un d\u00e9p\u00f4t de cookies de la part de l\u2019op\u00e9rateur tiers qui l\u2019h\u00e9berge. Compte-tenu des choix que vous avez exprim\u00e9s en mati\u00e8re de d\u00e9p\u00f4t de cookies, nous avons bloqu\u00e9 l\u2019affichage de ce contenu. Si vous souhaitez y acc\u00e9der, vous devez accepter la cat\u00e9gorie de cookies \u201cContenus tiers\u201d en cliquant sur le bouton ci-dessous. <\/p>\n<p> Lire la Vid\u00e9o        <\/p>\n<p class=\"asset asset-text\">Pouria Amirshahi, d\u00e9put\u00e9 \u00e9cologiste de Paris, a mis en cause la \u00ab\u00a0culture de la bagnole qui flatte de mauvais instincts. Il ne s\u2019agit pas de l\u2019interdire, mais d\u2019apprendre \u00e0 cohabiter dans l\u2019espace de la ville pour \u00e9viter des drames bien trop fr\u00e9quents\u00a0\u00bb.<\/p>\n<p class=\"asset asset-text\">Paul Varry a \u00e9t\u00e9 tu\u00e9 le 15\u00a0octobre dernier par un automobiliste en SUV roulant sur une\u00a0piste\u00a0cyclable\u00a0du 8e arrondissement, \u00e0 la suite d\u2019une altercation. L\u2019auteur, accus\u00e9 d\u2019homicide volontaire, a \u00e9t\u00e9 plac\u00e9 en d\u00e9tention provisoire.<\/p>\n","protected":false},"excerpt":{"rendered":"Capture X\/@FUB_fr \u00c0 Paris, une piste cyclable nomm\u00e9e en hommage \u00e0 Paul Varry, tu\u00e9 par un automobiliste en&hellip;\n","protected":false},"author":2,"featured_media":238479,"comment_status":"","ping_status":"","sticky":false,"template":"","format":"standard","meta":{"footnotes":""},"categories":[1888],"tags":[1111,1928,11,1927,207,1777,674,1011,27,12,1926,626,1925,25,208],"class_list":{"0":"post-238478","1":"post","2":"type-post","3":"status-publish","4":"format-standard","5":"has-post-thumbnail","7":"category-paris","8":"tag-actu","9":"tag-actu-paris","10":"tag-actualites","11":"tag-actualites-paris","12":"tag-cyclisme","13":"tag-eu","14":"tag-europe","15":"tag-fr","16":"tag-france","17":"tag-news","18":"tag-news-paris","19":"tag-paris","20":"tag-paris-news","21":"tag-republique-francaise","22":"tag-velo"},"share_on_mastodon":{"url":"https:\/\/pubeurope.com\/@fr\/114825285386337730","error":""},"_links":{"self":[{"href":"https:\/\/www.europesays.com\/fr\/wp-json\/wp\/v2\/posts\/238478","targetHints":{"allow":["GET"]}}],"collection":[{"href":"https:\/\/www.europesays.com\/fr\/wp-json\/wp\/v2\/posts"}],"about":[{"href":"https:\/\/www.europesays.com\/fr\/wp-json\/wp\/v2\/types\/post"}],"author":[{"embeddable":true,"href":"https:\/\/www.europesays.com\/fr\/wp-json\/wp\/v2\/users\/2"}],"replies":[{"embeddable":true,"href":"https:\/\/www.europesays.com\/fr\/wp-json\/wp\/v2\/comments?post=238478"}],"version-history":[{"count":0,"href":"https:\/\/www.europesays.com\/fr\/wp-json\/wp\/v2\/posts\/238478\/revisions"}],"wp:featuredmedia":[{"embeddable":true,"href":"https:\/\/www.europesays.com\/fr\/wp-json\/wp\/v2\/media\/238479"}],"wp:attachment":[{"href":"https:\/\/www.europesays.com\/fr\/wp-json\/wp\/v2\/media?parent=238478"}],"wp:term":[{"taxonomy":"category","embeddable":true,"href":"https:\/\/www.europesays.com\/fr\/wp-json\/wp\/v2\/categories?post=238478"},{"taxonomy":"post_tag","embeddable":true,"href":"https:\/\/www.europesays.com\/fr\/wp-json\/wp\/v2\/tags?post=238478"}],"curies":[{"name":"wp","href":"https:\/\/api.w.org\/{rel}","templated":true}]}}