{"id":238480,"date":"2025-07-09T20:59:18","date_gmt":"2025-07-09T20:59:18","guid":{"rendered":"https:\/\/www.europesays.com\/fr\/238480\/"},"modified":"2025-07-09T20:59:18","modified_gmt":"2025-07-09T20:59:18","slug":"celine-dion-partage-des-photos-delle-a-paris-ses-fans-esperent-un-retour-dans-la-capitale","status":"publish","type":"post","link":"https:\/\/www.europesays.com\/fr\/238480\/","title":{"rendered":"C\u00e9line Dion partage des photos d&rsquo;elle \u00e0 Paris, ses fans esp\u00e8rent un retour dans la capitale !"},"content":{"rendered":"<p>Depuis que C\u00e9line a confi\u00e9 \u00eatre malade, la chanteuse qu\u00e9b\u00e9coise se fait tr\u00e8s discr\u00e8te. Ses apparitions sont rares, bien que plus nombreuses ces derniers temps. Sur Instagram ce mercredi 9 juillet, elle partage des clich\u00e9s d&rsquo;elle \u00e0 Paris, cette ville qu&rsquo;elle affectionne tout particuli\u00e8rement.<\/p>\n<p>Depuis pr\u00e8s de cinq ans, les fans de C\u00e9line Dion attendent impatiemment son retour sur le devant de la sc\u00e8ne. Repouss\u00e9e dans un premier temps \u00e0 cause de la Covid-19, la tourn\u00e9e de la chanteuse a finalement \u00e9t\u00e9 annul\u00e9e alors que plusieurs dates \u00e9taient annonc\u00e9es \u00e0 Paris. Cela fait donc plusieurs ann\u00e9es que <a href=\"https:\/\/www.programme-tv.net\/news\/people\/345871-ces-dernieres-annees-ont-ete-un-grand-defi-celine-dion-donne-des-nouvelles-sur-sa-sante-et-fait-une-grande-annonce\/\" data-api-deeplink=\"teleloisirs:\/\/news\/345871\" rel=\"nofollow noopener\" target=\"_blank\">C\u00e9line Dion se concentre sur sa sant\u00e9<\/a> apr\u00e8s avoir annonc\u00e9 \u00eatre atteinte d&rsquo;une maladie rare, <a href=\"https:\/\/www.programme-tv.net\/news\/musique\/356346-celine-dion-atteinte-du-syndrome-de-la-personne-raide-sen-sortira-t-elle-la-reponse-franche-de-sa-neurologue\/\" data-api-deeplink=\"teleloisirs:\/\/news\/356346\" rel=\"nofollow noopener\" target=\"_blank\">\u00ab\u00a0le syndrome de la personne raide\u00a0\u00bb<\/a>. Fin 2022, elle se confiait sur cette maladie rare du syst\u00e8me nerveux. Depuis, les apparitions de l&rsquo;interpr\u00e8te Pour que tu m&rsquo;aimes encore sont tr\u00e8s rares et tr\u00e8s comment\u00e9es. L&rsquo;\u00e9t\u00e9 dernier, elle surprenait le monde entier<a href=\"https:\/\/www.programme-tv.net\/news\/evenement\/jo-2024-jo-2024\/357768-ceremonie-d-ouverture-des-jo-de-paris-celine-dion-a-t-elle-chante-en-playback-ou-pas-on-a-enfin-la-reponse\/\" data-api-deeplink=\"teleloisirs:\/\/news\/357768\" rel=\"nofollow noopener\" target=\"_blank\"> en chantant au premier \u00e9tage de la Tour Eiffel<\/a> \u00e0 Paris lors de <a href=\"https:\/\/www.programme-tv.net\/news\/evenement\/jo-2024-jo-2024\/357715-jo-2024-la-ceremonie-douverture-a-t-elle-battu-le-record-historique-des-audiences-tv-en-france\/\" data-api-deeplink=\"teleloisirs:\/\/news\/357715\" rel=\"nofollow noopener\" target=\"_blank\">la c\u00e9r\u00e9monie d&rsquo;ouverture des JO 2024<\/a>.<\/p>\n<p>C\u00e9line Dion s&rsquo;affiche \u00e0 Paris&#8230; dans des clich\u00e9s d&rsquo;archives<\/p>\n<p>Parce que C\u00e9line Dion et la ville de Paris, c&rsquo;est une v\u00e9ritable histoire d&rsquo;amour. Si bien que sur Instagram ce mercredi 9 juillet, l&rsquo;artiste qu\u00e9b\u00e9coise a partag\u00e9 des photos d&rsquo;elle prises sur les toits de la capitale et plus pr\u00e9cis\u00e9ment de l\u2019Op\u00e9ra Garnier. En l\u00e9gende, elle \u00e9crit : \u00ab\u00a0Un moment de gr\u00e2ce \u00e0 l&rsquo;int\u00e9rieur d&rsquo;un des tr\u00e9sors les plus intemporels de France &#8211; l&rsquo;Op\u00e9ra de Paris Histoire, beaut\u00e9 et artistique tous sous un m\u00eame toit \u00e9poustouflant\u00a0\u00bb. Des clich\u00e9s qui pourraient faire penser que C\u00e9line Dion se trouve actuellement \u00e0 Paris, d&rsquo;autant plus qu&rsquo;elle est une adepte de la Fashion week&#8230; <a href=\"https:\/\/www.programme-tv.net\/news\/people\/383060-slimane-fait-sa-premiere-apparition-publique-et-retrouve-vitaa-a-la-fashion-week-apres-des-semaines-de-silence-photos\/\" data-api-deeplink=\"teleloisirs:\/\/news\/383060\" rel=\"nofollow noopener\" target=\"_blank\">un rendez-vous immanquable qui se d\u00e9roule en ce moment m\u00eame. <\/a>N\u00e9anmoins, les v\u00eatements qu&rsquo;elle porte confirment qu&rsquo;il s&rsquo;agit d&rsquo;archives datant de huit ans !<\/p>\n<p>                        C\u00e9line Dion encha\u00eene les publications de photos prises \u00e0 Paris<\/p>\n<p>Ce n&rsquo;est pas la premi\u00e8re fois que C\u00e9line Dion partage d&rsquo;anciennes photos d&rsquo;elle datant de plusieurs ann\u00e9es. Ce mardi, elle avait \u00e9galement publi\u00e9 une vid\u00e9o, issue d&rsquo;une s\u00e9ance photo, encore une fois \u00e0 Paris. Le 30 juin dernier, elle partageait des clich\u00e9s d&rsquo;elle pris en plein shooting&#8230; pendant la Fashion week de la capitale de la mode. Une fa\u00e7on pour elle d&rsquo;annoncer un retour imminent ? Si c&rsquo;est le cas, les fans de la chanteuse n&rsquo;attendent que \u00e7a !<\/p>\n<p><b>Une publication \u00e0 retrouver <\/b><a href=\"https:\/\/www.instagram.com\/p\/DL5PVqjRY2q\/?img_index=1\" rel=\"nofollow noopener\" target=\"_blank\"><b>ICI<\/b><\/a><b>.<\/b><\/p>\n<p>        <script async src=\"\/\/www.instagram.com\/embed.js\"><\/script><\/p>\n","protected":false},"excerpt":{"rendered":"Depuis que C\u00e9line a confi\u00e9 \u00eatre malade, la chanteuse qu\u00e9b\u00e9coise se fait tr\u00e8s discr\u00e8te. Ses apparitions sont rares,&hellip;\n","protected":false},"author":2,"featured_media":238481,"comment_status":"","ping_status":"","sticky":false,"template":"","format":"standard","meta":{"footnotes":""},"categories":[1888],"tags":[1111,1928,11,1927,7043,244,37830,1777,674,992,1011,27,708,12,1926,626,1925,25,12663],"class_list":{"0":"post-238480","1":"post","2":"type-post","3":"status-publish","4":"format-standard","5":"has-post-thumbnail","7":"category-paris","8":"tag-actu","9":"tag-actu-paris","10":"tag-actualites","11":"tag-actualites-paris","12":"tag-celine-dion","13":"tag-commentaire","14":"tag-cu00e9line-dion","15":"tag-eu","16":"tag-europe","17":"tag-fashion-week","18":"tag-fr","19":"tag-france","20":"tag-humour","21":"tag-news","22":"tag-news-paris","23":"tag-paris","24":"tag-paris-news","25":"tag-republique-francaise","26":"tag-tl"},"share_on_mastodon":{"url":"https:\/\/pubeurope.com\/@fr\/114825289115399780","error":""},"_links":{"self":[{"href":"https:\/\/www.europesays.com\/fr\/wp-json\/wp\/v2\/posts\/238480","targetHints":{"allow":["GET"]}}],"collection":[{"href":"https:\/\/www.europesays.com\/fr\/wp-json\/wp\/v2\/posts"}],"about":[{"href":"https:\/\/www.europesays.com\/fr\/wp-json\/wp\/v2\/types\/post"}],"author":[{"embeddable":true,"href":"https:\/\/www.europesays.com\/fr\/wp-json\/wp\/v2\/users\/2"}],"replies":[{"embeddable":true,"href":"https:\/\/www.europesays.com\/fr\/wp-json\/wp\/v2\/comments?post=238480"}],"version-history":[{"count":0,"href":"https:\/\/www.europesays.com\/fr\/wp-json\/wp\/v2\/posts\/238480\/revisions"}],"wp:featuredmedia":[{"embeddable":true,"href":"https:\/\/www.europesays.com\/fr\/wp-json\/wp\/v2\/media\/238481"}],"wp:attachment":[{"href":"https:\/\/www.europesays.com\/fr\/wp-json\/wp\/v2\/media?parent=238480"}],"wp:term":[{"taxonomy":"category","embeddable":true,"href":"https:\/\/www.europesays.com\/fr\/wp-json\/wp\/v2\/categories?post=238480"},{"taxonomy":"post_tag","embeddable":true,"href":"https:\/\/www.europesays.com\/fr\/wp-json\/wp\/v2\/tags?post=238480"}],"curies":[{"name":"wp","href":"https:\/\/api.w.org\/{rel}","templated":true}]}}