{"id":238492,"date":"2025-07-09T21:05:16","date_gmt":"2025-07-09T21:05:16","guid":{"rendered":"https:\/\/www.europesays.com\/fr\/238492\/"},"modified":"2025-07-09T21:05:16","modified_gmt":"2025-07-09T21:05:16","slug":"westminster-caleche-mick-jagger-revivez-la-premiere-journee-des-macron-au-royaume-uni","status":"publish","type":"post","link":"https:\/\/www.europesays.com\/fr\/238492\/","title":{"rendered":"Westminster, cal\u00e8che, Mick Jagger\u2026 Revivez la premi\u00e8re journ\u00e9e des Macron au Royaume-Uni"},"content":{"rendered":"<p><img fetchpriority=\"high\" decoding=\"async\" alt=\"Emmanuel Macron et sa femme Brigitte ont \u00e9t\u00e9 re\u00e7us \u00e0 leur arriv\u00e9e \u00e0 la base a\u00e9rienne de Northolt, dans l\u2019ouest de Londres, par le prince h\u00e9ritier William et la princesse de Galles Kate pour une visite d\u2019Etat de trois jours.\" class=\"mb-s@xs radius-0@xs radius-xxs@md c-img\" loading=\"eager\" width=\"640\" height=\"408\" src=\"https:\/\/img.20mn.fr\/IafQuRGWQ9iliioUkPeQcik\/640x408_france-s-president-emmanuel-macron-and-his-wife-brigitte-macron-are-greeted-by-britain-s-prince-william-prince-of-wales-and-britain-s-catherine-princess-of-wales-upon-arrival-at-raf-northolt-west-of-london-on-july-8-2025-on-the-first-day-of-a-three-day-state-visit-to-britain-french-president-emmanuel-macron-began-a-three-day-state-visit-to-britain-on-tuesday-which-will-see-him-address-parliament-and-try-to-rekindle-a-purportedly-warm-relationship-with-king-charles-iii-photo-by-justin-tallis-pool-afp\" \/>J.Tallis\/AFP\u2002\/\u00a0AFP<\/p>\n<p>Emmanuel Macron et sa femme Brigitte ont \u00e9t\u00e9 re\u00e7us \u00e0 leur arriv\u00e9e \u00e0 la base a\u00e9rienne de Northolt, dans l\u2019ouest de Londres, par le prince h\u00e9ritier William et la princesse de Galles Kate pour une visite d\u2019Etat de trois jours.<\/p>\n<p><img decoding=\"async\" alt=\"Le pr\u00e9sident de la R\u00e9publique et la premi\u00e8re dame se sont ensuite rendus au pied de la statue de l\u2019ancien Premier ministre britannique Winston Churchill pour lui rendre hommage et d\u00e9poser une gerbe de fleurs \u00e0 Parliament square.\" class=\"mb-s@xs radius-0@xs radius-xxs@md c-img\" loading=\"eager\" width=\"640\" height=\"408\" src=\"https:\/\/img.20mn.fr\/xUNIRANSSt6GF38Lrrw9rCk\/640x408_france-s-president-emmanuel-macron-lays-a-wreath-at-the-foot-of-a-statue-of-war-time-prime-minister-winston-churchill-in-parliament-square-central-london-on-july-8-2025-on-the-first-day-of-a-three-day-state-visit-to-britain-french-president-emmanuel-macron-began-a-three-day-state-visit-to-britain-on-tuesday-which-saw-him-address-parliament-and-try-to-rekindle-a-purportedly-warm-relationship-with-king-charles-iii-photo-by-carlos-jasso-pool-afp\" \/>C.Jasso\/AFP\u2002\/\u00a0AFP<\/p>\n<p>Le pr\u00e9sident de la R\u00e9publique et la premi\u00e8re dame se sont ensuite rendus au pied de la statue de l\u2019ancien Premier ministre britannique Winston Churchill pour lui rendre hommage et d\u00e9poser une gerbe de fleurs \u00e0 Parliament square.<\/p>\n<p><img decoding=\"async\" alt=\"Aux c\u00f4t\u00e9s du roi Charles II et de la reine Camilla, le couple pr\u00e9sidentiel a ensuite assist\u00e9 \u00e0 une c\u00e9r\u00e9monie de revue de troupes de la garde royale, et ses c\u00e9l\u00e8bres \u00ab\u00a0bearskins\u00a0\u00bb, au ch\u00e2teau de Windsor. Habituellement r\u00e9alis\u00e9e au palais de Buckingham, cette c\u00e9r\u00e9monie a \u00e9t\u00e9 d\u00e9pays\u00e9e en raison de travaux au palais royal.\" class=\"mb-s@xs radius-0@xs radius-xxs@md c-img\" loading=\"eager\" width=\"640\" height=\"408\" src=\"https:\/\/img.20mn.fr\/m6P8NnSSQHeOyXC4lvy89ik\/640x408_windsor-england-july-8-king-charles-iii-queen-camilla-president-of-france-emmanuel-macron-and-brigitte-macron-review-the-guard-of-honour-at-the-ceremonial-welcome-for-the-state-visit-to-the-uk-of-the-president-of-france-emmanuel-macron-and-his-wife-brigitte-macron-at-windsor-castle-on-july-8-2025-in-windsor-england-president-emmanuel-macron-and-mrs-brigitte-macron-visit-the-uk-in-the-first-visit-state-visit-made-by-france-in-17-years-they-are-staying-at-windsor-castle-hosted-by-king-charles-iii-and-queen-camilla-and-a-banquet-will-be-held-there-in-their-honour-the-macrons-will-visit-imperial-college-and-the-president-will-address-parliament-during-his-stay-photo-by-jaimi-joy-wpa-pool-getty-images-photo-by-wpa-pool-getty-images-europe-getty-images-via-afp\" \/>J.Joy\/Getty images\/AFP\u2002\/\u00a0AFP<\/p>\n<p>Aux c\u00f4t\u00e9s du roi Charles II et de la reine Camilla, le couple pr\u00e9sidentiel a ensuite assist\u00e9 \u00e0 une c\u00e9r\u00e9monie de revue de troupes de la garde royale, et ses c\u00e9l\u00e8bres \u00ab\u00a0bearskins\u00a0\u00bb, au ch\u00e2teau de Windsor. Habituellement r\u00e9alis\u00e9e au palais de Buckingham, cette c\u00e9r\u00e9monie a \u00e9t\u00e9 d\u00e9pays\u00e9e en raison de travaux au palais royal.<\/p>\n<p><img decoding=\"async\" alt=\"Le pr\u00e9sident s\u2019est laiss\u00e9 aller au jeu des selfies avec son \u00e9pouse Brigitte, le Premier ministre britannique, Keir Stamer (\u00e0 droite) et le v\u00e9t\u00e9ran de la Seconde Guerre mondiale Eugenius Nead lors d\u2019une c\u00e9r\u00e9monie qui a eu lieu au pied de la statue du G\u00e9n\u00e9ral de Gaulle \u00e0 Londres.\" class=\"mb-s@xs radius-0@xs radius-xxs@md c-img\" loading=\"eager\" width=\"640\" height=\"408\" src=\"https:\/\/img.20mn.fr\/37KqQUsOQKmu0AGtRuHZ2yk\/640x408_london-england-july-8-french-president-emmanuel-macron-takes-a-selfie-with-his-wife-brigitte-macron-britain-s-prime-minister-keir-starmer-and-veteran-eugenius-nead-as-they-attend-a-ceremony-at-the-statue-of-former-french-president-charles-de-gaulle-as-part-of-a-state-visit-to-the-uk-on-july-8-2025-in-london-england-president-emmanuel-macron-and-mrs-brigitte-macron-visit-the-uk-in-the-first-visit-state-visit-made-by-france-in-17-years-they-are-staying-at-windsor-castle-hosted-by-king-charles-iii-and-queen-camilla-and-a-banquet-will-be-held-there-in-their-honour-the-macrons-will-visit-imperial-college-and-the-president-will-address-parliament-during-his-stay-photo-by-suzanne-plunkett-wpa-pool-getty-images-photo-by-wpa-pool-getty-images-europe-getty-images-via-afp\" \/>S.Plunkett\/WPA Pool\/Getty images\/AFP\u2002\/\u00a0AFP<\/p>\n<p>Le pr\u00e9sident s\u2019est laiss\u00e9 aller au jeu des selfies avec son \u00e9pouse Brigitte, le Premier ministre britannique, Keir Stamer (\u00e0 droite) et le v\u00e9t\u00e9ran de la Seconde Guerre mondiale Eugenius Nead lors d\u2019une c\u00e9r\u00e9monie qui a eu lieu au pied de la statue du G\u00e9n\u00e9ral de Gaulle \u00e0 Londres.<\/p>\n<p><img decoding=\"async\" alt=\"Londres s\u2019est par\u00e9e des drapeaux des deux Nations, le bleu, blanc, rouge fran\u00e7ais et l\u2019Union Jack britannique.\" class=\"mb-s@xs radius-0@xs radius-xxs@md c-img\" loading=\"eager\" width=\"640\" height=\"408\" src=\"https:\/\/img.20mn.fr\/Mokle4noQdif0UydoyZegik\/640x408_illustration-during-his-three-day-state-visit-to-the-united-kingdom-french-president-emmanuel-macron-delivered-a-formal-address-to-members-of-both-houses-of-parliament-at-westminster-palace-his-speech-delivered-in-a-spirit-of-friendship-and-renewed-cooperation-highlighted-the-historic-ties-between-france-and-the-united-kingdom-and-called-for-strengthened-collaboration-in-areas-such-as-defense-climate-artificial-intelligence-and-global-security-this-moment-stands-as-a-key-highlight-of-the-visit-marking-a-symbolic-gesture-of-mutual-respect-and-shared-democratic-values-04sipa-sipa0515-credit-dominique-jacovides-pool-sipa-2507090911\" \/>D.Jacovides\/SIPA\u2002\/\u00a0SIPA<\/p>\n<p>Londres s\u2019est par\u00e9e des drapeaux des deux Nations, le bleu, blanc, rouge fran\u00e7ais et l\u2019Union Jack britannique.<\/p>\n<p><img decoding=\"async\" alt=\"Dans son discours prononc\u00e9 au Parlement dans la langue de Shakespeare, Emmanuel Macron a exprim\u00e9 l\u2019amiti\u00e9 et les liens historiques entre le Royaume-Uni et la France. Il en a profit\u00e9 pour appeler \u00e0 une collaboration renforc\u00e9e sur les sujets tels que la d\u00e9fense, le climat, l\u2019intelligence artificielle et la s\u00e9curit\u00e9 internationale.\" class=\"mb-s@xs radius-0@xs radius-xxs@md c-img\" loading=\"eager\" width=\"640\" height=\"408\" src=\"https:\/\/img.20mn.fr\/YRStnkvaTI--Xgh4iyoI0Sk\/640x408_brigitte-macron-lindsay-hoyle-during-his-three-day-state-visit-to-the-united-kingdom-french-president-emmanuel-macron-delivered-a-formal-address-to-members-of-both-houses-of-parliament-at-westminster-palace-his-speech-delivered-in-a-spirit-of-friendship-and-renewed-cooperation-highlighted-the-historic-ties-between-france-and-the-united-kingdom-and-called-for-strengthened-collaboration-in-areas-such-as-defense-climate-artificial-intelligence-and-global-security-this-moment-stands-as-a-key-highlight-of-the-visit-marking-a-symbolic-gesture-of-mutual-respect-and-shared-democratic-values-04sipa-sipa0549-credit-dominique-jacovides-pool-sipa-2507090912\" \/>D.Jacovides\/SIPA\u2002\/\u00a0SIPA<\/p>\n<p>Dans son discours prononc\u00e9 au Parlement dans la langue de Shakespeare, Emmanuel Macron a exprim\u00e9 l\u2019amiti\u00e9 et les liens historiques entre le Royaume-Uni et la France. Il en a profit\u00e9 pour appeler \u00e0 une collaboration renforc\u00e9e sur les sujets tels que la d\u00e9fense, le climat, l\u2019intelligence artificielle et la s\u00e9curit\u00e9 internationale.<\/p>\n<p><img decoding=\"async\" alt=\"Comme tous bons touristes, Brigitte et Emmanuel Macron ont profit\u00e9 de leur s\u00e9jour londonien pour visiter l\u2019abbaye de Westminster avec un guide d\u2019exception, le r\u00e9v\u00e9rend David Stanton. Le couple pr\u00e9sidentiel est aller se recueillir sur la tombe du soldat inconnu qui repose dans l\u2019abbaye.\" class=\"mb-s@xs radius-0@xs radius-xxs@md c-img\" loading=\"eager\" width=\"640\" height=\"408\" src=\"https:\/\/img.20mn.fr\/mxzkma61S0ihiKF5MJ7mXik\/640x408_mandatory-credit-photo-by-shutterstock-15391802bb-westminster-abbey-hosted-the-french-president-emmanuel-macron-and-his-wife-brigitte-macron-during-the-first-of-their-three-day-visit-to-uk-which-included-a-visit-and-tour-of-the-abbey-the-president-and-his-wife-paid-their-respects-at-the-grave-of-the-unknown-warrior-by-laying-a-wreath-before-having-a-guided-tour-of-the-abbey-led-by-the-sub-the-very-reverend-john-hall-canon-david-stanton-westminster-abbey-hosts-french-president-emmanuel-macron-and-brigitte-macron-during-a-state-visit-london-uk-08-jul-2025-shutterstock-editorial-westminster-abbey-hosts-frenc-15391802bb-2507090340\" \/>Shutterstock editorial Westminster Abbey\/SIPA\u2002\/\u00a0SIPA<\/p>\n<p>Comme tous bons touristes, Brigitte et Emmanuel Macron ont profit\u00e9 de leur s\u00e9jour londonien pour visiter l\u2019abbaye de Westminster avec un guide d\u2019exception, le r\u00e9v\u00e9rend David Stanton. Le couple pr\u00e9sidentiel est aller se recueillir sur la tombe du soldat inconnu qui repose dans l\u2019abbaye.<\/p>\n<p><img decoding=\"async\" alt=\"Rien de tel pour se rapprocher que la traditionnelle et tr\u00e8s protocolaire procession en cal\u00e8che aux c\u00f4t\u00e9s du roi Charles III pour se rendre au Ch\u00e2teau de Windsor.\" class=\"mb-s@xs radius-0@xs radius-xxs@md c-img\" loading=\"eager\" width=\"640\" height=\"408\" src=\"https:\/\/img.20mn.fr\/0TXuqg3gThmQxHRHW06Uzyk\/640x408_britain-s-king-charles-iii-and-france-s-president-emmanuel-macron-travel-in-the-1902-state-landau-carriage-during-a-carriage-precession-at-windsor-castle-in-windsor-west-of-london-on-july-8-2025-on-the-first-day-of-a-three-day-state-visit-to-britain-french-president-emmanuel-macron-began-a-three-day-state-visit-to-britain-on-tuesday-which-will-see-him-address-parliament-and-try-to-rekindle-a-purportedly-warm-relationship-with-king-charles-iii-photo-by-jaimi-joy-pool-afp\" \/>J.Joy\/AFP\u2002\/\u00a0AFP<\/p>\n<p>Rien de tel pour se rapprocher que la traditionnelle et tr\u00e8s protocolaire procession en cal\u00e8che aux c\u00f4t\u00e9s du roi Charles III pour se rendre au Ch\u00e2teau de Windsor.<\/p>\n<p><img decoding=\"async\" alt=\"L\u00e0, les couples pr\u00e9sidentiels et royaux ont rev\u00eatu leur costume de f\u00eate pour un d\u00eener de prestige dans le mythique et impressionnant St George\u2019s Hall.\" class=\"mb-s@xs radius-0@xs radius-xxs@md c-img\" loading=\"eager\" width=\"640\" height=\"408\" src=\"https:\/\/img.20mn.fr\/yJfSwMoEQTevcpDGegwsXCk\/640x408_from-l-britain-s-queen-camilla-britain-s-king-charles-iii-france-s-president-emmanuel-macron-and-his-wife-brigitte-macron-attend-a-state-banquet-at-windsor-castle-west-of-london-on-july-8-2025-on-the-first-day-of-a-three-day-state-visit-to-britain-french-president-emmanuel-macron-began-a-three-day-state-visit-to-britain-on-july-8-which-saw-him-address-parliament-and-try-to-rekindle-a-purportedly-warm-relationship-with-king-charles-iii-04sipa-sipa0467-credit-ludovic-marin-pool-sipa-2507090554\" \/>L.Marin\/SIPA\u2002\/\u00a0SIPA<\/p>\n<p>L\u00e0, les couples pr\u00e9sidentiels et royaux ont rev\u00eatu leur costume de f\u00eate pour un d\u00eener de prestige dans le mythique et impressionnant St George\u2019s Hall.<\/p>\n<p><img decoding=\"async\" alt=\"Au total, 150 convives \u00e9taient pr\u00e9sents autour de la table. L\u2019occasion de discuter des \u00e9changes de pr\u00e9sents entre les deux pays. Ainsi, la tapisserie de Bayeux va \u00eatre pr\u00eat\u00e9e au British Museum de Londres de septembre\u00a02026 \u00e0 juin\u00a02027 en \u00e9change de pi\u00e8ces notamment issues du tr\u00e9sor arch\u00e9ologique de Sutton Hoo.\" class=\"mb-s@xs radius-0@xs radius-xxs@md c-img\" loading=\"eager\" width=\"640\" height=\"408\" src=\"https:\/\/img.20mn.fr\/xgm62L55TWyJyM9msfJhWSk\/640x408_france-s-president-emmanuel-macron-left-side-c-britain-s-queen-camilla-right-side-c-r-french-president-s-wife-brigitte-macron-right-side-c-and-britain-s-prince-william-prince-of-wales-right-side-c-l-attend-a-state-banquet-at-windsor-castle-west-of-london-on-july-8-2025-on-the-first-day-of-a-three-day-state-visit-of-french-president-to-britain-french-president-emmanuel-macron-began-a-three-day-state-visit-to-britain-on-tuesday-which-saw-him-address-parliament-and-try-to-rekindle-a-purportedly-warm-relationship-with-king-charles-iii-04sipa-sipa0481-credit-ludovic-marin-pool-sipa-2507090555\" \/>L.Marin\/SIPA\u2002\/\u00a0SIPA<\/p>\n<p>Au total, 150 convives \u00e9taient pr\u00e9sents autour de la table. L\u2019occasion de discuter des \u00e9changes de pr\u00e9sents entre les deux pays. Ainsi, la tapisserie de Bayeux va \u00eatre pr\u00eat\u00e9e au British Museum de Londres de septembre\u00a02026 \u00e0 juin\u00a02027 en \u00e9change de pi\u00e8ces notamment issues du tr\u00e9sor arch\u00e9ologique de Sutton Hoo.<\/p>\n<p><img decoding=\"async\" alt=\"Parmi les t\u00eates couronn\u00e9es, d\u2019autres t\u00eates toutes aussi connues \u00e9taient pr\u00e9sentes au d\u00eener comme Elton John, ou ici Mick Jagger, visiblement surpris (ou effray\u00e9) de croiser une vieille connaissance.\" class=\"mb-s@xs radius-0@xs radius-xxs@md c-img\" loading=\"eager\" width=\"640\" height=\"408\" src=\"https:\/\/img.20mn.fr\/3XnFdXXMTgKGyr5lLQ5Wzyk\/640x408_windsor-england-july-08-mick-jagger-and-melanie-hamrick-attend-the-state-banquet-at-windsor-castle-on-july-08-2025-in-windsor-england-president-emmanuel-macron-and-mrs-brigitte-macron-visit-the-uk-in-the-first-visit-state-visit-made-by-france-in-17-years-they-are-staying-at-windsor-castle-hosted-by-king-charles-iii-and-queen-camilla-and-a-banquet-will-be-held-there-in-their-honour-the-macrons-will-visit-imperial-college-and-the-president-will-address-parliament-during-his-stay-photo-by-chris-jackson-getty-images-photo-by-chris-jackson-chris-jackson-collection-getty-images-via-afp\" \/>C.Jackson\/Getty images\/AFP\u2002\/\u00a0AFP<\/p>\n<p>Parmi les t\u00eates couronn\u00e9es, d\u2019autres t\u00eates toutes aussi connues \u00e9taient pr\u00e9sentes au d\u00eener comme Elton John, ou ici Mick Jagger, visiblement surpris (ou effray\u00e9) de croiser une vieille connaissance.<\/p>\n<p><img decoding=\"async\" alt=\"Mercredi et jeudi, le programme du pr\u00e9sident de la R\u00e9publique sera tout aussi charg\u00e9 avec notamment des entretiens avec Keir Stamer mais aussi une visioconf\u00e9rence avec de nombreux chefs d\u2019Etat parmi lesquels le pr\u00e9sident ukrainien Volodymyr Zelensky, le chancelier allemand Friedrich Merz et la Premi\u00e8re ministre italienne Giorgia Meloni. Pour renforcer la coop\u00e9ration europ\u00e9enne, Emmanuel Macron devra user de tout son \u00ab\u00a0charme \u00e0 la fran\u00e7aise\u00a0\u00bb, comme ici avec la princesse Kate de Galles.\" class=\"mb-s@xs radius-0@xs radius-xxs@md c-img\" loading=\"eager\" width=\"640\" height=\"408\" src=\"https:\/\/img.20mn.fr\/JvNehIx9Ri2Gc8tXYfyr1Ck\/640x408_france-s-president-emmanuel-macron-c-makes-a-toast-with-britain-s-catherine-princess-of-wales-c-l-during-a-state-banquet-at-windsor-castle-west-of-london-on-july-8-2025-on-the-first-day-of-a-three-day-state-visit-of-french-president-to-britain-french-president-emmanuel-macron-began-a-three-day-state-visit-to-britain-on-tuesday-which-saw-him-address-parliament-and-try-to-rekindle-a-purportedly-warm-relationship-with-king-charles-iii-04sipa-sipa0487-credit-ludovic-marin-pool-sipa-2507090555\" \/>LUDOVIC MARIN-Pool\/SIPA\u2002\/\u00a0SIPA<\/p>\n<p>Mercredi et jeudi, le programme du pr\u00e9sident de la R\u00e9publique sera tout aussi charg\u00e9 avec notamment des entretiens avec Keir Stamer mais aussi une visioconf\u00e9rence avec de nombreux chefs d\u2019Etat parmi lesquels le pr\u00e9sident ukrainien Volodymyr Zelensky, le chancelier allemand Friedrich Merz et la Premi\u00e8re ministre italienne Giorgia Meloni. Pour renforcer la coop\u00e9ration europ\u00e9enne, Emmanuel Macron devra user de tout son \u00ab\u00a0charme \u00e0 la fran\u00e7aise\u00a0\u00bb, comme ici avec la princesse Kate de Galles.<\/p>\n","protected":false},"excerpt":{"rendered":"J.Tallis\/AFP\u2002\/\u00a0AFP Emmanuel Macron et sa femme Brigitte ont \u00e9t\u00e9 re\u00e7us \u00e0 leur arriv\u00e9e \u00e0 la base a\u00e9rienne de&hellip;\n","protected":false},"author":2,"featured_media":238493,"comment_status":"","ping_status":"","sticky":false,"template":"","format":"standard","meta":{"footnotes":""},"categories":[1588],"tags":[47,11,986,581,312,3509,1073,1777,674,4710,3044,5858,2581,4534,6804,74,12,1050,3936,473,1853,1851,1850,1852,134],"class_list":{"0":"post-238492","1":"post","2":"type-post","3":"status-publish","4":"format-standard","5":"has-post-thumbnail","7":"category-royaume-uni","8":"tag-actualite","9":"tag-actualites","10":"tag-brigitte-macron","11":"tag-charles-iii","12":"tag-diplomatie","13":"tag-elton-john","14":"tag-emmanuel-macron","15":"tag-eu","16":"tag-europe","17":"tag-friedrich-merz","18":"tag-giorgia-meloni","19":"tag-kate-middleton","20":"tag-keir-starmer","21":"tag-londres","22":"tag-mick-jagger","23":"tag-monde","24":"tag-news","25":"tag-parlement","26":"tag-prince-william","27":"tag-royaume-uni","28":"tag-royaume-uni-de-grande-bretagne-et-dirlande-du-nord","29":"tag-uk","30":"tag-united-kingdom","31":"tag-united-kingdom-of-great-britain-and-northern-ireland","32":"tag-volodymyr-zelensky"},"share_on_mastodon":{"url":"https:\/\/pubeurope.com\/@fr\/114825313078011548","error":""},"_links":{"self":[{"href":"https:\/\/www.europesays.com\/fr\/wp-json\/wp\/v2\/posts\/238492","targetHints":{"allow":["GET"]}}],"collection":[{"href":"https:\/\/www.europesays.com\/fr\/wp-json\/wp\/v2\/posts"}],"about":[{"href":"https:\/\/www.europesays.com\/fr\/wp-json\/wp\/v2\/types\/post"}],"author":[{"embeddable":true,"href":"https:\/\/www.europesays.com\/fr\/wp-json\/wp\/v2\/users\/2"}],"replies":[{"embeddable":true,"href":"https:\/\/www.europesays.com\/fr\/wp-json\/wp\/v2\/comments?post=238492"}],"version-history":[{"count":0,"href":"https:\/\/www.europesays.com\/fr\/wp-json\/wp\/v2\/posts\/238492\/revisions"}],"wp:featuredmedia":[{"embeddable":true,"href":"https:\/\/www.europesays.com\/fr\/wp-json\/wp\/v2\/media\/238493"}],"wp:attachment":[{"href":"https:\/\/www.europesays.com\/fr\/wp-json\/wp\/v2\/media?parent=238492"}],"wp:term":[{"taxonomy":"category","embeddable":true,"href":"https:\/\/www.europesays.com\/fr\/wp-json\/wp\/v2\/categories?post=238492"},{"taxonomy":"post_tag","embeddable":true,"href":"https:\/\/www.europesays.com\/fr\/wp-json\/wp\/v2\/tags?post=238492"}],"curies":[{"name":"wp","href":"https:\/\/api.w.org\/{rel}","templated":true}]}}