{"id":238494,"date":"2025-07-09T21:06:11","date_gmt":"2025-07-09T21:06:11","guid":{"rendered":"https:\/\/www.europesays.com\/fr\/238494\/"},"modified":"2025-07-09T21:06:11","modified_gmt":"2025-07-09T21:06:11","slug":"hofmann-maza-peut-devenir-un-grand-joueur","status":"publish","type":"post","link":"https:\/\/www.europesays.com\/fr\/238494\/","title":{"rendered":"Hofmann, \u00ab Maza peut devenir un grand joueur \u00bb"},"content":{"rendered":"<p><strong\/><\/p>\n<p><strong>Fra\u00eechement arriv\u00e9 au Bayer Leverkusen, Ibrahim Maza ne<br \/>\ncesse de faire parler de lui. La jeune p\u00e9pite du football alg\u00e9rien,<br \/>\nqui a officiellement rejoint le club allemand en fin de saison<br \/>\napr\u00e8s avoir marqu\u00e9 les esprits au Hertha Berlin, a d\u00e9but\u00e9 cette<br \/>\nsemaine ses premiers entra\u00eenements avec ses nouveaux co\u00e9quipiers.<br \/>\nLe joueur de 19 ans portera d\u00e9sormais le num\u00e9ro 30, une \u00e9tape<br \/>\nsymbolique qui marque le d\u00e9but d\u2019un nouveau chapitre prometteur<br \/>\ndans sa carri\u00e8re.<\/strong><\/p>\n<p data-start=\"589\" data-end=\"848\">Son arriv\u00e9e \u00e0 Leverkusen a<br \/>\nsuscit\u00e9 beaucoup d\u2019enthousiasme, et ce n\u2019est pas <strong>Jonas<br \/>\nHofmann<\/strong>, l\u2019un des cadres de l\u2019\u00e9quipe, qui dira le<br \/>\ncontraire. Pr\u00e9sent en compagnie de Maza lors du premier<br \/>\nentra\u00eenement du groupe, Hofmann a tenu \u00e0 saluer le talent brut de<br \/>\nl\u2019international alg\u00e9rien :<\/p>\n<p data-start=\"850\" data-end=\"1044\"><strong>\u00ab Nous avons<br \/>\nrecrut\u00e9 de tr\u00e8s bons jeunes joueurs ! Quand je vois Ibo \u00e0<br \/>\nl\u00a0\u00bbentra\u00eenement, si on lui laisse un peu de temps, il peut devenir<br \/>\nun grand joueur, vu son jeu, je pense que \u00e7a se voit.<br \/>\n\u00bb<\/strong><\/p>\n<p data-start=\"1046\" data-end=\"1403\">Des mots forts qui t\u00e9moignent<br \/>\nde l\u2019impact imm\u00e9diat de Maza sur le groupe et la confiance que ses<br \/>\nco\u00e9quipiers placent d\u00e9j\u00e0 en lui. R\u00e9v\u00e9l\u00e9 cette saison en deuxi\u00e8me<br \/>\ndivision avec le Hertha Berlin, o\u00f9 il a impressionn\u00e9 par sa<br \/>\ntechnique, sa vision du jeu et sa maturit\u00e9 malgr\u00e9 son jeune \u00e2ge,<br \/>\n<strong>Maza arrive dans une \u00e9quipe en pleine ascension sous les<br \/>\nordres d&rsquo;Erik Ten Hag.<\/strong><\/p>\n<p data-start=\"1405\" data-end=\"1719\">Le staff technique du Bayer<br \/>\nLeverkusen compte sur lui pour apporter fra\u00eecheur et cr\u00e9ativit\u00e9<br \/>\ndans l\u2019entrejeu. Bien que l\u2019adaptation \u00e0 un club qui vise les<br \/>\nsommets en Bundesliga et en Europe prenne du temps, <strong>les<br \/>\npremiers retours de ses partenaires laissent penser que Maza a<br \/>\ntoutes les cartes en main pour r\u00e9ussir.<\/strong><\/p>\n<p data-start=\"1721\" data-end=\"2016\">Pour le jeune milieu offensif<br \/>\nalg\u00e9rien, l\u2019objectif sera de s\u2019int\u00e9grer progressivement tout en<br \/>\ncontinuant \u00e0 d\u00e9velopper son immense potentiel. Avec un num\u00e9ro 30<br \/>\nsur le dos et d\u00e9j\u00e0 des \u00e9loges dans le vestiaire, <strong>Ibrahim<br \/>\nMaza semble pr\u00eat \u00e0 \u00e9crire une belle page de son histoire au Bayer<br \/>\nLeverkusen.<\/strong><\/p>\n<p style=\"text-align: right;\" data-start=\"1721\" data-end=\"2016\">\nDZfoot<\/p>\n","protected":false},"excerpt":{"rendered":"Fra\u00eechement arriv\u00e9 au Bayer Leverkusen, Ibrahim Maza ne cesse de faire parler de lui. La jeune p\u00e9pite du&hellip;\n","protected":false},"author":2,"featured_media":238495,"comment_status":"","ping_status":"","sticky":false,"template":"","format":"standard","meta":{"footnotes":""},"categories":[1587],"tags":[11,672,1804,1805,1803,1777,674,1801,12,1802],"class_list":{"0":"post-238494","1":"post","2":"type-post","3":"status-publish","4":"format-standard","5":"has-post-thumbnail","7":"category-allemagne","8":"tag-actualites","9":"tag-allemagne","10":"tag-bundesrepublik-deutschland","11":"tag-de","12":"tag-deutschland","13":"tag-eu","14":"tag-europe","15":"tag-germany","16":"tag-news","17":"tag-republique-federale-dallemagne"},"share_on_mastodon":{"url":"https:\/\/pubeurope.com\/@fr\/114825316776637443","error":""},"_links":{"self":[{"href":"https:\/\/www.europesays.com\/fr\/wp-json\/wp\/v2\/posts\/238494","targetHints":{"allow":["GET"]}}],"collection":[{"href":"https:\/\/www.europesays.com\/fr\/wp-json\/wp\/v2\/posts"}],"about":[{"href":"https:\/\/www.europesays.com\/fr\/wp-json\/wp\/v2\/types\/post"}],"author":[{"embeddable":true,"href":"https:\/\/www.europesays.com\/fr\/wp-json\/wp\/v2\/users\/2"}],"replies":[{"embeddable":true,"href":"https:\/\/www.europesays.com\/fr\/wp-json\/wp\/v2\/comments?post=238494"}],"version-history":[{"count":0,"href":"https:\/\/www.europesays.com\/fr\/wp-json\/wp\/v2\/posts\/238494\/revisions"}],"wp:featuredmedia":[{"embeddable":true,"href":"https:\/\/www.europesays.com\/fr\/wp-json\/wp\/v2\/media\/238495"}],"wp:attachment":[{"href":"https:\/\/www.europesays.com\/fr\/wp-json\/wp\/v2\/media?parent=238494"}],"wp:term":[{"taxonomy":"category","embeddable":true,"href":"https:\/\/www.europesays.com\/fr\/wp-json\/wp\/v2\/categories?post=238494"},{"taxonomy":"post_tag","embeddable":true,"href":"https:\/\/www.europesays.com\/fr\/wp-json\/wp\/v2\/tags?post=238494"}],"curies":[{"name":"wp","href":"https:\/\/api.w.org\/{rel}","templated":true}]}}