{"id":238496,"date":"2025-07-09T21:07:10","date_gmt":"2025-07-09T21:07:10","guid":{"rendered":"https:\/\/www.europesays.com\/fr\/238496\/"},"modified":"2025-07-09T21:07:10","modified_gmt":"2025-07-09T21:07:10","slug":"un-mois-de-juin-record-au-niveau-des-temperatures-en-europe-de-louest-deux-pays-ont-eu-des-pics-de-chaleur-inedits","status":"publish","type":"post","link":"https:\/\/www.europesays.com\/fr\/238496\/","title":{"rendered":"Un mois de juin record au niveau des temp\u00e9ratures en Europe de l\u2019Ouest\u00a0: deux pays ont eu des pics de chaleur in\u00e9dits"},"content":{"rendered":"<p>  \tLe service europ\u00e9en Copernicus confirme un record de chaleur in\u00e9dit, marqu\u00e9 par deux vagues caniculaires et une temp\u00e9rature marine exceptionnelle en M\u00e9diterran\u00e9e.<\/p>\n<p>&#13;<br \/>\n&#13;<\/p>\n<p>Le mois de juin 2025 restera dans les annales climatiques de l\u2019Europe de l\u2019Ouest. Selon les donn\u00e9es publi\u00e9es par le service europ\u00e9en Copernicus, il s\u2019agit du mois de juin le plus chaud jamais enregistr\u00e9 dans cette r\u00e9gion.<\/p>\n<p>Deux vagues de chaleur successives<\/p>\n<p>Ce mois exceptionnellement chaud a \u00e9t\u00e9 marqu\u00e9 par deux \u00e9pisodes de canicule distincts\u00a0: le premier s\u2019est d\u00e9roul\u00e9 du 17 au 22 juin, le second a d\u00e9but\u00e9 le 30 juin. Les temp\u00e9ratures ont atteint des niveaux anormalement \u00e9lev\u00e9s, comme en t\u00e9moignent les cartes de suivi en temps r\u00e9el. En rouge, apparaissent clairement les zones les plus touch\u00e9es\u00a0: la France, la Belgique, l\u2019Angleterre, ainsi que des pays plus au sud comme l\u2019Italie et l\u2019Espagne.<\/p>\n<p>&#13;<br \/>\n&#13;<\/p>\n<p>&#13;<br \/>\n&#13;<br \/>\nDes records de temp\u00e9rature battus<\/p>\n<p>C\u2019est en Espagne qu\u2019a \u00e9t\u00e9 relev\u00e9 un record de chaleur avec une temp\u00e9rature impressionnante de 46\u00b0C. Si l\u2019on consid\u00e8re les temp\u00e9ratures ressenties, dues notamment \u00e0 l\u2019humidit\u00e9, c\u2019est au Portugal qu\u2019un pic de 48\u00b0C a \u00e9t\u00e9 observ\u00e9, notamment \u00e0 Lisbonne. Ce type de chaleur extr\u00eame accentue fortement les risques pour la sant\u00e9 et le confort des populations.<\/p>\n<p>La M\u00e9diterran\u00e9e touch\u00e9e par une canicule marine<\/p>\n<p>Le r\u00e9chauffement n\u2019a pas \u00e9pargn\u00e9 les mers. En juin, la M\u00e9diterran\u00e9e a \u00e9t\u00e9 le th\u00e9\u00e2tre d\u2019une canicule marine, ph\u00e9nom\u00e8ne qui se produit lorsque la temp\u00e9rature de surface de la mer grimpe \u00e0 des niveaux exceptionnellement \u00e9lev\u00e9s pendant au moins cinq jours.<\/p>\n<p>Un record a ainsi \u00e9t\u00e9 enregistr\u00e9 avec une eau atteignant les 27\u00b0C. Une temp\u00e9rature proche de celles des zones tropicales, aux cons\u00e9quences lourdes pour l\u2019\u00e9cosyst\u00e8me marin\u00a0: poissons, coraux et biodiversit\u00e9 sont mis \u00e0 rude \u00e9preuve.<\/p>\n<p>Ce type d\u2019\u00e9v\u00e9nement tend \u00e0 se r\u00e9p\u00e9ter et \u00e0 s\u2019intensifier au fil des ann\u00e9es, signe d\u2019un r\u00e9chauffement climatique de plus en plus perceptible, tant sur terre qu\u2019en mer.<\/p>\n<p>&#13;<br \/>\n&#13;<\/p>\n<p>&#13;<br \/>\n&#13;<\/p>\n","protected":false},"excerpt":{"rendered":"Le service europ\u00e9en Copernicus confirme un record de chaleur in\u00e9dit, marqu\u00e9 par deux vagues caniculaires et une temp\u00e9rature&hellip;\n","protected":false},"author":2,"featured_media":238497,"comment_status":"","ping_status":"","sticky":false,"template":"","format":"standard","meta":{"footnotes":""},"categories":[1586],"tags":[29950,11,1777,674,1011,27,12,25],"class_list":{"0":"post-238496","1":"post","2":"type-post","3":"status-publish","4":"format-standard","5":"has-post-thumbnail","7":"category-europe","8":"tag-nodefield_freetags","9":"tag-actualites","10":"tag-eu","11":"tag-europe","12":"tag-fr","13":"tag-france","14":"tag-news","15":"tag-republique-francaise"},"share_on_mastodon":{"url":"https:\/\/pubeurope.com\/@fr\/114825320759212558","error":""},"_links":{"self":[{"href":"https:\/\/www.europesays.com\/fr\/wp-json\/wp\/v2\/posts\/238496","targetHints":{"allow":["GET"]}}],"collection":[{"href":"https:\/\/www.europesays.com\/fr\/wp-json\/wp\/v2\/posts"}],"about":[{"href":"https:\/\/www.europesays.com\/fr\/wp-json\/wp\/v2\/types\/post"}],"author":[{"embeddable":true,"href":"https:\/\/www.europesays.com\/fr\/wp-json\/wp\/v2\/users\/2"}],"replies":[{"embeddable":true,"href":"https:\/\/www.europesays.com\/fr\/wp-json\/wp\/v2\/comments?post=238496"}],"version-history":[{"count":0,"href":"https:\/\/www.europesays.com\/fr\/wp-json\/wp\/v2\/posts\/238496\/revisions"}],"wp:featuredmedia":[{"embeddable":true,"href":"https:\/\/www.europesays.com\/fr\/wp-json\/wp\/v2\/media\/238497"}],"wp:attachment":[{"href":"https:\/\/www.europesays.com\/fr\/wp-json\/wp\/v2\/media?parent=238496"}],"wp:term":[{"taxonomy":"category","embeddable":true,"href":"https:\/\/www.europesays.com\/fr\/wp-json\/wp\/v2\/categories?post=238496"},{"taxonomy":"post_tag","embeddable":true,"href":"https:\/\/www.europesays.com\/fr\/wp-json\/wp\/v2\/tags?post=238496"}],"curies":[{"name":"wp","href":"https:\/\/api.w.org\/{rel}","templated":true}]}}