{"id":238498,"date":"2025-07-09T21:08:16","date_gmt":"2025-07-09T21:08:16","guid":{"rendered":"https:\/\/www.europesays.com\/fr\/238498\/"},"modified":"2025-07-09T21:08:16","modified_gmt":"2025-07-09T21:08:16","slug":"il-y-a-eu-une-forme-des-cecite-de-leglise-et-demmaus-affirme-laetitia-cherel-sur-rtl","status":"publish","type":"post","link":"https:\/\/www.europesays.com\/fr\/238498\/","title":{"rendered":"\u00ab\u00a0Il y a eu une forme des c\u00e9cit\u00e9 de l&rsquo;\u00c9glise et d&rsquo;Emma\u00fcs\u00a0\u00bb, affirme Laetitia Cherel sur RTL"},"content":{"rendered":"<p class=\"article-p mdl\">Un an apr\u00e8s les premi\u00e8res r\u00e9v\u00e9lations, l\u2019abb\u00e9 Pierre fait l\u2019objet de douze nouvelles accusations de violences sexuelles. Sept concernent des personnes mineures au moment des faits, selon un rapport du cabinet sp\u00e9cialis\u00e9 Ega\u00e9, publi\u00e9 ce mercredi. Ce nouveau volet porte \u00e0 45 le nombre de t\u00e9moignages visant le pr\u00eatre d\u00e9c\u00e9d\u00e9 en 2007.<\/p>\n<p class=\"article-p mdl\">Ces nouvelles r\u00e9v\u00e9lations sont \u00ab\u00a0<strong>tristement attendues<\/strong>\u00ab\u00a0, affirme Laetitia Cherel, grand reporter \u00e0 la cellule Investigation de Radio France et co-autrice, avec Marie-Fran\u00e7oise Etch\u00e9goin, du livre L&rsquo;abb\u00e9 Pierre, la fabrique d\u2019un saint (\u00e9ditions Alary). En travaillant sur sa biographie, dit-elle, \u00ab\u00a0on a d\u00e9couvert la fa\u00e7on dont il a construit sa l\u00e9gende, on s\u2019est aper\u00e7u qu\u2019il avait tout fait pour que les choses ne se sachent pas, en impressionnant ses victimes\u00a0\u00bb.<\/p>\n<p class=\"article-p mdl\">Pire, selon la journaliste, d\u2019<a class=\"link\" href=\"https:\/\/www.rtl.fr\/actu\/justice-faits-divers\/abbe-pierre-j-etais-persuadee-que-j-etais-la-seule-dit-rachel-une-de-ses-victimes-sur-rtl-7900495464\" rel=\"nofollow noopener\" target=\"_blank\">autres t\u00e9moignages<\/a>\u00a0sont \u00ab\u00a0h\u00e9las\u00a0\u00bb \u00e0 pr\u00e9voir, tant la lib\u00e9ration de la parole a \u00e9t\u00e9 compliqu\u00e9e par le statut d\u2019\u00a0\u00bbic\u00f4ne nationale, internationale, interg\u00e9n\u00e9rationnelle\u00a0\u00bb qu\u2019incarnait l\u2019abb\u00e9 Pierre. Certaines victimes ont ainsi longtemps prot\u00e9g\u00e9 l\u2019image de l\u2019homme et celle d&rsquo;Emma\u00fcs. \u00ab\u00a0Certaines avaient choisi de <strong>donner leur vie \u00e0 Emma\u00fcs<\/strong> pour aider les plus pauvres, elles ressentaient donc une sorte de conflit de loyaut\u00e9\u00a0\u00bb, explique encore Laetitia Cherel.\u00a0<\/p>\n<p>            Une \u00e9poque o\u00f9 ce n&rsquo;\u00e9tait pas consid\u00e9r\u00e9 comme des agressions sexuelles<\/p>\n<p class=\"article-p mdl\">Elle \u00e9voque \u00e9galement le cas de jeunes victimes dont\u00a0<a class=\"link\" href=\"https:\/\/www.rtl.fr\/actu\/justice-faits-divers\/abbe-pierre-j-etais-persuadee-que-j-etais-la-seule-dit-rachel-une-de-ses-victimes-sur-rtl-7900495464\" rel=\"nofollow noopener\" target=\"_blank\">la parole n\u2019a pas \u00e9t\u00e9 entendue<\/a>\u00a0ou simplement pas crue, \u00e0 une \u00e9poque \u00ab\u00a0o\u00f9 des caresses sur les seins, qui \u00e9taient plut\u00f4t des malaxations violentes, n\u2019\u00e9taient pas consid\u00e9r\u00e9es <strong>comme des agressions sexuelles<\/strong>\u00ab\u00a0.<\/p>\n<p class=\"article-p mdl\">Elle d\u00e9nonce \u00e9galement la protection dont a b\u00e9n\u00e9fici\u00e9 l\u2019abb\u00e9 Pierre de la part de son entourage. \u00ab\u00a0Il y a aussi une volont\u00e9, que ce soit pour Emma\u00fcs ou pour l\u2019\u00c9glise, de<strong> prot\u00e9ger les institutions<\/strong>\u00ab\u00a0, estime-t-elle. Pourquoi ? \u00ab\u00a0Parce c\u2019\u00e9tait l\u2019abb\u00e9 Pierre qui rapportait de l\u2019argent \u00e0\u00a0 Emma\u00fcs, c\u2019\u00e9tait pour l\u2019abb\u00e9 Pierre que les gens s\u2019engageaient.\u00a0\u00bb Elle poursuit : \u00ab\u00a0C\u2019\u00e9tait aussi un pr\u00eatre qui redorait l\u2019image de l\u2019\u00c9glise, parce qu\u2019il allait au plus pr\u00e8s de ces pauvres gens qui ne fr\u00e9quentaient m\u00eame plus les \u00c9glises.\u00a0\u00bb<\/p>\n<p class=\"article-p mdl\">Elle illustre cette volont\u00e9 de masquer les agissement du pr\u00eatre par un \u00e9pisode m\u00e9connu : \u00ab\u00a0<a class=\"link\" href=\"https:\/\/www.rtl.fr\/actu\/justice-faits-divers\/affaire-abbe-pierre-le-vatican-au-courant-des-agissements-des-l-automne-1955-selon-un-livre-enquete-7900495149\" rel=\"nofollow noopener\" target=\"_blank\">En 1958, l\u2019\u00c9glise,<\/a>\u00a0en accord avec Emma\u00fcs, avait d\u00e9cid\u00e9 de l\u2019envoyer se faire soigner pour ces raisons-l\u00e0 dans une clinique psychiatrique en Suisse\u00a0\u00bb, affirme-t-elle.<\/p>\n<p class=\"article-p mdl\">Face \u00e0 l\u2019ampleur des faits, Emma\u00fcs et la Conf\u00e9rence des \u00e9v\u00eaques de France (CEF) ont annonc\u00e9 la mise en place d\u2019un dispositif de <strong>r\u00e9paration financi\u00e8re \u00e0 destination des victimes<\/strong>. \u00ab\u00a0Il ne faut pas croire que les victimes cherchent de l\u2019argent. Ce qu\u2019elles cherchent d\u2019abord, c\u2019est une reconnaissance de ce qu\u2019elles ont v\u00e9cu\u00a0\u00bb, conclut la journaliste.\u00a0<\/p>\n<p>    La r\u00e9daction vous recommande<\/p>\n<p class=\"s-newsletter__title\">\n                L\u2019actualit\u00e9 par la r\u00e9daction de RTL dans votre bo\u00eete mail.\n            <\/p>\n<p class=\"s-newsletter__subtitle\">\n                Gr\u00e2ce \u00e0 votre compte RTL abonnez-vous \u00e0 la newsletter RTL info pour suivre toute l&rsquo;actualit\u00e9 au quotidien\n            <\/p>\n<p>\n                                    Lire la suite\n                                <\/p>\n","protected":false},"excerpt":{"rendered":"Un an apr\u00e8s les premi\u00e8res r\u00e9v\u00e9lations, l\u2019abb\u00e9 Pierre fait l\u2019objet de douze nouvelles accusations de violences sexuelles. Sept&hellip;\n","protected":false},"author":2,"featured_media":238499,"comment_status":"","ping_status":"","sticky":false,"template":"","format":"standard","meta":{"footnotes":""},"categories":[1586],"tags":[10784,11,1267,12336,37652,1777,674,1779,107,1011,27,12,362,361,360,25,1778,364],"class_list":{"0":"post-238498","1":"post","2":"type-post","3":"status-publish","4":"format-standard","5":"has-post-thumbnail","7":"category-europe","8":"tag-abbe-pierre","9":"tag-actualites","10":"tag-agression-sexuelle","11":"tag-eglise","12":"tag-emmaus","13":"tag-eu","14":"tag-europe","15":"tag-european-union","16":"tag-fil-info","17":"tag-fr","18":"tag-france","19":"tag-news","20":"tag-replay","21":"tag-replay-a-la-une","22":"tag-replay-integral","23":"tag-republique-francaise","24":"tag-ue","25":"tag-union-europeenne"},"share_on_mastodon":{"url":"https:\/\/pubeurope.com\/@fr\/114825324332267577","error":""},"_links":{"self":[{"href":"https:\/\/www.europesays.com\/fr\/wp-json\/wp\/v2\/posts\/238498","targetHints":{"allow":["GET"]}}],"collection":[{"href":"https:\/\/www.europesays.com\/fr\/wp-json\/wp\/v2\/posts"}],"about":[{"href":"https:\/\/www.europesays.com\/fr\/wp-json\/wp\/v2\/types\/post"}],"author":[{"embeddable":true,"href":"https:\/\/www.europesays.com\/fr\/wp-json\/wp\/v2\/users\/2"}],"replies":[{"embeddable":true,"href":"https:\/\/www.europesays.com\/fr\/wp-json\/wp\/v2\/comments?post=238498"}],"version-history":[{"count":0,"href":"https:\/\/www.europesays.com\/fr\/wp-json\/wp\/v2\/posts\/238498\/revisions"}],"wp:featuredmedia":[{"embeddable":true,"href":"https:\/\/www.europesays.com\/fr\/wp-json\/wp\/v2\/media\/238499"}],"wp:attachment":[{"href":"https:\/\/www.europesays.com\/fr\/wp-json\/wp\/v2\/media?parent=238498"}],"wp:term":[{"taxonomy":"category","embeddable":true,"href":"https:\/\/www.europesays.com\/fr\/wp-json\/wp\/v2\/categories?post=238498"},{"taxonomy":"post_tag","embeddable":true,"href":"https:\/\/www.europesays.com\/fr\/wp-json\/wp\/v2\/tags?post=238498"}],"curies":[{"name":"wp","href":"https:\/\/api.w.org\/{rel}","templated":true}]}}