{"id":238506,"date":"2025-07-09T21:12:13","date_gmt":"2025-07-09T21:12:13","guid":{"rendered":"https:\/\/www.europesays.com\/fr\/238506\/"},"modified":"2025-07-09T21:12:13","modified_gmt":"2025-07-09T21:12:13","slug":"plus-de-10-000-pour-les-banques-alimentaires","status":"publish","type":"post","link":"https:\/\/www.europesays.com\/fr\/238506\/","title":{"rendered":"Plus de 10\u2009000 $ pour les banques alimentaires"},"content":{"rendered":"<p> <img decoding=\"async\" class=\"lazyload\" src=\"https:\/\/www.europesays.com\/fr\/wp-content\/uploads\/2025\/07\/397fec88-59af-475d-96b8-5f5ab0870d7a-678x381.jpg\" alt=\"\" title=\"397fec88-59af-475d-96b8-5f5ab0870d7a\"\/>Sur cette photo: St\u00e9phane Leclerc, pr\u00e9sident Novago Coop\u00e9rative, V\u00e9ronique Beaulieu-Fowler, directrice d\u00e9veloppement philanthropique Les<br \/>\nBanques Alimentaires du Qu\u00e9bec et Dany C\u00f4t\u00e9, chef de la direction Novago Coop\u00e9rative.<\/p>\n<p><strong>Novago coop\u00e9rative a amass\u00e9 11\u2009000\u00a0$ pour les Banques alimentaires du Qu\u00e9bec, \u00e0 l\u2019occasion de son tournoi de golf annuel qui avait lieu le 3\u00a0juillet dernier au Club de golf Montcalm de Saint-Liguori.<\/strong><\/p>\n<p>Cette somme sera distribu\u00e9e dans les r\u00e9gions qui sont desservies par Novago, soit Lanaudi\u00e8re, les Laurentides, l\u2019Abitibi-T\u00e9miscamingue, l\u2019Outaouais, la Mauricie et Portneuf.<\/p>\n<p>L\u2019\u00e9v\u00e9nement a accueilli plus de 100\u00a0membres et partenaires de Novago Coop\u00e9rative.<\/p>\n<p>\u00ab\u2009C\u2019est un honneur pour moi de prendre part \u00e0 cet \u00e9v\u00e9nement qui refl\u00e8te si bien les valeurs de solidarit\u00e9 et d\u2019engagement de notre coop\u00e9rative. La s\u00e9curit\u00e9 alimentaire est un enjeu fondamental pour nos communaut\u00e9s, et nous sommes fiers de pouvoir y contribuer concr\u00e8tement gr\u00e2ce \u00e0 la g\u00e9n\u00e9rosit\u00e9 de nos membres et partenaires\u2009\u00bb, a indiqu\u00e9 le nouveau pr\u00e9sident de Novago, St\u00e9phane Leclerc.<\/p>\n","protected":false},"excerpt":{"rendered":"Sur cette photo: St\u00e9phane Leclerc, pr\u00e9sident Novago Coop\u00e9rative, V\u00e9ronique Beaulieu-Fowler, directrice d\u00e9veloppement philanthropique Les Banques Alimentaires du Qu\u00e9bec&hellip;\n","protected":false},"author":2,"featured_media":238507,"comment_status":"","ping_status":"","sticky":false,"template":"","format":"standard","meta":{"footnotes":""},"categories":[1418],"tags":[1011,27,1472,60],"class_list":{"0":"post-238506","1":"post","2":"type-post","3":"status-publish","4":"format-standard","5":"has-post-thumbnail","7":"category-golf","8":"tag-fr","9":"tag-france","10":"tag-golf","11":"tag-sports"},"share_on_mastodon":{"url":"https:\/\/pubeurope.com\/@fr\/114825340447478345","error":""},"_links":{"self":[{"href":"https:\/\/www.europesays.com\/fr\/wp-json\/wp\/v2\/posts\/238506","targetHints":{"allow":["GET"]}}],"collection":[{"href":"https:\/\/www.europesays.com\/fr\/wp-json\/wp\/v2\/posts"}],"about":[{"href":"https:\/\/www.europesays.com\/fr\/wp-json\/wp\/v2\/types\/post"}],"author":[{"embeddable":true,"href":"https:\/\/www.europesays.com\/fr\/wp-json\/wp\/v2\/users\/2"}],"replies":[{"embeddable":true,"href":"https:\/\/www.europesays.com\/fr\/wp-json\/wp\/v2\/comments?post=238506"}],"version-history":[{"count":0,"href":"https:\/\/www.europesays.com\/fr\/wp-json\/wp\/v2\/posts\/238506\/revisions"}],"wp:featuredmedia":[{"embeddable":true,"href":"https:\/\/www.europesays.com\/fr\/wp-json\/wp\/v2\/media\/238507"}],"wp:attachment":[{"href":"https:\/\/www.europesays.com\/fr\/wp-json\/wp\/v2\/media?parent=238506"}],"wp:term":[{"taxonomy":"category","embeddable":true,"href":"https:\/\/www.europesays.com\/fr\/wp-json\/wp\/v2\/categories?post=238506"},{"taxonomy":"post_tag","embeddable":true,"href":"https:\/\/www.europesays.com\/fr\/wp-json\/wp\/v2\/tags?post=238506"}],"curies":[{"name":"wp","href":"https:\/\/api.w.org\/{rel}","templated":true}]}}