{"id":238508,"date":"2025-07-09T21:13:12","date_gmt":"2025-07-09T21:13:12","guid":{"rendered":"https:\/\/www.europesays.com\/fr\/238508\/"},"modified":"2025-07-09T21:13:12","modified_gmt":"2025-07-09T21:13:12","slug":"ball-ligue-b-sept-departs-confirmes-au-vbc-chalon","status":"publish","type":"post","link":"https:\/\/www.europesays.com\/fr\/238508\/","title":{"rendered":"ball &#8211; Ligue B. Sept d\u00e9parts confirm\u00e9s au VBC Chalon"},"content":{"rendered":"<p>Qui dit intersaison dit mouvements dans les effectifs. Et le VBC Chalon ne d\u00e9rogera pas \u00e0 la r\u00e8gle cet \u00e9t\u00e9. Mais contrairement \u00e0 l\u2019an dernier \u00e0 la m\u00eame date, le club de Pierre Mamessier sait dans quelle division il \u00e9voluera \u00e0 la rentr\u00e9e. Avec une wild card (invitation) pour la Ligue B attribu\u00e9e fin juin par la Ligue Nationale de Volley. Une promotion au second \u00e9chelon national, et surtout chez les pros pour le club chalonnais, apr\u00e8s trois saisons pass\u00e9es en \u00c9lite\/N1. Une accession en Ligue B qui va entra\u00eener l\u2019arriv\u00e9e de recrues d\u2019envergure. Et, a contrario, des d\u00e9parts vers d\u2019autres cieux pour certains.<\/p>\n<p>  Exit Romanutti et Hutrel<\/p>\n<p>\u00c0 commencer par le pointu argentin Bruno Romanutti, arriv\u00e9 en f\u00e9vrier\u00a02023 et qui avait contribu\u00e9 au maintien du VBCC en \u00c9lite, qui retourne en Pologne. Pi\u00e8ces essentielles de la 3e place acquise lors de la saison 2023-24, Pedro Piazzeta et Keanu Taraihau resteront en \u00c9lite, respectivement \u00e0 Hy\u00e8res et Beauvais, et le passeur Tim\u00e9o Levasseur ne poursuivra pas l\u2019aventure. Tout comme les R4 Sebastian Barrial et Robin Hutrel, pr\u00e9cieux \u00e0 tour de r\u00f4le cette saison.<\/p>\n<p>Enfin, un dernier d\u00e9part d\u2019envergure est \u00e0 signaler avec celui du central Rodrigue Manuohalalo, auteur de playoffs satisfaisants, un an apr\u00e8s son arriv\u00e9e. Soit un total de sept d\u00e9parts pour le VBC Chalon, qui construira un effectif autour des quatre joueurs restants\u00a0: le capitaine Gary Chauvin (passeur), Nikita Stepnov (R4), Michael Dos Santos (central) et Tanguy Lemeur (lib\u00e9ro).<\/p>\n","protected":false},"excerpt":{"rendered":"Qui dit intersaison dit mouvements dans les effectifs. Et le VBC Chalon ne d\u00e9rogera pas \u00e0 la r\u00e8gle&hellip;\n","protected":false},"author":2,"featured_media":238509,"comment_status":"","ping_status":"","sticky":false,"template":"","format":"standard","meta":{"footnotes":""},"categories":[1417],"tags":[11605,11606,11032,1011,27,1686,517,60,1470,1632,1469],"class_list":{"0":"post-238508","1":"post","2":"type-post","3":"status-publish","4":"format-standard","5":"has-post-thumbnail","7":"category-volley","8":"tag-chalon-sur-saone","9":"tag-chalon-ville","10":"tag-edition-chalon-sur-saone","11":"tag-fr","12":"tag-france","13":"tag-import-print","14":"tag-sport","15":"tag-sports","16":"tag-volley","17":"tag-volley-ball","18":"tag-volleyball"},"share_on_mastodon":{"url":"https:\/\/pubeurope.com\/@fr\/114825344390097304","error":""},"_links":{"self":[{"href":"https:\/\/www.europesays.com\/fr\/wp-json\/wp\/v2\/posts\/238508","targetHints":{"allow":["GET"]}}],"collection":[{"href":"https:\/\/www.europesays.com\/fr\/wp-json\/wp\/v2\/posts"}],"about":[{"href":"https:\/\/www.europesays.com\/fr\/wp-json\/wp\/v2\/types\/post"}],"author":[{"embeddable":true,"href":"https:\/\/www.europesays.com\/fr\/wp-json\/wp\/v2\/users\/2"}],"replies":[{"embeddable":true,"href":"https:\/\/www.europesays.com\/fr\/wp-json\/wp\/v2\/comments?post=238508"}],"version-history":[{"count":0,"href":"https:\/\/www.europesays.com\/fr\/wp-json\/wp\/v2\/posts\/238508\/revisions"}],"wp:featuredmedia":[{"embeddable":true,"href":"https:\/\/www.europesays.com\/fr\/wp-json\/wp\/v2\/media\/238509"}],"wp:attachment":[{"href":"https:\/\/www.europesays.com\/fr\/wp-json\/wp\/v2\/media?parent=238508"}],"wp:term":[{"taxonomy":"category","embeddable":true,"href":"https:\/\/www.europesays.com\/fr\/wp-json\/wp\/v2\/categories?post=238508"},{"taxonomy":"post_tag","embeddable":true,"href":"https:\/\/www.europesays.com\/fr\/wp-json\/wp\/v2\/tags?post=238508"}],"curies":[{"name":"wp","href":"https:\/\/api.w.org\/{rel}","templated":true}]}}