{"id":23851,"date":"2025-04-14T07:33:13","date_gmt":"2025-04-14T07:33:13","guid":{"rendered":"https:\/\/www.europesays.com\/fr\/23851\/"},"modified":"2025-04-14T07:33:13","modified_gmt":"2025-04-14T07:33:13","slug":"la-cour-administrative-dappel-de-marseille-retablit-les-arretes-devacuation","status":"publish","type":"post","link":"https:\/\/www.europesays.com\/fr\/23851\/","title":{"rendered":"la cour administrative d&rsquo;appel de Marseille r\u00e9tablit les arr\u00eat\u00e9s d&rsquo;\u00e9vacuation"},"content":{"rendered":"<p>En 2022, des arr\u00eat\u00e9s pr\u00e9fectoraux d&rsquo;\u00e9vacuation pour risque d&rsquo;effondrement avaient \u00e9t\u00e9 \u00e9mis \u00e0 l&rsquo;encontre des propri\u00e9taires de deux maisons embl\u00e9matiques de Bonifacio\u00a0: celle de l&rsquo;actrice Marie-Jos\u00e9 Nat &#8211; qui appartient d\u00e9sormais \u00e0 son fils, Aur\u00e9lien Drach &#8211; et celle de la SCI Polykhors, place Manichella. Le 15\u00a0octobre dernier, le tribunal administratif de Bastia avait annul\u00e9 ces arr\u00eat\u00e9s, y voyant une \u00ab\u00a0atteinte disproportionn\u00e9e au droit de propri\u00e9t\u00e9\u00a0\u00bb, estimant \u00ab\u00a0qu&rsquo;ordonner l&rsquo;\u00e9vacuation avec interdiction d&rsquo;habiter deux immeubles sans en fixer la dur\u00e9e, pr\u00e9sente le caract\u00e8re d&rsquo;une mesure permanente et d\u00e9finitive\u00a0\u00bb, et que ces arr\u00eat\u00e9s pr\u00e9fectoraux n&rsquo;\u00e9taient \u00ab\u00a0pas strictement proportionn\u00e9s \u00e0 leur n\u00e9cessit\u00e9\u00a0\u00bb.<\/p>\n<p>Vendredi 4\u00a0avril, la cour administrative d&rsquo;appel de Marseille a cass\u00e9 ce jugement et r\u00e9tabli les arr\u00eat\u00e9s pr\u00e9fectoraux d&rsquo;\u00e9vacuation, avec effet ex\u00e9cutoire imm\u00e9diat. Une d\u00e9cision difficilement compr\u00e9hensible pour Me Benjamin Huglo, avocat des familles, qui annonce un pourvoi en cassation devant le Conseil d&rsquo;\u00c9tat, d\u00e9pos\u00e9 quasiment dans la foul\u00e9e de la notification du jugement. \u00ab\u00a0Mes clients se retrouvent une fois de plus \u00e0 ne pas pouvoir jouir de leurs biens, dont ils ont \u00e9t\u00e9 priv\u00e9s pendant deux ans, p\u00e9riode pendant laquelle les maisons, qui sont des r\u00e9sidences secondaires, se sont d\u00e9grad\u00e9es puisque leur entretien habituel n&rsquo;a pu \u00eatre r\u00e9alis\u00e9.\u00a0\u00bb<\/p>\n<p>\u00ab\u00a0C&rsquo;est \u00e0 tort que le tribunal administratif de Bastia a annul\u00e9 les arr\u00eat\u00e9s en litige du 15\u00a0octobre 2024\u00a0\u00bb<\/p>\n<p>Le jugement rendu par la cour administrative d&rsquo;appel de Marseille estime pour sa part que \u00ab\u00a0le pr\u00e9fet de la Corse-du-Sud est fond\u00e9 \u00e0 soutenir que c&rsquo;est \u00e0 tort que, par les jugements attaqu\u00e9s, le tribunal administratif de Bastia a annul\u00e9 les arr\u00eat\u00e9s en litige du 15\u00a0octobre 2024\u00a0\u00bb.<\/p>\n<p>Ce m\u00eame jugement pr\u00e9cise \u00e9galement que \u00ab\u00a0m\u00eame en pr\u00e9sence d&rsquo;un des risques pr\u00e9visibles \u00e9num\u00e9r\u00e9s aux articles L. 561-1 et L. 561-3 du Code de l&rsquo;environnement et mena\u00e7ant gravement des vies humaines, l&rsquo;autorit\u00e9 administrative n&rsquo;est pas tenue de mettre en \u0153uvre les proc\u00e9dures d&rsquo;expropriation ou d&rsquo;acquisition amiable\u00a0\u00bb des immeubles notamment lorsqu&rsquo;une \u00ab\u00a0mesure de police administrative est suffisante pour permettre de prot\u00e9ger la population ou \u00e9viter son exposition au risque\u00a0\u00bb.<\/p>\n<p>Un raisonnement qui ne tient pas aux yeux de Me Huglo en ce que, indique-t-il, il est \u00ab\u00a0contraire \u00e0 la jurisprudence du Conseil d&rsquo;\u00c9tat de 2009, qui pr\u00e9cise qu&rsquo;on ne peut pas d\u00e9poss\u00e9der quelqu&rsquo;un sans indemnit\u00e9, un droit gagn\u00e9 \u00e0 la R\u00e9volution\u00a0\u00bb. \u00ab\u00a0Mais apr\u00e8s tout, pourquoi compenser si on peut simplement interdire\u00a0?\u00a0\u00bb, ironise-t-il. L&rsquo;avocat estime qu&rsquo;il s&rsquo;agit par ce jugement d&rsquo;une \u00ab\u00a0annonce politique inqui\u00e9tante de l&rsquo;\u00c9tat sur le droit de la propri\u00e9t\u00e9 en France. Il y a l\u00e0 un vrai sujet, au-del\u00e0 du cas personnel de mes clients, qui touche toutes les personnes poss\u00e9dant un bien dans une zone soumise \u00e0 des plans de pr\u00e9vention des risques.\u00a0\u00bb<\/p>\n","protected":false},"excerpt":{"rendered":"En 2022, des arr\u00eat\u00e9s pr\u00e9fectoraux d&rsquo;\u00e9vacuation pour risque d&rsquo;effondrement avaient \u00e9t\u00e9 \u00e9mis \u00e0 l&rsquo;encontre des propri\u00e9taires de deux&hellip;\n","protected":false},"author":2,"featured_media":23852,"comment_status":"","ping_status":"","sticky":false,"template":"","format":"standard","meta":{"footnotes":""},"categories":[6],"tags":[17,6639,5627,1102,35,8663,8664,33,34,274,8662,1011,27,8661,3356],"class_list":{"0":"post-23851","1":"post","2":"type-post","3":"status-publish","4":"format-standard","5":"has-post-thumbnail","7":"category-economie","8":"tag-17","9":"tag-administrative","10":"tag-bonifacio","11":"tag-breakingnews","12":"tag-business","13":"tag-cour","14":"tag-dappel","15":"tag-economie","16":"tag-economy","17":"tag-faits-divers-justice","18":"tag-falaise","19":"tag-fr","20":"tag-france","21":"tag-maisons","22":"tag-sur"},"share_on_mastodon":{"url":"https:\/\/pubeurope.com\/@fr\/114335160933048841","error":""},"_links":{"self":[{"href":"https:\/\/www.europesays.com\/fr\/wp-json\/wp\/v2\/posts\/23851","targetHints":{"allow":["GET"]}}],"collection":[{"href":"https:\/\/www.europesays.com\/fr\/wp-json\/wp\/v2\/posts"}],"about":[{"href":"https:\/\/www.europesays.com\/fr\/wp-json\/wp\/v2\/types\/post"}],"author":[{"embeddable":true,"href":"https:\/\/www.europesays.com\/fr\/wp-json\/wp\/v2\/users\/2"}],"replies":[{"embeddable":true,"href":"https:\/\/www.europesays.com\/fr\/wp-json\/wp\/v2\/comments?post=23851"}],"version-history":[{"count":0,"href":"https:\/\/www.europesays.com\/fr\/wp-json\/wp\/v2\/posts\/23851\/revisions"}],"wp:featuredmedia":[{"embeddable":true,"href":"https:\/\/www.europesays.com\/fr\/wp-json\/wp\/v2\/media\/23852"}],"wp:attachment":[{"href":"https:\/\/www.europesays.com\/fr\/wp-json\/wp\/v2\/media?parent=23851"}],"wp:term":[{"taxonomy":"category","embeddable":true,"href":"https:\/\/www.europesays.com\/fr\/wp-json\/wp\/v2\/categories?post=23851"},{"taxonomy":"post_tag","embeddable":true,"href":"https:\/\/www.europesays.com\/fr\/wp-json\/wp\/v2\/tags?post=23851"}],"curies":[{"name":"wp","href":"https:\/\/api.w.org\/{rel}","templated":true}]}}