{"id":238515,"date":"2025-07-09T21:17:14","date_gmt":"2025-07-09T21:17:14","guid":{"rendered":"https:\/\/www.europesays.com\/fr\/238515\/"},"modified":"2025-07-09T21:17:14","modified_gmt":"2025-07-09T21:17:14","slug":"parlons-motogp-ce-pilote-est-victime-dune-injustice","status":"publish","type":"post","link":"https:\/\/www.europesays.com\/fr\/238515\/","title":{"rendered":"Parlons MotoGP\u00a0: Ce pilote est victime d\u2019une injustice"},"content":{"rendered":"<p><strong>Id\u00e9alement, comment devraient fonctionner les trois<br \/>\ncat\u00e9gories de Grands Prix\u00a0? Si un pilote excellait dans une<br \/>\nclasse, alors, il devrait \u00eatre privil\u00e9gi\u00e9 pour passer \u00e0 la<br \/>\nsuivante, jusqu\u2019\u00e0 atteindre la cat\u00e9gorie reine. Et pourtant, un<br \/>\npilote est snob\u00e9 par les \u00e9quipes MotoGP depuis plusieurs ann\u00e9es, si<br \/>\nbien que je crois que l\u2019on peut appeler \u00e7a une<br \/>\ninjustice.<\/strong><\/p>\n<p>\u00a0<\/p>\n<p>Un profil parfait<\/p>\n<p>\u00a0<\/p>\n<p>Aujourd\u2019hui, je vais me poser en d\u00e9fenseur d\u2019Aron Canet,<br \/>\ndeuxi\u00e8me du classement en Moto2. Il y a quelques semaines, il a<br \/>\nr\u00e9v\u00e9l\u00e9 qu\u2019il avait re\u00e7u des offres int\u00e9ressantes pour rejoindre le<br \/>\nchampionnat Superbike, et il regrettait qu\u2019aucune formation<br \/>\n<a href=\"https:\/\/www.motogp.com\/fr\/\" target=\"_blank\" rel=\"noopener nofollow\">MotoGP<\/a> ne l\u2019ait contact\u00e9. Il n\u2019est pas tout seul,<br \/>\ncar moi aussi, <strong>je le regrette am\u00e8rement<\/strong>.<\/p>\n<p><img loading=\"lazy\" decoding=\"async\" aria-describedby=\"caption-attachment-1307679\" class=\"size-full wp-image-1307679\" src=\"https:\/\/www.europesays.com\/fr\/wp-content\/uploads\/2025\/07\/Canet-2.webp.webp\" alt=\"pilote injustice\" width=\"700\" height=\"700\"  \/><\/p>\n<p id=\"caption-attachment-1307679\" class=\"wp-caption-text\">Canet<br \/>\nest unique. Photo : Fantic Racing<\/p>\n<p>\u00a0<\/p>\n<p>J\u2019adore Aron Canet, d\u2019abord pour sa personnalit\u00e9. Tatou\u00e9 de la<br \/>\nnuque aux pieds, il est un personnage fort dans le paddock,<br \/>\nfacilement identifiable et qui aurait \u00e9norm\u00e9ment plu aux sponsors \u00e0<br \/>\nautre \u00e9poque. <strong>Je vous l\u2019accorde, ce n\u2019est pas un crit\u00e8re de<br \/>\ns\u00e9lection suffisant pour monter en MotoGP<\/strong>. Mais alors, que<br \/>\ndire de son talent.<\/p>\n<p>Canet est naturellement rapide sur une moto. Il a toujours \u00e9t\u00e9<br \/>\nfort depuis le d\u00e9but de sa carri\u00e8re, ce qui est particuli\u00e8rement<br \/>\nrare au plus haut niveau. Il y a peu, j\u2019\u00e9crivais sur la difficult\u00e9<br \/>\nqu\u2019incarnait le passage du Moto3 au Moto2, et que ceux qui \u00e9taient<br \/>\nbons de mani\u00e8re r\u00e9guli\u00e8re dans les deux cat\u00e9gories se comptaient<br \/>\nsur les doigts de la main. <strong>Canet fait partie de<br \/>\nceux-ci.<\/strong> Il a d\u00e9j\u00e0 termin\u00e9 troisi\u00e8me et vice-champion du<br \/>\nmonde en Moto3, ce qui n\u2019est pas rien. Puis, apr\u00e8s une ann\u00e9e<br \/>\nd\u2019apprentissage difficile en Moto2,\u00a0il a montr\u00e9 qu\u2019il savait<br \/>\ns\u2019adapter aux 765cc. Sur ch\u00e2ssis Boscoscuro ou Kalex, il performe,<br \/>\navec une collection de deuxi\u00e8mes places impressionnante et des<br \/>\nvictoires depuis plus r\u00e9cemment. Cette r\u00e9gularit\u00e9 dans la<br \/>\nperformance lui permit de terminer \u00e0 la sixi\u00e8me place du classement<br \/>\ng\u00e9n\u00e9ral en 2021 \u2013 sa deuxi\u00e8me saison en Moto2 \u2013, troisi\u00e8me en 2022,<br \/>\ncinqui\u00e8me en 2023 et deuxi\u00e8me en 2024. <strong>Actuellement, il est<br \/>\ndeuxi\u00e8me, \u00e0 seulement quatre points de Manuel<br \/>\nGonzalez<\/strong>.<\/p>\n<p>Le fait qu\u2019un pilote ayant r\u00e9ussi cette transition difficile ne<br \/>\nre\u00e7oive aucune offre de la part d\u2019un team MotoGP est triste. Il est<br \/>\ntout l\u00e0-haut depuis 2016, soit pr\u00e8s de dix bonnes ann\u00e9es<br \/>\ncons\u00e9cutives en mondial. <strong>N\u2019a-t-il pas prouv\u00e9 sa valeur \u00e0 de<br \/>\nmultiples reprises\u00a0?<\/strong> Que dire de sa science de la<br \/>\ncourse, de sa patiente, et de son \u00e9volution ? Je pense r\u00e9ellement<br \/>\nqu\u2019il pourrait \u00eatre tr\u00e8s performant en MotoGP.<\/p>\n<p>\u00a0<\/p>\n<p>Des arguments qui ne tiennent pas la route<\/p>\n<p>\u00a0<\/p>\n<p>J\u2019ai conscience qu\u2019il n\u2019est pas tr\u00e8s appr\u00e9ci\u00e9 du public, qui,<br \/>\nnaturellement, essaye de trouver des arguments en sa d\u00e9faveur. Mais<br \/>\nje vais en r\u00e9futer quelques-uns. Premi\u00e8rement, son \u00e2ge. Oui, il a<br \/>\n25 ans, ce qui est emb\u00eatant pour un passage en MotoGP \u00e0 l\u2019heure des<br \/>\nrookies toujours plus jeunes, comme Fermin Aldeguer et Pedro<br \/>\nAcosta. Premi\u00e8rement, <strong><a href=\"https:\/\/www.paddock-gp.com\/parlons-motogp-ce-pilote-merite-quon-parle-de-lui\/\" target=\"_blank\" rel=\"noopener nofollow\">ce param\u00e8tre d\u00e9coule directement du<br \/>\nfait qu\u2019il est snob\u00e9 depuis plusieurs ann\u00e9es, car cela fait<br \/>\nmaintenant quelques saisons qu\u2019une \u00e9quipe MotoGP aurait d\u00fb lui<br \/>\ndonner une chance<\/a><\/strong>. Deuxi\u00e8mement, arr\u00eatons cette<br \/>\ndictature de l\u2019\u00e2ge\u00a0! Johann Zarco avait 27 ans au moment de<br \/>\nson accession en MotoGP. Marco Bezzecchi, 24, \u00ab\u00a0Diggia\u00a0\u00bb,<br \/>\n24, Remy Gardner, 24. Ai Ogura, actuellement rookie, a 24 ans. Ce<br \/>\nn\u2019est pas comme s\u2019il avait d\u00e9j\u00e0 la trentaine bien tap\u00e9e\u00a0!<br \/>\n<strong>S\u2019il passait en MotoGP \u00e0 26 ans, \u00e7a ne ferait pas de lui<br \/>\nune anomalie aux yeux de l\u2019histoire<\/strong>. Il reste un jeune,<br \/>\nqu\u2019on le veuille ou non.<\/p>\n<p>Ensuite, un autre argument que j\u2019entends souvent est le<br \/>\nsuivant\u00a0: <strong>\u00ab\u00a0Il n\u2019a pas r\u00e9ussi \u00e0 d\u00e9crocher de<br \/>\ntitre de champion du monde\u00a0\u00bb<\/strong>. Sauf que \u00e7a ne tient<br \/>\npas la route. D\u2019abord, il arrive parfois que les pilotes mettent du<br \/>\ntemps \u00e0 triompher en cat\u00e9gorie interm\u00e9diaire, et cela ne veut pas<br \/>\ndire qu\u2019ils ne m\u00e9ritent pas un guidon en MotoGP. Alex Marquez,<br \/>\nactuel deuxi\u00e8me du championnat, a mis cinq ans \u00e0 d\u00e9crocher sa<br \/>\ncouronne en Moto2. Et il \u00e9tait tr\u00e8s bon d\u00e8s son arriv\u00e9e en<br \/>\ncat\u00e9gorie reine. Canet est dans sa sixi\u00e8me saison pleine, car la<br \/>\npremi\u00e8re fut largement entach\u00e9e par une blessure. <strong>Ce n\u2019est<br \/>\ndonc pas incoh\u00e9rent<\/strong>.<\/p>\n<p>\u00a0<\/p>\n<p><img loading=\"lazy\" decoding=\"async\" aria-describedby=\"caption-attachment-1307681\" class=\"size-full wp-image-1307681\" src=\"https:\/\/www.europesays.com\/fr\/wp-content\/uploads\/2025\/07\/Canet-4.png\" alt=\"pilote injustice\" width=\"700\" height=\"700\"  \/><\/p>\n<p id=\"caption-attachment-1307681\" class=\"wp-caption-text\">\nPeut-\u00eatre est-ce une question de comportement, ou autre ? Photo :<br \/>\nFantic Racing<\/p>\n<p>\u00a0<\/p>\n<p>Et puis, depuis quand les titres d\u00e9finissent tout\u00a0?<br \/>\n<strong>Fermin Aldeguer a sign\u00e9 en MotoGP sur la base d\u2019une s\u00e9rie<br \/>\nde quatre victoires cons\u00e9cutives fin 2023<\/strong>. Il n\u2019a pas \u00e9t\u00e9<br \/>\n\u00e0 la hauteur des attentes en 2024. Et pourtant, il est plut\u00f4t<br \/>\nperformant sur la Desmosedici, non\u00a0? Que dire d\u2019Alex Rins, qui<br \/>\nn\u2019a jamais r\u00e9ussi \u00e0 d\u00e9crocher le titre en Moto3 comme en<br \/>\nMoto2\u00a0? N\u2019a-t-il pas fait un magnifique pilote MotoGP\u00a0?<br \/>\n<strong>Et Fabio Quartararo, alors\u00a0?<\/strong> Rien que l\u2019on ne<br \/>\npuisse voir de nos yeux de spectateurs n\u2019interdit sa mont\u00e9e.<\/p>\n<p>\u00a0<\/p>\n<p>Une injustice\u00a0?<\/p>\n<p>\u00a0<\/p>\n<p>Pour qu\u2019il y ait injustice, il fait qu\u2019il y ait comparaison,<br \/>\n<strong>des gens qui \u00ab\u00a0m\u00e9ritent\u00a0\u00bb moins leur place<br \/>\nqu\u2019Aron Canet<\/strong>, en somme. M\u00eame si j\u2019ai compris que le<br \/>\nm\u00e9rite n\u2019avait aucune signification dans la vie depuis bien<br \/>\nlongtemps, j\u2019avoue que je ne vois pas pourquoi des \u00e9quipes mal<br \/>\nloties l\u2019ignorent encore et encore.<\/p>\n<p>Ne vous inqui\u00e9tez pas, je vais me mouiller, et, comme<br \/>\nd\u2019habitude, les propos qui vont suivre n\u2019engagent que moi. Par<br \/>\nexemple, je ne comprends pas pourquoi Trackhouse Aprilia s\u2019ent\u00eate<br \/>\navec <strong>Raul Fernandez<\/strong> apr\u00e8s toutes ces ann\u00e9es. Je ne<br \/>\ndis pas qu\u2019Aron Canet serait meilleur dans ces conditions, mais<br \/>\nsimplement qu\u2019il m\u00e9rite d\u2019essayer. La question se pose \u00e9galement<br \/>\navec <strong>Miguel Oliveira<\/strong> et <strong>Alex<br \/>\nRins<\/strong>, deux de mes pilotes pr\u00e9f\u00e9r\u00e9s, mais qui, de toute<br \/>\n\u00e9vidence, sont sur la redescente. Que dire de <strong>Joan<br \/>\nMir<\/strong>, qui ne fait que d\u00e9cevoir depuis le d\u00e9but de la saison<br \/>\n2022\u00a0? J\u2019aimerais tellement voir Canet au moins tenter, \u00e0 sa<br \/>\nplace. Cela injecterait du sang neuf dans le programme Honda, et je<br \/>\nne vois pas comment \u00e7a pourrait \u00eatre pire \u2013 liss\u00e9 sur plusieurs<br \/>\nann\u00e9es.<\/p>\n<p>Je suis curieux d\u2019avoir votre avis par rapport \u00e0 la situation<br \/>\nCanet. Car s\u2019il vient \u00e0 remporter le titre mondial Moto2 2025,<br \/>\ncomment va-t-on faire\u00a0? <strong>Le Moto2 va-t-il se<br \/>\ntransformer en Formule 2<\/strong>, o\u00f9 le champion n\u2019est m\u00eame pas<br \/>\nassur\u00e9 de passer \u00e0 l\u2019\u00e9tape sup\u00e9rieure\u00a0? <strong>Dites-le-moi<br \/>\nen commentaires\u00a0!<\/strong><\/p>\n<p>Pour rappel, cet article ne refl\u00e8te que la pens\u00e9e de son auteur,<br \/>\net pas de l\u2019enti\u00e8ret\u00e9 de la r\u00e9daction.<\/p>\n<p>\u00a0<\/p>\n<p><img loading=\"lazy\" decoding=\"async\" aria-describedby=\"caption-attachment-1307682\" class=\"size-full wp-image-1307682\" src=\"https:\/\/www.europesays.com\/fr\/wp-content\/uploads\/2025\/07\/Canet-3.png\" alt=\"\" width=\"700\" height=\"700\"  \/><\/p>\n<p id=\"caption-attachment-1307682\" class=\"wp-caption-text\">Canet<br \/>\n\u00e9tait d\u00e9j\u00e0 tr\u00e8s puissant en 2014, en FIM CEV ! Photo : Fantic<\/p>\n<p>\u00a0<\/p>\n<p>Photo de couverture : Fantic Racing<\/p>\n","protected":false},"excerpt":{"rendered":"Id\u00e9alement, comment devraient fonctionner les trois cat\u00e9gories de Grands Prix\u00a0? Si un pilote excellait dans une classe, alors,&hellip;\n","protected":false},"author":2,"featured_media":238516,"comment_status":"","ping_status":"","sticky":false,"template":"","format":"standard","meta":{"footnotes":""},"categories":[1413],"tags":[1011,27,1457,1456,60],"class_list":{"0":"post-238515","1":"post","2":"type-post","3":"status-publish","4":"format-standard","5":"has-post-thumbnail","7":"category-moto","8":"tag-fr","9":"tag-france","10":"tag-moto","11":"tag-motocycle","12":"tag-sports"},"share_on_mastodon":{"url":"https:\/\/pubeurope.com\/@fr\/114825360058814806","error":""},"_links":{"self":[{"href":"https:\/\/www.europesays.com\/fr\/wp-json\/wp\/v2\/posts\/238515","targetHints":{"allow":["GET"]}}],"collection":[{"href":"https:\/\/www.europesays.com\/fr\/wp-json\/wp\/v2\/posts"}],"about":[{"href":"https:\/\/www.europesays.com\/fr\/wp-json\/wp\/v2\/types\/post"}],"author":[{"embeddable":true,"href":"https:\/\/www.europesays.com\/fr\/wp-json\/wp\/v2\/users\/2"}],"replies":[{"embeddable":true,"href":"https:\/\/www.europesays.com\/fr\/wp-json\/wp\/v2\/comments?post=238515"}],"version-history":[{"count":0,"href":"https:\/\/www.europesays.com\/fr\/wp-json\/wp\/v2\/posts\/238515\/revisions"}],"wp:featuredmedia":[{"embeddable":true,"href":"https:\/\/www.europesays.com\/fr\/wp-json\/wp\/v2\/media\/238516"}],"wp:attachment":[{"href":"https:\/\/www.europesays.com\/fr\/wp-json\/wp\/v2\/media?parent=238515"}],"wp:term":[{"taxonomy":"category","embeddable":true,"href":"https:\/\/www.europesays.com\/fr\/wp-json\/wp\/v2\/categories?post=238515"},{"taxonomy":"post_tag","embeddable":true,"href":"https:\/\/www.europesays.com\/fr\/wp-json\/wp\/v2\/tags?post=238515"}],"curies":[{"name":"wp","href":"https:\/\/api.w.org\/{rel}","templated":true}]}}