{"id":238551,"date":"2025-07-09T21:36:22","date_gmt":"2025-07-09T21:36:22","guid":{"rendered":"https:\/\/www.europesays.com\/fr\/238551\/"},"modified":"2025-07-09T21:36:22","modified_gmt":"2025-07-09T21:36:22","slug":"saint-etienne-biennale-du-design-2025-une-reussite-avec-72-000-visiteurs","status":"publish","type":"post","link":"https:\/\/www.europesays.com\/fr\/238551\/","title":{"rendered":"Saint-\u00c9tienne. Biennale du design 2025 : une r\u00e9ussite avec 72 000 visiteurs"},"content":{"rendered":"<p><img loading=\"lazy\" decoding=\"async\" alt=\"\u00a9 Denis Meynard - L'\u00e9dition 2025 de la Biennale du design de Saint-Etienne avait pour th\u00e9matique &quot;Ressource(s), pr\u00e9sager demain&quot;.\" data-zoom-src=\"https:\/\/www.europesays.com\/fr\/wp-content\/uploads\/2025\/07\/initial-cite-design-2025.jpg\" data-zoomable=\"\" height=\"702\" src=\"https:\/\/www.europesays.com\/fr\/wp-content\/uploads\/2025\/07\/initial-cite-design-2025.jpg\" width=\"1248\"\/>  <\/p>\n<p class=\"article-desc\">\u00a9 Denis Meynard &#8211; L&rsquo;\u00e9dition 2025 de la Biennale du design de Saint-Etienne avait pour th\u00e9matique \u00ab\u00a0Ressource(s), pr\u00e9sager demain\u00a0\u00bb. <\/p>\n<p>71 900. C\u2019est le premier chiffre donn\u00e9 par l\u2019organisation concernant le <strong>nombre de visiteurs<\/strong> pour cette \u00e9dition 2025 de la <strong>Biennale du design de Saint-Etienne<\/strong> ayant pour th\u00e8me <a href=\"https:\/\/mesinfos.fr\/42000-saint-etienne\/saint-etienne-biennale-internationale-du-design-2025-a-quoi-faut-il-sattendre-216962.html\" rel=\"nofollow noopener\" target=\"_blank\">\u00ab\u00a0Ressource(s), pr\u00e9sager demain\u00a0\u00bb<\/a>. <\/p>\n<p>Plus court cette ann\u00e9e (du 22 mai au 6 juillet 2025), l\u2019\u00e9v\u00e8nement a attir\u00e9 <strong>33 % de visiteurs<\/strong> issus de la m\u00e9tropole et <strong>57,7 % issus de la r\u00e9gion Auvergne-Rh\u00f4ne-Alpes<\/strong>. Les scolaires ont aussi r\u00e9pondu pr\u00e9sent avec <strong>5 168 visiteurs<\/strong> durant la Biennale. <\/p>\n<p>Mais le point sur lequel a tenu \u00e0 insister Marc Chassaub\u00e9n\u00e9, adjoint \u00e0 la Culture de la Ville de Saint-\u00c9tienne et pr\u00e9sident de l&rsquo;EPCC Cit\u00e9 du design : \u00ab\u00a0Cette \u00e9dition est r\u00e9ussie.\u00a0\u00bb <\/p>\n<p>Biennale du design 2025 : une \u00e9dition \u00ab\u00a0saine financi\u00e8rement\u00a0\u00bb selon la Ville de Saint-\u00c9tienne <\/p>\n<p>Si le contenu semble avoir donn\u00e9 satisfaction, la vraie r\u00e9ussite se trouve \u00e9galement dans les finances. Selon l\u2019adjoint : \u00ab\u00a0On sera b\u00e9n\u00e9ficiaire sur cette \u00e9dition. L\u2019organisation est saine financi\u00e8rement.\u00a0\u00bb<\/p>\n<p>Si les chiffres concernant la part d\u2019entr\u00e9e payante sur les<strong> 71 900 visiteurs<\/strong> n\u2019ont pas \u00e9t\u00e9 donn\u00e9s, la billetterie ne serait pas la plus grosse entr\u00e9e d\u2019argent sur un tel \u00e9v\u00e8nement. Moins de 10 % selon les estimations des services de la Ville, bien que ce chiffre doive \u00eatre affin\u00e9 une fois les comptes d\u00e9finitivement connus.<\/p>\n<p>Le financement repose essentiellement sur les subventions de la Ville de Saint-\u00c9tienne, celui du minist\u00e8re de la Culture et des diff\u00e9rents partenaires et m\u00e9c\u00e8nes.\u00a0Autre \u00e9l\u00e9ment financier important : cette Biennale s\u2019est organis\u00e9e avec un budget en baisse : <strong>2,8 millions d\u2019euros contre 4 millions d\u2019euros pour l\u2019\u00e9dition 2022<\/strong>. <\/p>\n<p>Avec un temps de vie plus court que par le pass\u00e9 [six semaines contre quatre mois, NDLR], la dynamique pla\u00eet \u00e0 la municipalit\u00e9 qui veut reprendre le rythme d\u2019une Biennale tous les deux ans : \u00ab\u00a0Le bon rythme selon nous\u00a0\u00bb, conclut Marc Chassaub\u00e9n\u00e9.<\/p>\n","protected":false},"excerpt":{"rendered":"\u00a9 Denis Meynard &#8211; L&rsquo;\u00e9dition 2025 de la Biennale du design de Saint-Etienne avait pour th\u00e9matique \u00ab\u00a0Ressource(s), pr\u00e9sager&hellip;\n","protected":false},"author":2,"featured_media":238552,"comment_status":"","ping_status":"","sticky":false,"template":"","format":"standard","meta":{"footnotes":""},"categories":[9653],"tags":[1111,11,2430,23754,1386,1777,674,1011,27,12,25,4001],"class_list":{"0":"post-238551","1":"post","2":"type-post","3":"status-publish","4":"format-standard","5":"has-post-thumbnail","7":"category-saint-etienne","8":"tag-actu","9":"tag-actualites","10":"tag-auvergne-rhone-alpes","11":"tag-biennale-internationale-design-saint-u00c9tienne","12":"tag-design","13":"tag-eu","14":"tag-europe","15":"tag-fr","16":"tag-france","17":"tag-news","18":"tag-republique-francaise","19":"tag-saint-etienne"},"share_on_mastodon":{"url":"https:\/\/pubeurope.com\/@fr\/114825434850979290","error":""},"_links":{"self":[{"href":"https:\/\/www.europesays.com\/fr\/wp-json\/wp\/v2\/posts\/238551","targetHints":{"allow":["GET"]}}],"collection":[{"href":"https:\/\/www.europesays.com\/fr\/wp-json\/wp\/v2\/posts"}],"about":[{"href":"https:\/\/www.europesays.com\/fr\/wp-json\/wp\/v2\/types\/post"}],"author":[{"embeddable":true,"href":"https:\/\/www.europesays.com\/fr\/wp-json\/wp\/v2\/users\/2"}],"replies":[{"embeddable":true,"href":"https:\/\/www.europesays.com\/fr\/wp-json\/wp\/v2\/comments?post=238551"}],"version-history":[{"count":0,"href":"https:\/\/www.europesays.com\/fr\/wp-json\/wp\/v2\/posts\/238551\/revisions"}],"wp:featuredmedia":[{"embeddable":true,"href":"https:\/\/www.europesays.com\/fr\/wp-json\/wp\/v2\/media\/238552"}],"wp:attachment":[{"href":"https:\/\/www.europesays.com\/fr\/wp-json\/wp\/v2\/media?parent=238551"}],"wp:term":[{"taxonomy":"category","embeddable":true,"href":"https:\/\/www.europesays.com\/fr\/wp-json\/wp\/v2\/categories?post=238551"},{"taxonomy":"post_tag","embeddable":true,"href":"https:\/\/www.europesays.com\/fr\/wp-json\/wp\/v2\/tags?post=238551"}],"curies":[{"name":"wp","href":"https:\/\/api.w.org\/{rel}","templated":true}]}}