{"id":238585,"date":"2025-07-09T22:00:12","date_gmt":"2025-07-09T22:00:12","guid":{"rendered":"https:\/\/www.europesays.com\/fr\/238585\/"},"modified":"2025-07-09T22:00:12","modified_gmt":"2025-07-09T22:00:12","slug":"cette-creature-geante-va-a-nouveau-debarquer-a-toulouse-voici-le-programme","status":"publish","type":"post","link":"https:\/\/www.europesays.com\/fr\/238585\/","title":{"rendered":"Cette cr\u00e9ature g\u00e9ante va (\u00e0 nouveau) d\u00e9barquer \u00e0 Toulouse : voici le programme"},"content":{"rendered":"<p>            Par<br \/>\n        <strong><br \/>\n            <a href=\"https:\/\/actu.fr\/auteur\/redaction-toulouse\" title=\"Consulter tous les articles de R\u00e9daction de Toulouse\" target=\"_blank\" rel=\"noopener\">R\u00e9daction de Toulouse<\/a><br \/>\n        <\/strong><\/p>\n<p>        Publi\u00e9 le<\/p>\n<p>            9 juil. 2025 \u00e0 18h46        <\/p>\n<p>L\u2019\u00e9t\u00e9 sera chaud, promettait un tube jadis. On pourra ajouter qu\u2019il sera, gr\u00e2ce \u00e0 la <strong>Halle de la Machine,<\/strong> po\u00e9tique, ludique et magique. En articulant sa programmation estivale, intitul\u00e9e avec l\u2019accent anglais<strong> \u00ab\u2009Halle Summer Long\u2009\u00bb<\/strong>, sur un double axe \u00ab\u2009Halle day\u2009\u00bb et \u00ab\u2009Halle Night Long\u2009\u00bb, l\u2019\u00e9quipe aux manettes proposera des activit\u00e9s captivantes pour toute la famille\u2009: lectures de contes, guinguette conviviale, ronde m\u00e9canique, concerts \u00e9clectiques\u2026 L\u2019espace sera optimis\u00e9 et les visiteurs ne sauront plus donner de la t\u00eate\u2009: partout dans la Halle, sur la Piste des G\u00e9ants, au c\u0153ur du Man\u00e8ge Carr\u00e9 S\u00e9nart ou \u00e0 bord du temple d\u2019Ast\u00e9rion, il y aura <a href=\"https:\/\/actu.fr\/toulouse\/\" target=\"_blank\" rel=\"noopener\">des choses merveilleuses \u00e0 d\u00e9couvrir<\/a>, \u00e0 admirer, \u00e0 essayer, \u00e0 savourer.<\/p>\n<p>Suivez le guide\u2009!<\/p>\n<p class=\" wall-content\">Les \u00ab\u2009V\u00e9ritables Machinistes\u2009\u00bb liront des <strong>histoires fantastiques<\/strong> \u2013 et mises en musique \u2013 aux enfants de 5 \u00e0 10\u00a0ans. Le D\u00e9jeuner des petites m\u00e9caniques (les mercredis et dimanches de 12h \u00e0 15h) propose de vivre une exp\u00e9rience extraordinaire d\u2019un spectacle haut perch\u00e9\u2026 et gourmet.<\/p>\n<p class=\" wall-content\">Bien entendu, le puissant Minotaure n\u2019attend que vous pour vous hisser sur son dos, \u00e0 14\u00a0m\u00e8tres de hauteur et aller faire <strong>un petit tour sur la piste des G\u00e9ants<\/strong> \u2013 toujours un grand moment\u2009!<\/p>\n<p>Des concerts gratuits<\/p>\n<p class=\" wall-content\">Il y a toujours<strong> de la musique \u00e0 la Halle<\/strong> et cet \u00e9t\u00e9, les vendredis et samedis seront lanc\u00e9s par des concerts de tous styles\u2009: \u00e9lectro, rock, cumbia, rap, musique des Balkans, afro pop, reggae, country\u2026 Cela se passe de 19 \u00e0 22\u00a0heures, c\u2019est gratuit, et il y aura m\u00eame une guinguette et des brochettes\u2009: que demander de plus\u2009!<\/p>\n<p>Halle Night Long\u2009: Concerts gratuits chaque vendredi et samedi. Jusqu\u2019au 31\u00a0ao\u00fbt 2025 de 19h \u00e0 22h. Concerts gratuits. Restauration sur place. Voyage nocturnes en MInotaure<\/p>\n<p>Vid\u00e9os : en ce moment sur ActuLong Ma en m\u00e9gastar<\/p>\n<p class=\" wall-content\">La vedette de cet \u00e9t\u00e9 foisonnant est assur\u00e9ment<strong> Long Ma<\/strong>, qui, d\u00e8s le 11\u00a0juillet, se r\u00e9veillera aux sons m\u00e9caniques de l\u2019\u00e9curie des machines. Notre tr\u00e8s impressionnante jument-dragonne <strong>de 12\u00a0m\u00e8tres de haut<\/strong> d\u00e9ploiera toute la gr\u00e2ce de ses gestes et mouvements (actionn\u00e9s, attention spoiler, par les V\u00e9ritables Machinistes).<\/p>\n<p>Cet \u00e9t\u00e9, Long Ma se r\u00e9veille quotidiennement \u00e0 l\u2019int\u00e9rieur de la Halle de La Machine.<br \/>\u00bb Du mardi au dimanche \u2013 R\u00e9veils quotidiens \u00e0 l\u2019int\u00e9rieur de la Halle<\/p>\n<p class=\" wall-content\">Les visiteurs pourront d\u00e9couvrir les coulisses de l\u2019op\u00e9ra urbain \u00ab\u2009Le Gardien du temple, opus 2\u2009\u00bb qui a fait trembler d\u2019admiration les Toulousains en octobre dernier.<\/p>\n<p class=\" wall-content\">Ils pourront rencontrer les techniciens et techniciennes qui travaillent sans rel\u00e2che pour donner vie \u00e0 cette \u00e9pop\u00e9e extraordinaire et fascinante, devenue un marqueur fort de la vie culturelle de la ville. Si vous avez choisi Toulouse comme destination de vacances, si vos plans viennent de tomber \u00e0 l\u2019eau, r\u00e9jouissez-vous\u2009: la Halle de la Machine va vous faire passer un \u00e9t\u00e9 m\u00e9morable\u2009!<\/p>\n<p class=\" wall-content\"><strong>Yves GABAY<\/strong><\/p>\n<p>Programme complet, tarifs et r\u00e9servation sur le site de<a href=\"http:\/\/www.halledelamachine.fr\" target=\"_blank\" rel=\"noopener\"> la Halle de La Machine<\/a>.<\/p>\n<p class=\" wall-content\">Suivez toute l\u2019actualit\u00e9 de vos villes et m\u00e9dias favoris en vous inscrivant \u00e0 <a href=\"https:\/\/moncompte.actu.fr\" title=\"D\u00e9couvez Mon Actu\" rel=\"nofollow noopener\" data-trk=\"{&quot;cta&quot;:{&quot;action&quot;:&quot;https:\\\/\\\/moncompte.actu.fr&quot;,&quot;category&quot;:&quot;mon compte&quot;,&quot;from&quot;:&quot;article footer&quot;,&quot;name&quot;:&quot;Mon actu&quot;,&quot;type&quot;:&quot;cta&quot;}}\" target=\"_blank\">Mon Actu<\/a>.<\/p>\n","protected":false},"excerpt":{"rendered":"Par R\u00e9daction de Toulouse Publi\u00e9 le 9 juil. 2025 \u00e0 18h46 L\u2019\u00e9t\u00e9 sera chaud, promettait un tube jadis.&hellip;\n","protected":false},"author":2,"featured_media":238586,"comment_status":"","ping_status":"","sticky":false,"template":"","format":"standard","meta":{"footnotes":""},"categories":[2816],"tags":[1111,11,1777,674,1011,27,7496,1652,12,2680,25,2312],"class_list":{"0":"post-238585","1":"post","2":"type-post","3":"status-publish","4":"format-standard","5":"has-post-thumbnail","7":"category-toulouse","8":"tag-actu","9":"tag-actualites","10":"tag-eu","11":"tag-europe","12":"tag-fr","13":"tag-france","14":"tag-halle-de-la-machine","15":"tag-loisirs-culture","16":"tag-news","17":"tag-occitanie","18":"tag-republique-francaise","19":"tag-toulouse"},"share_on_mastodon":{"url":"https:\/\/pubeurope.com\/@fr\/114825528766185932","error":""},"_links":{"self":[{"href":"https:\/\/www.europesays.com\/fr\/wp-json\/wp\/v2\/posts\/238585","targetHints":{"allow":["GET"]}}],"collection":[{"href":"https:\/\/www.europesays.com\/fr\/wp-json\/wp\/v2\/posts"}],"about":[{"href":"https:\/\/www.europesays.com\/fr\/wp-json\/wp\/v2\/types\/post"}],"author":[{"embeddable":true,"href":"https:\/\/www.europesays.com\/fr\/wp-json\/wp\/v2\/users\/2"}],"replies":[{"embeddable":true,"href":"https:\/\/www.europesays.com\/fr\/wp-json\/wp\/v2\/comments?post=238585"}],"version-history":[{"count":0,"href":"https:\/\/www.europesays.com\/fr\/wp-json\/wp\/v2\/posts\/238585\/revisions"}],"wp:featuredmedia":[{"embeddable":true,"href":"https:\/\/www.europesays.com\/fr\/wp-json\/wp\/v2\/media\/238586"}],"wp:attachment":[{"href":"https:\/\/www.europesays.com\/fr\/wp-json\/wp\/v2\/media?parent=238585"}],"wp:term":[{"taxonomy":"category","embeddable":true,"href":"https:\/\/www.europesays.com\/fr\/wp-json\/wp\/v2\/categories?post=238585"},{"taxonomy":"post_tag","embeddable":true,"href":"https:\/\/www.europesays.com\/fr\/wp-json\/wp\/v2\/tags?post=238585"}],"curies":[{"name":"wp","href":"https:\/\/api.w.org\/{rel}","templated":true}]}}