{"id":23859,"date":"2025-04-14T07:46:16","date_gmt":"2025-04-14T07:46:16","guid":{"rendered":"https:\/\/www.europesays.com\/fr\/23859\/"},"modified":"2025-04-14T07:46:16","modified_gmt":"2025-04-14T07:46:16","slug":"national-2-les-girondins-de-bordeaux-se-relancent-pour-la-montee-en-battant-saint-malo-le-leader","status":"publish","type":"post","link":"https:\/\/www.europesays.com\/fr\/23859\/","title":{"rendered":"National 2. Les Girondins de Bordeaux se relancent pour la mont\u00e9e en battant Saint-Malo, le leader"},"content":{"rendered":"<p>Les Girondins de <a href=\"https:\/\/rennes.maville.com\/sport\/detail_-girondins-de-bordeaux.-oliver-kahn-a-transmis-une-offre-de-30-millions-pour-racheter-le-club-_54135-6761226_actu.Htm\" target=\"_blank\" rel=\"noopener\">Bordeaux<\/a>, r\u00e9trograd\u00e9s l\u2019\u00e9t\u00e9 dernier en National 2 (4e division) pour raisons financi\u00e8res, ont retrouv\u00e9 l\u2019espoir de jouer la mont\u00e9e cette saison avec une victoire 1-0\u00a0samedi contre le leader <a href=\"https:\/\/saint-malo.maville.com\/sport\/detail_-football-n2.-il-faut-serrer-les-dents-saint-malo-se-deplace-a-bordeaux-pour-un-choc-_7-6762150_actu.Htm\" target=\"_blank\" rel=\"noopener\">Saint-Malo<\/a>, avant d\u2019affronter le week-end prochain Saint-Brieuc, d\u00e9sormais en t\u00eate.<\/p>\n<p>Au stade Matmut Atlantique, le club sextuple champion de France s\u2019est impos\u00e9 sur un but d\u2019Yvan Ikia Dimi (14e) d\u2019une jolie t\u00eate apr\u00e8s un corner, avant de r\u00e9sister en seconde p\u00e9riode aux vagues imp\u00e9tueuses des Malouins, avec notamment plusieurs parades du gardien girondin Lassana Diabat\u00e9.<\/p>\n<p>Ce court succ\u00e8s permet \u00e0 l\u2019\u00e9quipe de Bruno Irl\u00e8s (3e, 42\u00a0pts) d\u2019encha\u00eener un deuxi\u00e8me succ\u00e8s d\u2019affil\u00e9e apr\u00e8s une longue s\u00e9rie noire de cinq d\u00e9faites et de revenir \u00e0 trois longueurs de Saint-Malo (2e, 45\u00a0points) et \u00e0 cinq unit\u00e9s du Stade Briochin (1er, 47\u00a0pts) \u00e0 l\u2019issue de la 25e des 30\u00a0journ\u00e9es.<\/p>\n<p>D\u00e9placement \u00e0 Saint-Brieuc<\/p>\n<p>Les Girondins se d\u00e9placeront le week-end prochain en Bretagne pour tenter de r\u00e9duire l\u2019\u00e9cart avec le nouveau leader et esp\u00e9rer rester en lice pour la premi\u00e8re place de la poule, seule synonyme de mont\u00e9e directe en National (3e division). En cas de r\u00e9trogradations administratives d\u2019autres \u00e9quipes, le meilleur deuxi\u00e8me des trois poules de N2\u00a0peut aussi monter.<\/p>\n<p>Pas moins de 16\u00a0866\u00a0spectateurs \u00e9taient pr\u00e9sents samedi au Matmut Atlantique pour ce match de N2, un chiffre pas si \u00e9loign\u00e9 du record absolu d\u2019affluence en quatri\u00e8me division fran\u00e7aise, \u00e9tabli en 2013 lors d\u2019un match RC Strasbourg &#8211; FC Mulhouse (20.044 spectateurs).<\/p>\n<p>Bordeaux, plus gros budget de N2 (8\u00a0millions d\u2019euros), avait \u00e9t\u00e9 rel\u00e9gu\u00e9 administrativement de L2 en N2\u00a0l\u2019\u00e9t\u00e9 dernier avec un passif estim\u00e9 \u00e0 118\u00a0millions d\u2019euros.<\/p>\n<p><strong>Lire aussi<\/strong>\u00a0: <a href=\"https:\/\/niort.maville.com\/sport\/detail_-football.-gregory-coupet-de-retour-a-bordeaux-pour-entrainer-les-gardiens-_54135-6752318_actu.Htm\" target=\"_blank\" rel=\"noopener\">Football. Gr\u00e9gory Coupet de retour \u00e0 Bordeaux pour entra\u00eener les gardiens<\/a><\/p>\n<p>Toujours propri\u00e9t\u00e9 de l\u2019homme d\u2019affaires hispano-luxembourgeois Gerard Lopez, le club girondin est engag\u00e9 depuis dans une proc\u00e9dure de redressement judiciaire, ce qui a permis de ramener la dette \u00e0 environ une cinquantaine de millions d\u2019euros, selon l\u2019avocat du club.<\/p>\n<p>L\u2019ex-international allemand <a href=\"https:\/\/rennes.maville.com\/sport\/detail_-girondins-de-bordeaux.-oliver-kahn-a-transmis-une-offre-de-30-millions-pour-racheter-le-club-_54135-6761226_actu.Htm\" target=\"_blank\" rel=\"noopener\">Oliver Kahn<\/a>, qui a fait part de son int\u00e9r\u00eat pour ce club historique du football fran\u00e7ais, a annonc\u00e9 vendredi avoir propos\u00e9 30\u00a0millions d\u2019euros pour son rachat.<\/p>\n<p>\u00a0<\/p>\n","protected":false},"excerpt":{"rendered":"Les Girondins de Bordeaux, r\u00e9trograd\u00e9s l\u2019\u00e9t\u00e9 dernier en National 2 (4e division) pour raisons financi\u00e8res, ont retrouv\u00e9 l\u2019espoir&hellip;\n","protected":false},"author":2,"featured_media":23860,"comment_status":"","ping_status":"","sticky":false,"template":"","format":"standard","meta":{"footnotes":""},"categories":[2817],"tags":[1111,11,2063,1997,1777,674,1011,27,1922,1393,2047,2487,12,2219,1404,25,2923,4251,853],"class_list":{"0":"post-23859","1":"post","2":"type-post","3":"status-publish","4":"format-standard","5":"has-post-thumbnail","7":"category-bordeaux","8":"tag-actu","9":"tag-actualites","10":"tag-annonces","11":"tag-bordeaux","12":"tag-eu","13":"tag-europe","14":"tag-fr","15":"tag-france","16":"tag-info","17":"tag-loisirs","18":"tag-mans","19":"tag-meteo","20":"tag-news","21":"tag-nouvelle-aquitaine","22":"tag-quotidien","23":"tag-republique-francaise","24":"tag-restaurants","25":"tag-sortir","26":"tag-spectacles"},"share_on_mastodon":{"url":"https:\/\/pubeurope.com\/@fr\/114335212037775055","error":""},"_links":{"self":[{"href":"https:\/\/www.europesays.com\/fr\/wp-json\/wp\/v2\/posts\/23859","targetHints":{"allow":["GET"]}}],"collection":[{"href":"https:\/\/www.europesays.com\/fr\/wp-json\/wp\/v2\/posts"}],"about":[{"href":"https:\/\/www.europesays.com\/fr\/wp-json\/wp\/v2\/types\/post"}],"author":[{"embeddable":true,"href":"https:\/\/www.europesays.com\/fr\/wp-json\/wp\/v2\/users\/2"}],"replies":[{"embeddable":true,"href":"https:\/\/www.europesays.com\/fr\/wp-json\/wp\/v2\/comments?post=23859"}],"version-history":[{"count":0,"href":"https:\/\/www.europesays.com\/fr\/wp-json\/wp\/v2\/posts\/23859\/revisions"}],"wp:featuredmedia":[{"embeddable":true,"href":"https:\/\/www.europesays.com\/fr\/wp-json\/wp\/v2\/media\/23860"}],"wp:attachment":[{"href":"https:\/\/www.europesays.com\/fr\/wp-json\/wp\/v2\/media?parent=23859"}],"wp:term":[{"taxonomy":"category","embeddable":true,"href":"https:\/\/www.europesays.com\/fr\/wp-json\/wp\/v2\/categories?post=23859"},{"taxonomy":"post_tag","embeddable":true,"href":"https:\/\/www.europesays.com\/fr\/wp-json\/wp\/v2\/tags?post=23859"}],"curies":[{"name":"wp","href":"https:\/\/api.w.org\/{rel}","templated":true}]}}