{"id":238597,"date":"2025-07-09T22:09:09","date_gmt":"2025-07-09T22:09:09","guid":{"rendered":"https:\/\/www.europesays.com\/fr\/238597\/"},"modified":"2025-07-09T22:09:09","modified_gmt":"2025-07-09T22:09:09","slug":"sncf-dimportants-travaux-dete-menes-sur-le-rer-c-a-paris-et-en-petite-couronne-a-quoi-sattendre","status":"publish","type":"post","link":"https:\/\/www.europesays.com\/fr\/238597\/","title":{"rendered":"SNCF. D&rsquo;importants travaux d&rsquo;\u00e9t\u00e9 men\u00e9s sur le RER C \u00e0 Paris et en petite couronne : \u00e0 quoi s&rsquo;attendre"},"content":{"rendered":"<p>            Par<br \/>\n        <strong><br \/>\n            <a href=\"https:\/\/actu.fr\/auteur\/redaction-paris\" title=\"Consulter tous les articles de R\u00e9daction Paris\" target=\"_blank\" rel=\"noopener\">R\u00e9daction Paris<\/a><br \/>\n        <\/strong><\/p>\n<p>        Publi\u00e9 le<\/p>\n<p>            9 juil. 2025 \u00e0 17h32        <\/p>\n<p>La transformation de la <strong>ligne la plus longue<\/strong> (162\u00a0km) et la plus ancienne d\u2019\u00cele-de-France se poursuit. Samedi 12\u00a0juillet 2025, la <a href=\"https:\/\/actu.fr\/tag\/sncf\" target=\"_blank\" rel=\"noopener\">SNCF<\/a> R\u00e9seau lancera une phase de six semaines de travaux sur le <a href=\"https:\/\/actu.fr\/tag\/rer-c\" target=\"_blank\" rel=\"noopener\">RER C<\/a>. actu Paris\u00a0fait le point.<\/p>\n<p>R\u00e9novation du tunnel<\/p>\n<p class=\" wall-content\">Du 12 juillet au 23 ao\u00fbt 2025, cinq kilom\u00e8tres de voies et quatre aiguillages entre Javel et Austerlitz seront remplac\u00e9s. Le trafic du RER C sera donc interrompu en continu du <strong>15\u00a0juillet au 23\u00a0ao\u00fbt 2025<\/strong>, entre Gare d\u2019Austerlitz \u00a0Avenue Henri Martin\u2009; Gare d\u2019Austerlitz \u00a0Versailles\u2009; Ch\u00e2teau Rive Gauche et Gare d\u2019Austerlitz \u00a0Saint-Quentin en Yvelines.<\/p>\n<p class=\" wall-content\">Construit au XIXe\u00a0si\u00e8cle, le <strong>tunnel du RER C<\/strong> n\u2019est plus adapt\u00e9 au gabarit des mat\u00e9riels qui circulent aujourd\u2019hui. Pour permettre le passage de ces <strong>trains plus volumineux<\/strong>, le niveau de la voie et le ballast ont \u00e9t\u00e9 abaiss\u00e9s, ce qui acc\u00e9l\u00e8re l\u2019usure des composants de la voie (rails, traverses, attaches). Des op\u00e9rations de maintenance sont donc n\u00e9cessaires plus souvent.<\/p>\n<p class=\" wall-content\">Ces six semaines vont aussi permettre de renforcer les dispositifs <strong>anti-inondations<\/strong> \u00e0 Invalides via la pose de batardeaux. Un syst\u00e8me indispensable, le RER C \u00e9tant situ\u00e9 sous le niveau de la Seine.<\/p>\n<p>Le pont des Souverains<\/p>\n<p class=\" wall-content\">En parall\u00e8le, un deuxi\u00e8me chantier sera men\u00e9 au nord de la capitale\u2009: <a href=\"https:\/\/actu.fr\/ile-de-france\/paris_75056\/sncf-operation-coup-de-poing-pour-remplacer-un-pont-centenaire-a-paris-sans-couper-le-trafic-des-trains_62614829.html\" target=\"_blank\" rel=\"noopener\">la fin du remplacement des tabliers<\/a> du pont des Souverains. Des travaux qui vont n\u00e9cessiter <strong>d\u2019interrompre en continu<\/strong> la circulation le samedi 26\u00a0juillet 2025, puis du 1er au 23\u00a0ao\u00fbt 2025 entre les gares Avenue Henri Martin et Pontoise.<\/p>\n<p>Vid\u00e9os : en ce moment sur ActuD\u00e9veloppement du r\u00e9seau au sud de la ligne<\/p>\n<p class=\" wall-content\">Cet \u00e9t\u00e9 ne sera pas seulement synonyme de <strong>r\u00e9novation<\/strong>. Des travaux de d\u00e9veloppement seront aussi men\u00e9s, notamment en <a href=\"https:\/\/actu.fr\/ile-de-france\/issy-les-moulineaux_92040\/sncf-nouveau-coup-dur-pour-les-usagers-du-rer-c-la-gare-d-issy-les-moulineaux-reste-fermee-plusieurs-mois_62749773.html\" target=\"_blank\" rel=\"noopener\">gare d\u2019Issy<\/a> en vue de l\u2019arriv\u00e9e de la ligne 15 du <a href=\"https:\/\/actu.fr\/tag\/grand-paris-express\" target=\"_blank\" rel=\"noopener\">Grand Paris Express<\/a>.<\/p>\n<p class=\" wall-content\">Deuxi\u00e8me chantier\u2009: le projet \u00ab<strong>\u2009Massy Valenton Ouest\u2009\u00bb<\/strong>. L\u2019objectif\u2009: d\u00e9sengorger le n\u0153ud ferroviaire situ\u00e9 au sud de la gare Montparnasse et ainsi arriver \u00e0 \u00ab\u2009plus de fluidit\u00e9 et de r\u00e9gularit\u00e9\u2009\u00bb sur les trains de la ligne C et \u00e0 \u00ab\u2009davantage de souplesse d\u2019exploitation aux TGV au sud de Paris\u2009\u00bb, explique la SNCF dans un communiqu\u00e9.<\/p>\n<p class=\" wall-content\">La circulation sur le RER C sera donc <strong>coup\u00e9e<\/strong>, du 12\u00a0juillet au 23\u00a0ao\u00fbt 2025, entre Pont de Rungis et MassyPalaiseau. Sur le <a href=\"https:\/\/actu.fr\/tag\/rer-b\" target=\"_blank\" rel=\"noopener\">RER B<\/a>, du 15\u00a0juillet au 27\u00a0ao\u00fbt 2025, entre La Croix de Berny et Massy-Palaiseau.<\/p>\n<p class=\" wall-content\">Les usagers sont invit\u00e9s \u00e0 <strong>consulter l\u2019application<\/strong> et le site <a href=\"https:\/\/www.iledefrance-mobilites.fr\/\" target=\"_blank\" rel=\"noopener\">\u00cele-de-France Mobilit\u00e9s<\/a>, les sites <a href=\"https:\/\/www.transilien.com\/fr\" target=\"_blank\" rel=\"noopener\">transilien.com<\/a> et <a href=\"https:\/\/www.sncf-connect.com\/\" target=\"_blank\" rel=\"noopener\">SNCF Connect<\/a> pour \u00eatre inform\u00e9 des perturbations.<\/p>\n<p class=\" wall-content\">Suivez toute l\u2019actualit\u00e9 de vos villes et m\u00e9dias favoris en vous inscrivant \u00e0 <a href=\"https:\/\/moncompte.actu.fr\" title=\"D\u00e9couvez Mon Actu\" rel=\"nofollow noopener\" data-trk=\"{&quot;cta&quot;:{&quot;action&quot;:&quot;https:\\\/\\\/moncompte.actu.fr&quot;,&quot;category&quot;:&quot;mon compte&quot;,&quot;from&quot;:&quot;article footer&quot;,&quot;name&quot;:&quot;Mon actu&quot;,&quot;type&quot;:&quot;cta&quot;}}\" target=\"_blank\">Mon Actu<\/a>.<\/p>\n","protected":false},"excerpt":{"rendered":"Par R\u00e9daction Paris Publi\u00e9 le 9 juil. 2025 \u00e0 17h32 La transformation de la ligne la plus longue&hellip;\n","protected":false},"author":2,"featured_media":238598,"comment_status":"","ping_status":"","sticky":false,"template":"","format":"standard","meta":{"footnotes":""},"categories":[1888],"tags":[1111,1928,11,1927,1777,674,1011,27,12,1926,626,1925,25,6561,2215,104,2086],"class_list":{"0":"post-238597","1":"post","2":"type-post","3":"status-publish","4":"format-standard","5":"has-post-thumbnail","7":"category-paris","8":"tag-actu","9":"tag-actu-paris","10":"tag-actualites","11":"tag-actualites-paris","12":"tag-eu","13":"tag-europe","14":"tag-fr","15":"tag-france","16":"tag-news","17":"tag-news-paris","18":"tag-paris","19":"tag-paris-news","20":"tag-republique-francaise","21":"tag-rer-c","22":"tag-sncf","23":"tag-societe","24":"tag-travaux"},"share_on_mastodon":{"url":"https:\/\/pubeurope.com\/@fr\/114825564838424449","error":""},"_links":{"self":[{"href":"https:\/\/www.europesays.com\/fr\/wp-json\/wp\/v2\/posts\/238597","targetHints":{"allow":["GET"]}}],"collection":[{"href":"https:\/\/www.europesays.com\/fr\/wp-json\/wp\/v2\/posts"}],"about":[{"href":"https:\/\/www.europesays.com\/fr\/wp-json\/wp\/v2\/types\/post"}],"author":[{"embeddable":true,"href":"https:\/\/www.europesays.com\/fr\/wp-json\/wp\/v2\/users\/2"}],"replies":[{"embeddable":true,"href":"https:\/\/www.europesays.com\/fr\/wp-json\/wp\/v2\/comments?post=238597"}],"version-history":[{"count":0,"href":"https:\/\/www.europesays.com\/fr\/wp-json\/wp\/v2\/posts\/238597\/revisions"}],"wp:featuredmedia":[{"embeddable":true,"href":"https:\/\/www.europesays.com\/fr\/wp-json\/wp\/v2\/media\/238598"}],"wp:attachment":[{"href":"https:\/\/www.europesays.com\/fr\/wp-json\/wp\/v2\/media?parent=238597"}],"wp:term":[{"taxonomy":"category","embeddable":true,"href":"https:\/\/www.europesays.com\/fr\/wp-json\/wp\/v2\/categories?post=238597"},{"taxonomy":"post_tag","embeddable":true,"href":"https:\/\/www.europesays.com\/fr\/wp-json\/wp\/v2\/tags?post=238597"}],"curies":[{"name":"wp","href":"https:\/\/api.w.org\/{rel}","templated":true}]}}