{"id":238601,"date":"2025-07-09T22:11:10","date_gmt":"2025-07-09T22:11:10","guid":{"rendered":"https:\/\/www.europesays.com\/fr\/238601\/"},"modified":"2025-07-09T22:11:10","modified_gmt":"2025-07-09T22:11:10","slug":"municipales-a-paris-face-a-une-droite-en-pleine-lethargie-geoffroy-boulard-veut-une-primaire-interne","status":"publish","type":"post","link":"https:\/\/www.europesays.com\/fr\/238601\/","title":{"rendered":"Municipales \u00e0 Paris\u00a0: face \u00e0 une droite en pleine \u00ab\u00a0l\u00e9thargie\u00a0\u00bb, Geoffroy Boulard veut une primaire interne"},"content":{"rendered":"<p class=\"paragraph text_align_left lp-f-body-02\">Un coup de gueule pour r\u00e9veiller la droite parisienne. Ce mercredi 9 juillet, en r\u00e9union publique face \u00e0 ses soutiens, Geoffroy Boulard, le maire (LR) du XVIIe arrondissement de <a href=\"https:\/\/www.leparisien.fr\/paris-75\/\" target=\"_blank\" rel=\"noreferrer nofollow noopener\">Paris<\/a>, a propos\u00e9 l\u2019instauration d\u2019une primaire des R\u00e9publicains dans la perspective <a href=\"https:\/\/www.leparisien.fr\/elections\/municipales\/municipales-paris\/\" target=\"_blank\" rel=\"noreferrer nofollow noopener\">des \u00e9lections municipales<\/a> de mars prochain. Un scrutin que la droite est loin de pouvoir emporter \u00e0 ce stade, estime-t-il.<\/p>\n<p class=\"paragraph text_align_left lp-f-body-02\">Avec d\u00e9j\u00e0 deux candidats souhaitant porter les couleurs de la droite \u2015 la maire du VIIe, <a href=\"https:\/\/www.leparisien.fr\/politique\/rachida-dati\/\" target=\"_blank\" rel=\"noreferrer nofollow noopener\">Rachida Dati<\/a>, qui n\u2019entend pas batailler en interne et s\u2019imposer de par sa stature ; le s\u00e9nateur <a href=\"https:\/\/www.leparisien.fr\/elections\/municipales\/francis-szpiner-se-lance-dans-la-course-a-la-mairie-de-paris-rachida-dati-est-aujourdhui-la-candidate-du-macronisme-12-03-2025-3MPNTTMMDFDZ7HBANPP77F4KXM.php\" target=\"_blank\" rel=\"noreferrer nofollow noopener\">Francis Szpiner<\/a> \u2015 Geoffroy Boulard estime que les 11 000 adh\u00e9rents des R\u00e9publicains Paris doivent d\u00e9sormais trancher. Et demande \u00e0 chacun d\u2019exposer son projet pour Paris. \u00ab Nous ne devons pas \u00eatre t\u00e9tanis\u00e9s \u00bb, met en garde l\u2019\u00e9dile.<\/p>\n","protected":false},"excerpt":{"rendered":"Un coup de gueule pour r\u00e9veiller la droite parisienne. Ce mercredi 9 juillet, en r\u00e9union publique face \u00e0&hellip;\n","protected":false},"author":2,"featured_media":238602,"comment_status":"","ping_status":"","sticky":false,"template":"","format":"standard","meta":{"footnotes":""},"categories":[1888],"tags":[11,5949,1777,674,1011,27,3554,12,626,316,25],"class_list":{"0":"post-238601","1":"post","2":"type-post","3":"status-publish","4":"format-standard","5":"has-post-thumbnail","7":"category-paris","8":"tag-actualites","9":"tag-elections","10":"tag-eu","11":"tag-europe","12":"tag-fr","13":"tag-france","14":"tag-municipales","15":"tag-news","16":"tag-paris","17":"tag-politique","18":"tag-republique-francaise"},"share_on_mastodon":{"url":"https:\/\/pubeurope.com\/@fr\/114825572337340370","error":""},"_links":{"self":[{"href":"https:\/\/www.europesays.com\/fr\/wp-json\/wp\/v2\/posts\/238601","targetHints":{"allow":["GET"]}}],"collection":[{"href":"https:\/\/www.europesays.com\/fr\/wp-json\/wp\/v2\/posts"}],"about":[{"href":"https:\/\/www.europesays.com\/fr\/wp-json\/wp\/v2\/types\/post"}],"author":[{"embeddable":true,"href":"https:\/\/www.europesays.com\/fr\/wp-json\/wp\/v2\/users\/2"}],"replies":[{"embeddable":true,"href":"https:\/\/www.europesays.com\/fr\/wp-json\/wp\/v2\/comments?post=238601"}],"version-history":[{"count":0,"href":"https:\/\/www.europesays.com\/fr\/wp-json\/wp\/v2\/posts\/238601\/revisions"}],"wp:featuredmedia":[{"embeddable":true,"href":"https:\/\/www.europesays.com\/fr\/wp-json\/wp\/v2\/media\/238602"}],"wp:attachment":[{"href":"https:\/\/www.europesays.com\/fr\/wp-json\/wp\/v2\/media?parent=238601"}],"wp:term":[{"taxonomy":"category","embeddable":true,"href":"https:\/\/www.europesays.com\/fr\/wp-json\/wp\/v2\/categories?post=238601"},{"taxonomy":"post_tag","embeddable":true,"href":"https:\/\/www.europesays.com\/fr\/wp-json\/wp\/v2\/tags?post=238601"}],"curies":[{"name":"wp","href":"https:\/\/api.w.org\/{rel}","templated":true}]}}