{"id":238603,"date":"2025-07-09T22:12:19","date_gmt":"2025-07-09T22:12:19","guid":{"rendered":"https:\/\/www.europesays.com\/fr\/238603\/"},"modified":"2025-07-09T22:12:19","modified_gmt":"2025-07-09T22:12:19","slug":"psg-real-madrid-4-0-les-chiffres-dingues-de-paris-en-cette-fin-de-saison","status":"publish","type":"post","link":"https:\/\/www.europesays.com\/fr\/238603\/","title":{"rendered":"PSG &#8211; Real Madrid (4-0) : les chiffres dingues de Paris en cette fin de saison"},"content":{"rendered":"<p class=\"paragraph text_align_left lp-f-body-02\">Le monstre a trouv\u00e9 une nouvelle victime. D\u00e9cha\u00een\u00e9, le <a href=\"https:\/\/www.leparisien.fr\/sports\/football\/psg\/\" target=\"_blank\" rel=\"noreferrer noopener\">PSG <\/a>a ajout\u00e9 le Real Madrid de Kylian Mbapp\u00e9 \u00e0 sa liste des \u00e9quipes corrig\u00e9es mercredi. Une large victoire (4-0) en demi-finale de <a href=\"https:\/\/www.leparisien.fr\/sports\/football\/coupe-du-monde-des-clubs\/\" target=\"_blank\" rel=\"noreferrer noopener\">la Coupe du monde des clubs<\/a> qui vient gonfler des statistiques impressionnantes sur cette fin de saison o\u00f9 Paris semble injouable avant de <a href=\"https:\/\/www.leparisien.fr\/sports\/football\/coupe-du-monde-des-clubs\/chelsea-fluminense-2-0-grace-a-joao-pedro-les-blues-sont-en-finale-et-attendent-le-psg-ou-le-real-08-07-2025-ZI3X7B63WVGYPOV7OSPFKWXU3I.php\" target=\"_blank\" rel=\"noreferrer noopener\">d\u00e9fier Chelsea en finale dimanche<\/a>. Petit tour d\u2019horizon des chiffres \u00e9difiants des hommes de Luis Enrique.<\/p>\n<p>1<\/p>\n<p class=\"paragraph text_align_left lp-f-body-02\">C\u2019est le nombre de but encaiss\u00e9, mais aussi de d\u00e9faite, du PSG depuis <a href=\"https:\/\/www.leparisien.fr\/sports\/football\/psg\/psg-reims-3-0-paris-label-coupe-24-05-2025-B5N5O2PCQZGERKHCGCCJAU3OFY.php\" target=\"_blank\" rel=\"noreferrer noopener\">la finale de la Coupe de France remport\u00e9e (3-0) contre Reims<\/a>, le 24 mai. Ce revers remonte au 19 juin, lors de la phase de groupe du Mondial des clubs, <a href=\"https:\/\/www.leparisien.fr\/sports\/football\/coupe-du-monde-des-clubs\/defaite-surprise-attaque-inoffensive-et-une-qualification-en-danger-ce-quil-faut-retenir-de-psg-botafogo-20-06-2025-UZMBGWXZ7ZD3BCPHLWFMRT5KHM.php\" target=\"_blank\" rel=\"noreferrer noopener\">contre les Br\u00e9siliens de Botafogo<\/a>. Paris n\u2019a donc encaiss\u00e9 qu\u2019un but lors des huit derniers matchs, o\u00f9 il a notamment affront\u00e9 le Real, l\u2019Atl\u00e9tico de Madrid, le Bayern Munich et aussi l\u2019Inter Milan en finale de la Ligue des champions. Et a donc r\u00e9ussi sept clean-sheets sur la p\u00e9riode. <\/p>\n<p>24<\/p>\n<p class=\"paragraph text_align_left lp-f-body-02\">Le nombre de buts marqu\u00e9s par Paris depuis cette m\u00eame finale de Coupe de France \u00e0 Saint-Denis en huit rencontres. Et si les succ\u00e8s contre Seattle (2-O) et <a href=\"https:\/\/www.leparisien.fr\/sports\/football\/coupe-du-monde-des-clubs\/psg-bayern-munich-2-0-les-notes-des-joueurs-parisiens-avec-neves-rayonnant-et-donnarumma-determinant-05-07-2025-ZSRHX6MMKFE7NFLEAYGPGFI37Q.php\" target=\"_blank\" rel=\"noreferrer noopener\">le Bayern Munich (2-0) <\/a>et \u00e9videmment la d\u00e9faite contre Botafogo (0-1) dans ce Mondial font baisser la moyenne, les hommes de Luis Enrique ont surtout marqu\u00e9 les esprits contre l\u2019Inter Milan (5-0), l\u2019Atl\u00e9tico (4-0), l\u2019Inter Miami (4-0) et mercredi contre le Real Madrid (4-0) et fin mai contre Reims (3-0).<\/p>\n<p>18<\/p>\n<p class=\"paragraph text_align_left lp-f-body-02\">Le nombre de frappes tent\u00e9es par le PSG mercredi dans le New Jersey, pour huit cadr\u00e9es. Dominateurs, tr\u00e8s faciles par s\u00e9quences, Ousmane Demb\u00e9l\u00e9 et ses partenaires ont inscrit <a href=\"https:\/\/www.leparisien.fr\/sports\/football\/coupe-du-monde-des-clubs\/psg-real-madrid-les-videos-du-double-de-ruiz-et-du-but-de-dembele-qui-assomment-les-madrilenes-en-24-minutes-09-07-2025-7UWI5VEPPRAT7CP6OZJANWC55E.php\" target=\"_blank\" rel=\"noreferrer noopener\">trois buts dans les 24 premi\u00e8res minutes <\/a>pour ne laisser aucun espoir \u00e0 Kylian Mbapp\u00e9 et ses partenaires. Paris a aussi \u00e9touff\u00e9 Madrid dans la ma\u00eetrise technique, avec 706 passes tent\u00e9es et 654 r\u00e9ussies. Le Real n\u2019en a r\u00e9alis\u00e9 que 334, dont 273 sont arriv\u00e9es \u00e0 destination.<\/p>\n","protected":false},"excerpt":{"rendered":"Le monstre a trouv\u00e9 une nouvelle victime. D\u00e9cha\u00een\u00e9, le PSG a ajout\u00e9 le Real Madrid de Kylian Mbapp\u00e9&hellip;\n","protected":false},"author":2,"featured_media":238604,"comment_status":"","ping_status":"","sticky":false,"template":"","format":"standard","meta":{"footnotes":""},"categories":[1888],"tags":[11,7151,1777,674,63,1011,27,12,626,25,60],"class_list":{"0":"post-238603","1":"post","2":"type-post","3":"status-publish","4":"format-standard","5":"has-post-thumbnail","7":"category-paris","8":"tag-actualites","9":"tag-coupe-du-monde-des-clubs","10":"tag-eu","11":"tag-europe","12":"tag-football","13":"tag-fr","14":"tag-france","15":"tag-news","16":"tag-paris","17":"tag-republique-francaise","18":"tag-sports"},"share_on_mastodon":{"url":"https:\/\/pubeurope.com\/@fr\/114825576471626389","error":""},"_links":{"self":[{"href":"https:\/\/www.europesays.com\/fr\/wp-json\/wp\/v2\/posts\/238603","targetHints":{"allow":["GET"]}}],"collection":[{"href":"https:\/\/www.europesays.com\/fr\/wp-json\/wp\/v2\/posts"}],"about":[{"href":"https:\/\/www.europesays.com\/fr\/wp-json\/wp\/v2\/types\/post"}],"author":[{"embeddable":true,"href":"https:\/\/www.europesays.com\/fr\/wp-json\/wp\/v2\/users\/2"}],"replies":[{"embeddable":true,"href":"https:\/\/www.europesays.com\/fr\/wp-json\/wp\/v2\/comments?post=238603"}],"version-history":[{"count":0,"href":"https:\/\/www.europesays.com\/fr\/wp-json\/wp\/v2\/posts\/238603\/revisions"}],"wp:featuredmedia":[{"embeddable":true,"href":"https:\/\/www.europesays.com\/fr\/wp-json\/wp\/v2\/media\/238604"}],"wp:attachment":[{"href":"https:\/\/www.europesays.com\/fr\/wp-json\/wp\/v2\/media?parent=238603"}],"wp:term":[{"taxonomy":"category","embeddable":true,"href":"https:\/\/www.europesays.com\/fr\/wp-json\/wp\/v2\/categories?post=238603"},{"taxonomy":"post_tag","embeddable":true,"href":"https:\/\/www.europesays.com\/fr\/wp-json\/wp\/v2\/tags?post=238603"}],"curies":[{"name":"wp","href":"https:\/\/api.w.org\/{rel}","templated":true}]}}