{"id":238613,"date":"2025-07-09T22:17:09","date_gmt":"2025-07-09T22:17:09","guid":{"rendered":"https:\/\/www.europesays.com\/fr\/238613\/"},"modified":"2025-07-09T22:17:09","modified_gmt":"2025-07-09T22:17:09","slug":"klingbeil-prevoit-dimportants-investissements-pour-lavenir-de-lallemagne","status":"publish","type":"post","link":"https:\/\/www.europesays.com\/fr\/238613\/","title":{"rendered":"Klingbeil pr\u00e9voit d\u2019importants investissements pour l\u2019avenir de l\u2019Allemagne"},"content":{"rendered":"<p>Berlin (dpa)\u00a0\u2013\u00a0Des routes sans nids-de-poule, des trains \u00e0 l\u2019heure, des \u00e9coles r\u00e9nov\u00e9es\u00a0: les citoyennes et citoyens allemands devraient bient\u00f4t ressentir les effets de la relance des investissements publics pr\u00e9vue en Allemagne. C\u2019est ce que promet le ministre allemand des Finances Lars Klingbeil (photo) gr\u00e2ce \u00e0 son projet de budget\u00a02025. \u00ab\u00a0Nous nous attaquons maintenant \u00e0 ce qui a \u00e9t\u00e9 n\u00e9glig\u00e9 dans notre pays pendant des ann\u00e9es\u00a0\u00bb, a d\u00e9clar\u00e9 Klingbeil.\u00a0\u00a0<\/p>\n<p>Le ministre pr\u00e9voit des investissements de plusieurs milliards dans la Bundeswehr, l\u2019\u00e9ducation et la recherche, la protection du climat, la num\u00e9risation, la construction de logements sociaux et les chemins de fer. Klingbeil parle d\u2019investissements records s\u2019\u00e9levant \u00e0 plus de 115\u00a0milliards\u00a0d\u2019euros cette ann\u00e9e.\u00a0<\/p>\n<p>Par ailleurs, l\u2019\u00e9conomie allemande signale une forte volont\u00e9 d\u2019investir. Le 21\u00a0juillet, le chancelier <a href=\"https:\/\/www.deutschland.de\/fr\/topic\/politique\/chancelier-allemand-interview-de-friedrich-merz\" target=\"_blank\" rel=\"noreferrer noopener nofollow\">Friedrich Merz<\/a> et le ministre Klingbeil recevront les leaders de l\u2019\u00e9conomie allemande.\u00a0\u00a0<\/p>\n<p>Au pr\u00e9alable, suivant les informations du journal \u00ab\u00a0Handelsblatt\u00a0\u00bb, plus de 30\u00a0entreprises et une demi-douzaine d\u2019investisseurs financiers auraient adh\u00e9r\u00e9 \u00e0 une initiative portant le titre de travail \u00ab\u00a0Made for Germany\u00a0\u00bb\u00a0; ces entreprises pr\u00e9pareraient en Allemagne des investissements d\u2019environ\u00a0300\u00a0milliards\u00a0d\u2019euros au cours des trois prochaines ann\u00e9es.\u00a0<\/p>\n","protected":false},"excerpt":{"rendered":"Berlin (dpa)\u00a0\u2013\u00a0Des routes sans nids-de-poule, des trains \u00e0 l\u2019heure, des \u00e9coles r\u00e9nov\u00e9es\u00a0: les citoyennes et citoyens allemands devraient&hellip;\n","protected":false},"author":2,"featured_media":238614,"comment_status":"","ping_status":"","sticky":false,"template":"","format":"standard","meta":{"footnotes":""},"categories":[1587],"tags":[11,672,1804,1805,1803,1777,674,1801,12,1802],"class_list":{"0":"post-238613","1":"post","2":"type-post","3":"status-publish","4":"format-standard","5":"has-post-thumbnail","7":"category-allemagne","8":"tag-actualites","9":"tag-allemagne","10":"tag-bundesrepublik-deutschland","11":"tag-de","12":"tag-deutschland","13":"tag-eu","14":"tag-europe","15":"tag-germany","16":"tag-news","17":"tag-republique-federale-dallemagne"},"share_on_mastodon":{"url":"https:\/\/pubeurope.com\/@fr\/114825596094718408","error":""},"_links":{"self":[{"href":"https:\/\/www.europesays.com\/fr\/wp-json\/wp\/v2\/posts\/238613","targetHints":{"allow":["GET"]}}],"collection":[{"href":"https:\/\/www.europesays.com\/fr\/wp-json\/wp\/v2\/posts"}],"about":[{"href":"https:\/\/www.europesays.com\/fr\/wp-json\/wp\/v2\/types\/post"}],"author":[{"embeddable":true,"href":"https:\/\/www.europesays.com\/fr\/wp-json\/wp\/v2\/users\/2"}],"replies":[{"embeddable":true,"href":"https:\/\/www.europesays.com\/fr\/wp-json\/wp\/v2\/comments?post=238613"}],"version-history":[{"count":0,"href":"https:\/\/www.europesays.com\/fr\/wp-json\/wp\/v2\/posts\/238613\/revisions"}],"wp:featuredmedia":[{"embeddable":true,"href":"https:\/\/www.europesays.com\/fr\/wp-json\/wp\/v2\/media\/238614"}],"wp:attachment":[{"href":"https:\/\/www.europesays.com\/fr\/wp-json\/wp\/v2\/media?parent=238613"}],"wp:term":[{"taxonomy":"category","embeddable":true,"href":"https:\/\/www.europesays.com\/fr\/wp-json\/wp\/v2\/categories?post=238613"},{"taxonomy":"post_tag","embeddable":true,"href":"https:\/\/www.europesays.com\/fr\/wp-json\/wp\/v2\/tags?post=238613"}],"curies":[{"name":"wp","href":"https:\/\/api.w.org\/{rel}","templated":true}]}}