{"id":238615,"date":"2025-07-09T22:18:10","date_gmt":"2025-07-09T22:18:10","guid":{"rendered":"https:\/\/www.europesays.com\/fr\/238615\/"},"modified":"2025-07-09T22:18:10","modified_gmt":"2025-07-09T22:18:10","slug":"linconstance-de-trump-plonge-leurope-et-lukraine-dans-lincertitude","status":"publish","type":"post","link":"https:\/\/www.europesays.com\/fr\/238615\/","title":{"rendered":"L\u2019inconstance de Trump plonge l\u2019Europe et l\u2019Ukraine dans l\u2019incertitude"},"content":{"rendered":"<p><strong>ANALYSE &#8211;<\/strong> Face \u00e0 l\u2019ampleur des d\u00e9fis, certains sont tent\u00e9s de courber l\u2019\u00e9chine et de prendre les revirements du pr\u00e9sident am\u00e9ricain sur l\u2019Ukraine au pied de la lettre.<\/p>\n<p class=\"fig-paragraph\">Depuis le retour de\u00a0<a href=\"http:\/\/www.lefigaro.fr\/international\/pourquoi-donald-trump-prend-il-ses-distances-avec-le-conflit-ukrainien-20250417\" target=\"_blank\" data-fig-type=\"Article\" rel=\"noopener\" data-gtm-custom-categorie=\"navigation\" data-gtm-custom-action=\"crossclick\" data-gtm-custom-label=\"Contextuel\" data-gtm-event=\"customEventSPE\" data-fig-domain=\"LEFIGARO\">Donald Trump<\/a>\u00a0\u00e0 la Maison-Blanche, les Ukrainiens sont enferm\u00e9s dans un tambour de machine \u00e0 laver. Et devant le hublot,\u00a0<a href=\"http:\/\/www.lefigaro.fr\/international\/guerre-en-ukraine-la-grande-desillusion-des-europeens-leurres-par-donald-trump-20250522\" target=\"_blank\" data-fig-type=\"Article\" rel=\"noopener\" data-gtm-custom-categorie=\"navigation\" data-gtm-custom-action=\"crossclick\" data-gtm-custom-label=\"Contextuel\" data-gtm-event=\"customEventSPE\" data-fig-domain=\"LEFIGARO\">les Europ\u00e9ens tentent vainement de suivre du regard<\/a>\u00a0les mouvements de culbuto. La politique \u00e9trang\u00e8re du pr\u00e9sident am\u00e9ricain donne \u00e0 tous le tournis. Son inconstance et ses changements de pied permanents augmentent l\u2019incertitude mondiale. Elles plongent aussi les Europ\u00e9ens dans un \u00e9tat de stup\u00e9faction, qui souvent favorise l\u2019attentisme.<\/p>\n<p class=\"fig-paragraph\">S\u2019il est suivi d\u2019effet dans les actes, le dernier revirement de Donald Trump, sur l\u2019Ukraine, sera sans doute l\u2019un des plus marquants, car il arrive \u00e0 un moment o\u00f9 on ne l\u2019attendait plus. Apr\u00e8s que son Administration a interrompu la semaine derni\u00e8re les livraisons de missiles destin\u00e9s aux syst\u00e8mes de d\u00e9fense a\u00e9rienne, notamment les indispensables Patriot, Donald Trump a affirm\u00e9 lundi qu\u2019il allait au contraire envoyer davantage d\u2019\u00e9quipements militaires \u00e0 l\u2019Ukraine, au motif que le pays \u00e9tait\u00a0<a href=\"http:\/\/www.lefigaro.fr\/international\/nous-restons-debout-a-kiev-avec-les-juges-ukrainiens-qui-abattent-les-drones-russes-20250709\" data-fig-type=\"Article\" data-gtm-custom-categorie=\"navigation\" data-gtm-custom-action=\"crossclick\" data-gtm-custom-label=\"Contextuel\" data-gtm-event=\"customEventSPE\" data-fig-domain=\"LEFIGARO\" target=\"_blank\" rel=\"noopener\">durement frapp\u00e9 par la Russie<\/a><\/p>\n<p class=\"fig-premium-paywall__infos\">\n        Cet article est r\u00e9serv\u00e9 aux abonn\u00e9s.        Il vous reste 84% \u00e0 d\u00e9couvrir.\n    <\/p>\n<p>                <img  data- alt=\"Le Figaro\" class=\"fig-img--complete fig-img\"\/><\/p>\n<p class=\"fig-premium-paywall__title\">Vous avez envie de lire la suite ?<\/p>\n<p class=\"fig-premium-paywall__subtitle\">D\u00e9bloquez tous les articles imm\u00e9diatement.<\/p>\n<p class=\"fig-premium-paywall__connect\">\n                D\u00e9j\u00e0 abonn\u00e9\u00a0?                <a class=\"fig-premium-paywall__connect-link\" href=\"https:\/\/connect.lefigaro.fr\/login?client=horizon_web&amp;type=main&amp;redirect_uri=https%3A%2F%2Fwww.lefigaro.fr%2Finternational%2Fl-inconstance-de-trump-plonge-l-europe-et-l-ukraine-dans-l-incertitude-20250709\" data-js-gtm=\"{&quot;customCategorie&quot;: &quot;conversion&quot;, &quot;customAction&quot;: &quot;before_Landing_Connexion_paywall_auto&quot;, &quot;customLabel&quot;: &quot;bGVmaWdhcm8uZnJfXzFmMDVjYzYxLWVmNTgtNjQwMi05YTkyLWEzNTRkNTY2ODRhZl9fQXJ0aWNsZQ==_L\u2019inconstance de Trump plonge l\u2019Europe et l\u2019Ukraine dans l\u2019incertitude_522&quot;, &quot;customIDSPE&quot;: &quot;bGVmaWdhcm8uZnJfXzFmMDVjYzYxLWVmNTgtNjQwMi05YTkyLWEzNTRkNTY2ODRhZl9fQXJ0aWNsZQ==&quot;, &quot;event&quot;: &quot;customEventSPE&quot;}\" target=\"_blank\" rel=\"noopener\"><br \/>\n                    Connectez-vous<br \/>\n                <\/a>\n            <\/p>\n","protected":false},"excerpt":{"rendered":"ANALYSE &#8211; Face \u00e0 l\u2019ampleur des d\u00e9fis, certains sont tent\u00e9s de courber l\u2019\u00e9chine et de prendre les revirements&hellip;\n","protected":false},"author":2,"featured_media":238616,"comment_status":"","ping_status":"","sticky":false,"template":"","format":"standard","meta":{"footnotes":""},"categories":[1586],"tags":[11,75,1777,674,1011,27,12,25,220,135],"class_list":{"0":"post-238615","1":"post","2":"type-post","3":"status-publish","4":"format-standard","5":"has-post-thumbnail","7":"category-europe","8":"tag-actualites","9":"tag-donald-trump","10":"tag-eu","11":"tag-europe","12":"tag-fr","13":"tag-france","14":"tag-news","15":"tag-republique-francaise","16":"tag-ukraine","17":"tag-vladimir-poutine"},"share_on_mastodon":{"url":"https:\/\/pubeurope.com\/@fr\/114825599949223082","error":""},"_links":{"self":[{"href":"https:\/\/www.europesays.com\/fr\/wp-json\/wp\/v2\/posts\/238615","targetHints":{"allow":["GET"]}}],"collection":[{"href":"https:\/\/www.europesays.com\/fr\/wp-json\/wp\/v2\/posts"}],"about":[{"href":"https:\/\/www.europesays.com\/fr\/wp-json\/wp\/v2\/types\/post"}],"author":[{"embeddable":true,"href":"https:\/\/www.europesays.com\/fr\/wp-json\/wp\/v2\/users\/2"}],"replies":[{"embeddable":true,"href":"https:\/\/www.europesays.com\/fr\/wp-json\/wp\/v2\/comments?post=238615"}],"version-history":[{"count":0,"href":"https:\/\/www.europesays.com\/fr\/wp-json\/wp\/v2\/posts\/238615\/revisions"}],"wp:featuredmedia":[{"embeddable":true,"href":"https:\/\/www.europesays.com\/fr\/wp-json\/wp\/v2\/media\/238616"}],"wp:attachment":[{"href":"https:\/\/www.europesays.com\/fr\/wp-json\/wp\/v2\/media?parent=238615"}],"wp:term":[{"taxonomy":"category","embeddable":true,"href":"https:\/\/www.europesays.com\/fr\/wp-json\/wp\/v2\/categories?post=238615"},{"taxonomy":"post_tag","embeddable":true,"href":"https:\/\/www.europesays.com\/fr\/wp-json\/wp\/v2\/tags?post=238615"}],"curies":[{"name":"wp","href":"https:\/\/api.w.org\/{rel}","templated":true}]}}