{"id":238625,"date":"2025-07-09T22:23:09","date_gmt":"2025-07-09T22:23:09","guid":{"rendered":"https:\/\/www.europesays.com\/fr\/238625\/"},"modified":"2025-07-09T22:23:09","modified_gmt":"2025-07-09T22:23:09","slug":"golf-lirlandais-du-nord-rory-mcilroy-ravive-la-flamme-avant-lomnium-decosse","status":"publish","type":"post","link":"https:\/\/www.europesays.com\/fr\/238625\/","title":{"rendered":"Golf : l&rsquo;Irlandais du Nord Rory McIlroy ravive la flamme avant l&rsquo;Omnium d&rsquo;\u00c9cosse"},"content":{"rendered":"<p>Rory McIlroy avait peut-\u00eatre besoin d&rsquo;un changement de d\u00e9cor pour raviver la flamme apr\u00e8s avoir remport\u00e9 le Tournoi des Ma\u00eetres et compl\u00e9t\u00e9 son Grand Chelem, apr\u00e8s avoir d\u00e9clar\u00e9 que ce moment allait fort probablement \u00eatre le fait saillant de sa carri\u00e8re.<\/p>\n<p>Il n&rsquo;a jamais \u00e9t\u00e9 dans le coup \u00e0 ses six d\u00e9parts depuis ce moment historique, incluant deux tournois majeurs. Puis, il est rentr\u00e9 chez lui, au Royaume-Uni, dans un endroit qui lui est familier.<\/p>\n<p>McIlroy a dit qu&rsquo;il pouvait entendre la f\u00e9brilit\u00e9 dans la voix de ses proches lorsque ceux-ci lui parlaient de sa victoire au Tournoi des Ma\u00eetres. Puis, il y a aussi la nervosit\u00e9 associ\u00e9e au fait de devoir adapter son jeu pour les deux prochaines semaines, d&rsquo;abord lors de l&rsquo;Omnium d&rsquo;\u00c9cosse, qui commencera jeudi matin, puis lors de l&rsquo;Omnium britannique, qui se d\u00e9roulera chez lui, en Irlande du Nord, au Royal Portrush.<\/p>\n<p>\u00abDepuis quelques semaines, depuis que je suis rentr\u00e9 chez moi, je rencontre des gens que je n&rsquo;avais pas vus depuis Augusta, j&rsquo;ai discut\u00e9 avec des gens des \u00e9motions qu&rsquo;ils avaient ressenties (en me voyant triompher), et de toute \u00e9vidence \u00e7&rsquo;a rallum\u00e9 la flamme en moi\u00bb, a convenu McIlroy mercredi. \u00a0<\/p>\n<p>Il est rentr\u00e9 chez lui voir ses parents avec son veston vert de champion du &lsquo;Masters&rsquo;. Puis, il a repris sa route comp\u00e9titive, a particip\u00e9 \u00e0 une tourn\u00e9e m\u00e9diatique, \u00e0 d&rsquo;autres tournois majeurs, et tout ce qui accompagne la vie d&rsquo;un golfeur professionnel.<\/p>\n<p>\u00abJ&rsquo;ai appr\u00e9ci\u00e9 ces quelques semaines pour prendre du recul, et aussi pour recharger les batteries pour le dernier droit de la saison, a mentionn\u00e9 McIlroy. Nous sommes en \u00c9cosse cette semaine, puis il y a cette \u00e9norme semaine \u00e0 Portrush. J&rsquo;ai h\u00e2te pour le reste de l&rsquo;ann\u00e9e.\u00bb<\/p>\n<p>L&rsquo;Omnium Genesis en sera \u00e0 sa quatri\u00e8me \u00e9dition conjointe du circuit de la PGA et du circuit europ\u00e9en. Ce tournoi a \u00e9galement annonc\u00e9 une prolongation de son entente de commandite jusqu&rsquo;en 2030.<\/p>\n<p>Le peloton comprendra huit des 10 meilleurs golfeurs au monde, car seuls Russell Henley et le capitaine de l&rsquo;\u00e9quipe am\u00e9ricaine \u00e0 la Coupe Ryder, Keegan Bradley, brilleront par leur absence. Ils seront confront\u00e9s au Renaissance Club, un parcours hybride de type &lsquo;links&rsquo; qui a pris de la maturit\u00e9 depuis une d\u00e9cennie \u00e0 l&#8217;embouchure du &lsquo;Firth of Forth&rsquo;, ou l&rsquo;estuaire du fleuve noir.<\/p>\n<p>Les Canadiens Corey Conners, Mackenzie Hughes, Aaron Cockerill, Nick Taylor et Taylor Pendrith participeront \u00e0 ce tournoi.<\/p>\n<p>\u00a0<\/p>\n","protected":false},"excerpt":{"rendered":"Rory McIlroy avait peut-\u00eatre besoin d&rsquo;un changement de d\u00e9cor pour raviver la flamme apr\u00e8s avoir remport\u00e9 le Tournoi&hellip;\n","protected":false},"author":2,"featured_media":238626,"comment_status":"","ping_status":"","sticky":false,"template":"","format":"standard","meta":{"footnotes":""},"categories":[1418],"tags":[1011,27,1472,60],"class_list":{"0":"post-238625","1":"post","2":"type-post","3":"status-publish","4":"format-standard","5":"has-post-thumbnail","7":"category-golf","8":"tag-fr","9":"tag-france","10":"tag-golf","11":"tag-sports"},"share_on_mastodon":{"url":"https:\/\/pubeurope.com\/@fr\/114825619278327343","error":""},"_links":{"self":[{"href":"https:\/\/www.europesays.com\/fr\/wp-json\/wp\/v2\/posts\/238625","targetHints":{"allow":["GET"]}}],"collection":[{"href":"https:\/\/www.europesays.com\/fr\/wp-json\/wp\/v2\/posts"}],"about":[{"href":"https:\/\/www.europesays.com\/fr\/wp-json\/wp\/v2\/types\/post"}],"author":[{"embeddable":true,"href":"https:\/\/www.europesays.com\/fr\/wp-json\/wp\/v2\/users\/2"}],"replies":[{"embeddable":true,"href":"https:\/\/www.europesays.com\/fr\/wp-json\/wp\/v2\/comments?post=238625"}],"version-history":[{"count":0,"href":"https:\/\/www.europesays.com\/fr\/wp-json\/wp\/v2\/posts\/238625\/revisions"}],"wp:featuredmedia":[{"embeddable":true,"href":"https:\/\/www.europesays.com\/fr\/wp-json\/wp\/v2\/media\/238626"}],"wp:attachment":[{"href":"https:\/\/www.europesays.com\/fr\/wp-json\/wp\/v2\/media?parent=238625"}],"wp:term":[{"taxonomy":"category","embeddable":true,"href":"https:\/\/www.europesays.com\/fr\/wp-json\/wp\/v2\/categories?post=238625"},{"taxonomy":"post_tag","embeddable":true,"href":"https:\/\/www.europesays.com\/fr\/wp-json\/wp\/v2\/tags?post=238625"}],"curies":[{"name":"wp","href":"https:\/\/api.w.org\/{rel}","templated":true}]}}