{"id":238627,"date":"2025-07-09T22:24:12","date_gmt":"2025-07-09T22:24:12","guid":{"rendered":"https:\/\/www.europesays.com\/fr\/238627\/"},"modified":"2025-07-09T22:24:12","modified_gmt":"2025-07-09T22:24:12","slug":"lalterna-stade-poitevin-met-le-cap-sur-la-coupe-cev","status":"publish","type":"post","link":"https:\/\/www.europesays.com\/fr\/238627\/","title":{"rendered":"L\u2019Alterna Stade Poitevin met le cap sur la Coupe CEV"},"content":{"rendered":"<p>C\u2019\u00e9tait dans l\u2019air du temps depuis d\u00e9j\u00e0 quelques semaines. Depuis l\u2019officialisation de la wild-card obtenue par Montpellier pour disputer la prochaine Ligue des champions. Si la Conf\u00e9d\u00e9ration Europ\u00e9enne de Volley semble aimer ajouter de la confusion \u00e0 la confusion sur l\u2019attribution des Coupes d\u2019Europe, l\u2019Alterna Stade Poitevin a quand m\u00eame eu l\u2019officialisation de la part de l\u2019instance continentale qu\u2019il ne disputerait pas la Challenge Cup, pour laquelle il \u00e9tait initialement qualifi\u00e9 apr\u00e8s avoir atteint la finale du dernier championnat de France, mais bien la Coupe CEV. Soit la deuxi\u00e8me comp\u00e9tition europ\u00e9enne. Et cela ne peut que r\u00e9jouir C\u00e9dric Enard.<\/p>\n<p>\u00ab\u00a0Il y a plus de prestige\u00a0\u00bb<\/p>\n<p>\u00ab\u00a0Cela faisait d\u00e9j\u00e0 quelques ann\u00e9es que le club n\u2019avait pas particip\u00e9 \u00e0 la Coupe d\u2019Europe (2019) mais le fait de disputer la Coupe CEV, et non pas Challenge Cup, nous offre la possibilit\u00e9 d\u2019avoir de plus grands adversaires, avance le manager stadiste. Il y a plus de prestige.\u00a0\u00bb Comme l\u2019a encore montr\u00e9 la derni\u00e8re finale mettant aux prises le Ziraat Bank Ankara (Turquie) de Cl\u00e9venot et d\u2019Anderson \u00e0 l\u2019Asseco Resovia Rzeszow (Pologne) de Boyer et Cebulj.<\/p>\n<p>L\u2019Alterna Stade Poitevin ne devrait pas avoir le plaisir de les croiser lors de sa prochaine campagne europ\u00e9enne, la seizi\u00e8me de son histoire, la cinqui\u00e8me en Coupe CEV apr\u00e8s 1997, 2008, 2009 et 2011. Mais le club stadiste ne perdra pas au change si le Fenerbah\u00e7e d\u2019Earvin Ngapeth et Barth\u00e9l\u00e9my Chinenyeze, l\u2019ancien club italien d\u2019Antoine Brizard, Piacenza, ou Jastrzebski Wegiel de Benjamin Toniutti venait \u00e0 se trouver sur sa route europ\u00e9enne. Sans parler de certains clubs \u00e9limin\u00e9s de Ligue des champions et bascul\u00e9s au 2e\u00a0\u00e9chelon europ\u00e9en au stade quart de finale.<\/p>\n<p>La formation stadiste a d\u00e9j\u00e0 atteint ce stade de la comp\u00e9tition lors de la saison 2008-2009 quand Oliver Kieffer, Ondrej Boula, S\u00e9bastien Frangolacci et leurs partenaires avaient \u00e9limin\u00e9 les Chypriotes de Famagouste, les Finlandais de Pielavesi avant de tomber face \u00e0 l\u2019Olympiakos Le Pir\u00e9e emmen\u00e9 par la l\u00e9gende serbe\u00a0d\u2019Ivan Miljkovic.<\/p>\n<p>En attendant de conna\u00eetre la date du tirage au sort, l\u2019Alterna SPVB entrera sur la sc\u00e8ne europ\u00e9enne le 14, 15 ou 16\u00a0novembre, ou lors du 32e\u00a0de finale aller, avant le match retour programm\u00e9 une semaine plus tard. Et l\u2019une de ces deux rencontres pourrait avoir lieu \u00e0 l\u2019Arena Futuroscope, que le club stadiste aimerait investir pour mettre le cap sur la Coupe CEV.<\/p>\n<p><strong>Les clubs qualifi\u00e9s<\/strong><\/p>\n<p><strong>&#8211; Allemagne (2)\u00a0:<\/strong> Friedrichshafen, Giesen.<br \/><strong>&#8211; Autriche (1)\u00a0:<\/strong> SK Zadruga Aich\/Dob.<br \/><strong>&#8211; Belgique (2)\u00a0:<\/strong> Techtum Achel, Greenyard Maaseik.<br \/><strong>&#8211; Bulgarie (1)\u00a0:<\/strong> Lokomotiv Avia Plovdiv.\ufeff<br \/><strong>&#8211; Espagne (1)\u00a0:<\/strong> Rio Duero Soria.<br \/><strong>&#8211; France (2)\u00a0:<\/strong> Alterna Stade Poitevin, Tourcoing.<br \/><strong>&#8211; Gr\u00e8ce (2)\u00a0:<\/strong> Panathina\u00efkos, Milon.<br \/><strong>&#8211; Italie (1)\u00a0:<\/strong> Piacenza.<br \/><strong>&#8211; Pays-Bas (1)\u00a0:<\/strong> Apeldoorn.<br \/><strong>&#8211; Pologne (1)\u00a0:<\/strong> Jastrzebski Wegiel.<br \/><strong>&#8211; R\u00e9publique Tch\u00e8que (2)\u00a0:<\/strong> Karlovarsko, Ceske Budejovice.<br \/><strong>&#8211; Roumanie (2)\u00a0:<\/strong> Brasov, Craiova.<br \/><strong>&#8211; Slov\u00e9nie (1)\u00a0:<\/strong> Alpacem Kanal.<br \/><strong>&#8211; Serbie (1)\u00a0:<\/strong> Novi Sad.<br \/><strong>&#8211; Suisse (2)\u00a0:<\/strong> Amriswil, Sch\u00f6nenwerd.<br \/><strong>&#8211; Turquie (2)\u00a0:<\/strong> Fenerbah\u00e7e, Alanya.<\/p>\n<p>\u00a0<\/p>\n","protected":false},"excerpt":{"rendered":"C\u2019\u00e9tait dans l\u2019air du temps depuis d\u00e9j\u00e0 quelques semaines. Depuis l\u2019officialisation de la wild-card obtenue par Montpellier pour&hellip;\n","protected":false},"author":2,"featured_media":238628,"comment_status":"","ping_status":"","sticky":false,"template":"","format":"standard","meta":{"footnotes":""},"categories":[1417],"tags":[1392,1654,1011,27,1653,60,1584,1470,1469],"class_list":{"0":"post-238627","1":"post","2":"type-post","3":"status-publish","4":"format-standard","5":"has-post-thumbnail","7":"category-volley","8":"tag-a-la-une-local","9":"tag-alterna-stade-poitevin-volley-ball","10":"tag-fr","11":"tag-france","12":"tag-poitiers","13":"tag-sports","14":"tag-vienne","15":"tag-volley","16":"tag-volleyball"},"share_on_mastodon":{"url":"https:\/\/pubeurope.com\/@fr\/114825623566481864","error":""},"_links":{"self":[{"href":"https:\/\/www.europesays.com\/fr\/wp-json\/wp\/v2\/posts\/238627","targetHints":{"allow":["GET"]}}],"collection":[{"href":"https:\/\/www.europesays.com\/fr\/wp-json\/wp\/v2\/posts"}],"about":[{"href":"https:\/\/www.europesays.com\/fr\/wp-json\/wp\/v2\/types\/post"}],"author":[{"embeddable":true,"href":"https:\/\/www.europesays.com\/fr\/wp-json\/wp\/v2\/users\/2"}],"replies":[{"embeddable":true,"href":"https:\/\/www.europesays.com\/fr\/wp-json\/wp\/v2\/comments?post=238627"}],"version-history":[{"count":0,"href":"https:\/\/www.europesays.com\/fr\/wp-json\/wp\/v2\/posts\/238627\/revisions"}],"wp:featuredmedia":[{"embeddable":true,"href":"https:\/\/www.europesays.com\/fr\/wp-json\/wp\/v2\/media\/238628"}],"wp:attachment":[{"href":"https:\/\/www.europesays.com\/fr\/wp-json\/wp\/v2\/media?parent=238627"}],"wp:term":[{"taxonomy":"category","embeddable":true,"href":"https:\/\/www.europesays.com\/fr\/wp-json\/wp\/v2\/categories?post=238627"},{"taxonomy":"post_tag","embeddable":true,"href":"https:\/\/www.europesays.com\/fr\/wp-json\/wp\/v2\/tags?post=238627"}],"curies":[{"name":"wp","href":"https:\/\/api.w.org\/{rel}","templated":true}]}}