{"id":238629,"date":"2025-07-09T22:25:10","date_gmt":"2025-07-09T22:25:10","guid":{"rendered":"https:\/\/www.europesays.com\/fr\/238629\/"},"modified":"2025-07-09T22:25:10","modified_gmt":"2025-07-09T22:25:10","slug":"video-zach-mercer-fait-passer-un-petit-message-aux-supporters-du-rct","status":"publish","type":"post","link":"https:\/\/www.europesays.com\/fr\/238629\/","title":{"rendered":"VIDEO : Zach Mercer fait passer un petit message aux supporters du RCT !"},"content":{"rendered":"<p>Comme vous le savez, le Rugby Club Toulonnais a engag\u00e9 le troisi\u00e8me ligne international Anglais Zach Mercer pour les saisons \u00e0 venir.<\/p>\n<p>L\u2019ancien joueur de Montpellier a sign\u00e9 un contrat de trois saisons en faveur du RCT, soit jusqu\u2019au mois de juin 2028.<\/p>\n<p>Sur le Twitter officiel du club Varois, Zach Mercer a fait passer un petit message aux supporters Toulonnais.<\/p>\n<p><strong>A lire ci-dessous :\u00a0<\/strong><\/p>\n<p>\u00ab\u00a0Salut tout le monde, c\u2019est Zach Mercer. Je suis tr\u00e8s content d\u2019avoir sign\u00e9 \u00e0 Toulon pour trois saisons. A bient\u00f4t \u00e0 Mayol ! Ciao !\u00a0\u00bb<\/p>\n<p><strong>A visionner ci-dessous :\u00a0<\/strong><\/p>\n","protected":false},"excerpt":{"rendered":"Comme vous le savez, le Rugby Club Toulonnais a engag\u00e9 le troisi\u00e8me ligne international Anglais Zach Mercer pour&hellip;\n","protected":false},"author":2,"featured_media":238630,"comment_status":"","ping_status":"","sticky":false,"template":"","format":"standard","meta":{"footnotes":""},"categories":[1416],"tags":[1011,27,479,1468,60],"class_list":{"0":"post-238629","1":"post","2":"type-post","3":"status-publish","4":"format-standard","5":"has-post-thumbnail","7":"category-rugby","8":"tag-fr","9":"tag-france","10":"tag-rugby","11":"tag-rugby-football","12":"tag-sports"},"share_on_mastodon":{"url":"https:\/\/pubeurope.com\/@fr\/114825627221767393","error":""},"_links":{"self":[{"href":"https:\/\/www.europesays.com\/fr\/wp-json\/wp\/v2\/posts\/238629","targetHints":{"allow":["GET"]}}],"collection":[{"href":"https:\/\/www.europesays.com\/fr\/wp-json\/wp\/v2\/posts"}],"about":[{"href":"https:\/\/www.europesays.com\/fr\/wp-json\/wp\/v2\/types\/post"}],"author":[{"embeddable":true,"href":"https:\/\/www.europesays.com\/fr\/wp-json\/wp\/v2\/users\/2"}],"replies":[{"embeddable":true,"href":"https:\/\/www.europesays.com\/fr\/wp-json\/wp\/v2\/comments?post=238629"}],"version-history":[{"count":0,"href":"https:\/\/www.europesays.com\/fr\/wp-json\/wp\/v2\/posts\/238629\/revisions"}],"wp:featuredmedia":[{"embeddable":true,"href":"https:\/\/www.europesays.com\/fr\/wp-json\/wp\/v2\/media\/238630"}],"wp:attachment":[{"href":"https:\/\/www.europesays.com\/fr\/wp-json\/wp\/v2\/media?parent=238629"}],"wp:term":[{"taxonomy":"category","embeddable":true,"href":"https:\/\/www.europesays.com\/fr\/wp-json\/wp\/v2\/categories?post=238629"},{"taxonomy":"post_tag","embeddable":true,"href":"https:\/\/www.europesays.com\/fr\/wp-json\/wp\/v2\/tags?post=238629"}],"curies":[{"name":"wp","href":"https:\/\/api.w.org\/{rel}","templated":true}]}}