{"id":238631,"date":"2025-07-09T22:26:09","date_gmt":"2025-07-09T22:26:09","guid":{"rendered":"https:\/\/www.europesays.com\/fr\/238631\/"},"modified":"2025-07-09T22:26:09","modified_gmt":"2025-07-09T22:26:09","slug":"wimbledon-insolite-un-celebre-acteur-sendort-dans-la-royal-box-pendant-le-match-de-djokovic","status":"publish","type":"post","link":"https:\/\/www.europesays.com\/fr\/238631\/","title":{"rendered":"Wimbledon, Insolite > Un c\u00e9l\u00e8bre acteur s&rsquo;endort dans la Royal Box pendant le match de Djokovic"},"content":{"rendered":"<p>Sc\u00e8ne inso\u00adlite et cocasse ce mercredi \u00e0 Wimbledon pendant le quart de finale entre Novak Djokovic et Flavio Cobolli.\u00a0<\/p>\n<p>Pr\u00e9sent dans la fameuse Royal Box du Centre Court, le c\u00e9l\u00e8bre acteur am\u00e9ri\u00adcain, Hugh Grant, pour\u00adtant grand fan de tennis, a piqu\u00e9 un petit somme, visi\u00adble\u00adment pas subjugu\u00e9 par le spec\u00adtacle propos\u00e9.<\/p>\n<blockquote class=\"twitter-tweet\">\n<p lang=\"en\" dir=\"ltr\">Hugh Grant asleep at the tennis lol <a href=\"https:\/\/twitter.com\/hashtag\/Wimbledon2025?src=hash&amp;ref_src=twsrc%5Etfw\" data-wpel-link=\"external\" target=\"_blank\" rel=\"nofollow external noopener\">#Wimbledon2025<\/a> \ud83c\udfbe <a href=\"https:\/\/t.co\/iUyDXSf2yz\" data-wpel-link=\"external\" target=\"_blank\" rel=\"nofollow external noopener\">pic.twitter.com\/iUyDXSf2yz<\/a><\/p>\n<p>\u2014 Gills (@gpricey23) <a href=\"https:\/\/twitter.com\/gpricey23\/status\/1942984083518128433?ref_src=twsrc%5Etfw\" data-wpel-link=\"external\" target=\"_blank\" rel=\"nofollow external noopener\">July 9,\u00a02025<\/a><\/p><\/blockquote>\n<p>Et pour\u00adtant, les deux joueurs ont propos\u00e9 un tennis de tr\u00e8s haut niveau dans la premi\u00e8re manche avec un Italien qui a pris le meilleur sur Djokovic gr\u00e2ce \u00e0 un tennis explosif et inspir\u00e9.<\/p>\n<p class=\"post-published-date\" style=\"color: silver; font-size: 75%; text-align: left;\">Publi\u00e9 le mercredi 9 juillet 2025 \u00e0 19:31<\/p>\n<p><script async src=\"https:\/\/platform.twitter.com\/widgets.js\" charset=\"utf-8\"><\/script><\/p>\n","protected":false},"excerpt":{"rendered":"Sc\u00e8ne inso\u00adlite et cocasse ce mercredi \u00e0 Wimbledon pendant le quart de finale entre Novak Djokovic et Flavio&hellip;\n","protected":false},"author":2,"featured_media":238632,"comment_status":"","ping_status":"","sticky":false,"template":"","format":"standard","meta":{"footnotes":""},"categories":[1415],"tags":[105,1011,27,60,1467],"class_list":{"0":"post-238631","1":"post","2":"type-post","3":"status-publish","4":"format-standard","5":"has-post-thumbnail","7":"category-tennis","8":"tag-djokovic","9":"tag-fr","10":"tag-france","11":"tag-sports","12":"tag-tennis"},"share_on_mastodon":{"url":"https:\/\/pubeurope.com\/@fr\/114825631399950542","error":""},"_links":{"self":[{"href":"https:\/\/www.europesays.com\/fr\/wp-json\/wp\/v2\/posts\/238631","targetHints":{"allow":["GET"]}}],"collection":[{"href":"https:\/\/www.europesays.com\/fr\/wp-json\/wp\/v2\/posts"}],"about":[{"href":"https:\/\/www.europesays.com\/fr\/wp-json\/wp\/v2\/types\/post"}],"author":[{"embeddable":true,"href":"https:\/\/www.europesays.com\/fr\/wp-json\/wp\/v2\/users\/2"}],"replies":[{"embeddable":true,"href":"https:\/\/www.europesays.com\/fr\/wp-json\/wp\/v2\/comments?post=238631"}],"version-history":[{"count":0,"href":"https:\/\/www.europesays.com\/fr\/wp-json\/wp\/v2\/posts\/238631\/revisions"}],"wp:featuredmedia":[{"embeddable":true,"href":"https:\/\/www.europesays.com\/fr\/wp-json\/wp\/v2\/media\/238632"}],"wp:attachment":[{"href":"https:\/\/www.europesays.com\/fr\/wp-json\/wp\/v2\/media?parent=238631"}],"wp:term":[{"taxonomy":"category","embeddable":true,"href":"https:\/\/www.europesays.com\/fr\/wp-json\/wp\/v2\/categories?post=238631"},{"taxonomy":"post_tag","embeddable":true,"href":"https:\/\/www.europesays.com\/fr\/wp-json\/wp\/v2\/tags?post=238631"}],"curies":[{"name":"wp","href":"https:\/\/api.w.org\/{rel}","templated":true}]}}