{"id":238633,"date":"2025-07-09T22:28:13","date_gmt":"2025-07-09T22:28:13","guid":{"rendered":"https:\/\/www.europesays.com\/fr\/238633\/"},"modified":"2025-07-09T22:28:13","modified_gmt":"2025-07-09T22:28:13","slug":"motogp-miguel-oliveira-selon-moi-si-jorge-martin-avait-ete-sur-la-ducati-cette-saison-serait-differente","status":"publish","type":"post","link":"https:\/\/www.europesays.com\/fr\/238633\/","title":{"rendered":"MotoGP, Miguel Oliveira : \u00ab\u00a0selon moi, si Jorge Martin avait \u00e9t\u00e9 sur la Ducati, cette saison serait diff\u00e9rente\u00a0\u00bb"},"content":{"rendered":"<p><strong>Miguel Oliveira l\u2019a aussi remarqu\u00e9 : la saison 2025 de<br \/>\nMarc Marquez chez Ducati fr\u00f4le la perfection. Avec six victoires en<br \/>\nGrand Prix et neuf succ\u00e8s en Sprint sur dix courses, le pilote<br \/>\nespagnol semble filer vers son neuvi\u00e8me titre mondial. Son avance<br \/>\nau championnat est d\u00e9j\u00e0 de 68 points, et sa sup\u00e9riorit\u00e9 est<br \/>\nindiscutable \u2014 m\u00eame au sein d\u2019un constructeur<br \/>\nultra-dominant.<\/strong><\/p>\n<p>Car m\u00eame en retirant les huit podiums de Marquez, Ducati<br \/>\nafficherait toujours 17 podiums de plus que n\u2019importe quel autre<br \/>\nconstructeur. De quoi conforter ceux qui attribuent la domination<br \/>\nde l\u2019Espagnol autant \u00e0 son talent qu\u2019\u00e0 la Desmosedici.<\/p>\n<p>Mais Miguel Oliveira, pilote <strong>Pramac Yamaha<\/strong>,<br \/>\nestime que la physionomie du championnat aurait pu \u00eatre diff\u00e9rente<br \/>\nsi <strong>Jorge Martin<\/strong> avait fait un autre choix.<\/p>\n<p>\u00ab Marc est dans une situation id\u00e9ale, car le seul qui lui<br \/>\nmet vraiment la pression, c\u2019est son fr\u00e8re. <strong>Marc se porte<br \/>\ntr\u00e8s bien maintenant, sans r\u00e9elle pression<\/strong>, \u00bb confie<br \/>\n<strong>Oliveira<\/strong> sur la cha\u00eene YouTube Moto.IT.<\/p>\n<p>Pour le Portugais, le d\u00e9part de <strong>Jorge Martin<\/strong><br \/>\nd\u2019un environnement <strong>Ducati<\/strong> reste un tournant<br \/>\nd\u00e9cisif. L\u2019Espagnol, champion du monde sortant, a quitt\u00e9 le giron<br \/>\nde Borgo Panigale apr\u00e8s avoir \u00e9t\u00e9 devanc\u00e9 par Marquez dans la<br \/>\nbataille pour le guidon officiel. Il a choisi <a href=\"https:\/\/www.paddock-gp.com\/motogp-breaking-news-jorge-martin-et-aprilia-se-retrouveront-le-9-juillet-a-misano\/\" rel=\"nofollow noopener\" target=\"_blank\"><br \/>\n<strong>Aprilia<\/strong><\/a>, mais sa saison est quasi blanche \u00e0<br \/>\ncause d\u2019une s\u00e9rie de blessures.<\/p>\n<p><img decoding=\"async\" class=\"aligncenter\" src=\"https:\/\/www.europesays.com\/fr\/wp-content\/uploads\/2025\/07\/6565.jpg\" alt=\"323232\"\/><\/p>\n<p><strong>Miguel Oliveira\u00a0: \u00ab<br \/>\nc\u2019est vraiment dur de voir son co\u00e9quipier vous battre chaque<br \/>\nweek-end, n\u2019est-ce pas ?\u00a0\u00bb<\/strong><\/p>\n<p>\u00ab C\u2019est vraiment dur de voir son co\u00e9quipier vous battre<br \/>\nchaque week-end, n\u2019est-ce pas ? On sait qu\u2019on a les m\u00eames moyens.<br \/>\n<strong>C\u2019est toujours difficile psychologiquement<\/strong>, m\u00eame<br \/>\nsi je pense que Pecco Bagnaia est quelqu\u2019un qui reste tr\u00e8s<br \/>\nconcentr\u00e9 sur lui-m\u00eame, \u00bb observe<br \/>\n<strong>Oliveira<\/strong>.<\/p>\n<p>La remarque d\u2019<strong>Oliveira<\/strong> souligne aussi l\u2019aspect<br \/>\npsychologique du duel interne chez Ducati. <strong>Francesco<br \/>\nBagnaia<\/strong>, champion en titre en 2022 et 2023, peine cette<br \/>\nann\u00e9e \u00e0 suivre le rythme de son nouveau co\u00e9quipier. L\u2019Italien est<br \/>\nd\u00e9j\u00e0 distanc\u00e9 au championnat et doit composer avec la pression<br \/>\nd\u2019\u00eatre \u00e9clips\u00e9 par <a href=\"https:\/\/www.paddock-gp.com\/motogp-marc-marquez-pret-a-attaquer-sur-son-terrain-fetiche-du-sachsenring\/\" rel=\"nofollow noopener\" target=\"_blank\"><br \/>\n<strong>Marquez<\/strong><\/a> au sein de sa propre \u00e9quipe.<\/p>\n<p>Ironie du sort : la d\u00e9cision de <strong>Martin<\/strong> de<br \/>\nquitter <strong>Ducati<\/strong> a indirectement offert sa place<br \/>\nchez Pramac \u00e0\u2026 <strong>Oliveira<\/strong> lui-m\u00eame. Mais pour une<br \/>\n<strong>Yamaha<\/strong>.<\/p>\n<p>Alors, si <strong>Jorge Martin<\/strong> avait conserv\u00e9 une<br \/>\n<a href=\"https:\/\/www.paddock-gp.com\/motogp-pecco-bagnaia-recoit-un-cadeau-special-de-ducati\/\" rel=\"nofollow noopener\" target=\"_blank\"><br \/>\n<strong>Ducati<\/strong><\/a>, aurait-il pu faire vaciller l\u2019empire<br \/>\n<strong>Marquez<\/strong> ? Oliveira en est convaincu. Et m\u00eame si la<br \/>\nGP24 et la GP25 se montrent proches en performance, la sup\u00e9riorit\u00e9<br \/>\nde Marc semble pour l\u2019instant hors de port\u00e9e. \u00ab Disons que,<br \/>\nselon moi, si Jorge Martin avait \u00e9t\u00e9 sur la Ducati, les choses<br \/>\nseraient diff\u00e9rentes. C\u2019est comme \u00e7a que je vois les choses.<br \/>\n\u00bb<\/p>\n<p>Une certitude demeure : dans ce <a href=\"https:\/\/www.motogp.com\/en\" rel=\"nofollow noopener\" target=\"_blank\">MotoGP<\/a> 2025, <strong>Marc<br \/>\nMarquez<\/strong> n\u2019est pas seulement le meilleur pilote sur la<br \/>\nmeilleure moto. Il est aussi celui qui roule, pour l\u2019instant, sans<br \/>\nla moindre pression.<\/p>\n<p><img loading=\"lazy\" decoding=\"async\" class=\"aligncenter\" src=\"https:\/\/www.europesays.com\/fr\/wp-content\/uploads\/2025\/07\/GettyImages-2209596174-1024x683.jpg\" alt=\"Marc Marquez de Ducati parle \u00e0 Jorge Martin d'Aprilia\" width=\"840\" height=\"560\"\/><\/p>\n","protected":false},"excerpt":{"rendered":"Miguel Oliveira l\u2019a aussi remarqu\u00e9 : la saison 2025 de Marc Marquez chez Ducati fr\u00f4le la perfection. Avec&hellip;\n","protected":false},"author":2,"featured_media":238634,"comment_status":"","ping_status":"","sticky":false,"template":"","format":"standard","meta":{"footnotes":""},"categories":[1413],"tags":[1011,27,1457,1456,60],"class_list":{"0":"post-238633","1":"post","2":"type-post","3":"status-publish","4":"format-standard","5":"has-post-thumbnail","7":"category-moto","8":"tag-fr","9":"tag-france","10":"tag-moto","11":"tag-motocycle","12":"tag-sports"},"share_on_mastodon":{"url":"https:\/\/pubeurope.com\/@fr\/114825639452609067","error":""},"_links":{"self":[{"href":"https:\/\/www.europesays.com\/fr\/wp-json\/wp\/v2\/posts\/238633","targetHints":{"allow":["GET"]}}],"collection":[{"href":"https:\/\/www.europesays.com\/fr\/wp-json\/wp\/v2\/posts"}],"about":[{"href":"https:\/\/www.europesays.com\/fr\/wp-json\/wp\/v2\/types\/post"}],"author":[{"embeddable":true,"href":"https:\/\/www.europesays.com\/fr\/wp-json\/wp\/v2\/users\/2"}],"replies":[{"embeddable":true,"href":"https:\/\/www.europesays.com\/fr\/wp-json\/wp\/v2\/comments?post=238633"}],"version-history":[{"count":0,"href":"https:\/\/www.europesays.com\/fr\/wp-json\/wp\/v2\/posts\/238633\/revisions"}],"wp:featuredmedia":[{"embeddable":true,"href":"https:\/\/www.europesays.com\/fr\/wp-json\/wp\/v2\/media\/238634"}],"wp:attachment":[{"href":"https:\/\/www.europesays.com\/fr\/wp-json\/wp\/v2\/media?parent=238633"}],"wp:term":[{"taxonomy":"category","embeddable":true,"href":"https:\/\/www.europesays.com\/fr\/wp-json\/wp\/v2\/categories?post=238633"},{"taxonomy":"post_tag","embeddable":true,"href":"https:\/\/www.europesays.com\/fr\/wp-json\/wp\/v2\/tags?post=238633"}],"curies":[{"name":"wp","href":"https:\/\/api.w.org\/{rel}","templated":true}]}}