{"id":238651,"date":"2025-07-09T22:38:15","date_gmt":"2025-07-09T22:38:15","guid":{"rendered":"https:\/\/www.europesays.com\/fr\/238651\/"},"modified":"2025-07-09T22:38:15","modified_gmt":"2025-07-09T22:38:15","slug":"pourquoi-la-surprescription-de-medicaments-est-elle-dangereuse","status":"publish","type":"post","link":"https:\/\/www.europesays.com\/fr\/238651\/","title":{"rendered":"pourquoi la surprescription de m\u00e9dicaments\u00a0est-elle dangereuse ?"},"content":{"rendered":"<p>             <a href=\"https:\/\/ma-sante.news\/wp-content\/uploads\/2025\/07\/surprescription-medicaments-seniors-personnes-agees-Ma-Sante.jpg\" data-caption=\"En France, 10 \u00e0 20 % des hospitalisations des personnes \u00e2g\u00e9es sont li\u00e9es \u00e0 des effets ind\u00e9sirables de m\u00e9dicaments selon la Haute Autorit\u00e9 de Sant\u00e9. \u00a9 Freepik\" target=\"_blank\" rel=\"noopener\"><img loading=\"lazy\" decoding=\"async\" width=\"696\" height=\"464\" class=\"entry-thumb td-modal-image\" src=\"data:image\/svg+xml,%3Csvg%20xmlns=\" http:=\"\" data-lazy- data-lazy- alt=\"Pilules dans les mains d'une personne \u00e2g\u00e9e vue de dessus, avec un pillulier rempli \u00e0 c\u00f4t\u00e9.\" title=\"surprescription me\u0301dicaments seniors personnes a\u0302ge\u0301es Ma Sante\u0301\" data-lazy-src=\"https:\/\/www.europesays.com\/fr\/wp-content\/uploads\/2025\/07\/surprescription-medicaments-seniors-personnes-agees-Ma-Sante-696x464.jpg\"\/><\/a>En France, 10 \u00e0 20 % des hospitalisations des personnes \u00e2g\u00e9es sont li\u00e9es \u00e0 des effets ind\u00e9sirables de m\u00e9dicaments selon la Haute Autorit\u00e9 de Sant\u00e9. \u00a9 Freepik                                    \t\t\t             <a class=\"gofollow\" data-track=\"MjgsMCwxLDYw\" href=\"https:\/\/ma-sante.news\/inscrivez-vous-a-notre-newsletter\/\" target=\"_blank\" rel=\"noopener\"><img loading=\"lazy\" decoding=\"async\" width=\"1068\" height=\"131\" src=\"data:image\/svg+xml,%3Csvg%20xmlns=\" http:=\"\" data-lazy-src=\"https:\/\/www.europesays.com\/fr\/wp-content\/uploads\/2025\/03\/banniere-newsletter.png\"\/><\/a> <\/p>\n<p>Dans la t\u00eate de beaucoup, \u201cplus on vieillit, plus on prend de m\u00e9dicaments\u201d, c\u2019est presque devenu une \u00e9vidence. Mais cette \u00e9vidence-l\u00e0, justement, inqui\u00e8te de plus en plus les professionnels de sant\u00e9. <\/p>\n<p>Selon une \u00e9tude publi\u00e9e en 2024 dans la revue Age and Ageing, men\u00e9e par une \u00e9quipe fran\u00e7aise, centr\u00e9e sur l\u2019indice ASLI (Anticholinergic and Sedative Load Index), un trop grand nombre de m\u00e9dicaments augmente significativement le risque d\u2019hospitalisation chez les plus de 65 ans. Plus pr\u00e9cis\u00e9ment, ce sont les m\u00e9dicaments \u00e0 effet s\u00e9datif ou anticholinergique (<a href=\"https:\/\/ma-sante.news\/exces-de-somniferes-des-boites-plus-petites-pour-limiter-la-duree-de-traitement\/\" target=\"_blank\" rel=\"noopener\">somnif\u00e8res<\/a>, <a href=\"https:\/\/ma-sante.news\/penurie-antidepresseurs-en-france-inquietude-grandit-crise\/\" target=\"_blank\" rel=\"noopener\">antid\u00e9presseurs<\/a>, certains antiallergiques) qui seraient les plus \u00e0 surveiller.<\/p>\n<p>Un chiffre qui interpelle : l\u2019\u00e9tude a mis au point un algorithme capable de pr\u00e9dire les hospitalisations dans les 30 jours avec 75 % de pr\u00e9cision\u2026 simplement \u00e0 partir des m\u00e9dicaments pris par le patient.<\/p>\n<p>        Seniors sous traitement : quand trop, c\u2019est trop    <strong>Polypharmacie : des chiffres qui donnent le vertige<\/strong>    <\/p>\n<p>En France, pr\u00e8s de 40 % des personnes de plus de 75 ans prennent au moins 5 m\u00e9dicaments par jour. Et 1 % en prend plus de 10, selon Sant\u00e9 publique France. C\u2019est ce qu\u2019on appelle la polypharmacie, qui peut \u00eatre n\u00e9cessaire\u2026 mais devient dangereuse lorsqu\u2019elle est mal encadr\u00e9e.<\/p>\n<p>Selon la Haute Autorit\u00e9 de Sant\u00e9 (HAS), 10 \u00e0 20 % des hospitalisations des personnes \u00e2g\u00e9es seraient directement li\u00e9es \u00e0 des effets ind\u00e9sirables de m\u00e9dicaments. Et d\u2019apr\u00e8s l\u2019Assurance maladie, pr\u00e8s de 130 000 hospitalisations par an seraient dues \u00e0 une mauvaise utilisation des traitements m\u00e9dicamenteux, un drame souvent \u00e9vitable.<\/p>\n<p>        <strong>Chutes, confusion, fracture : les effets collat\u00e9raux<\/strong>    <\/p>\n<p>Prendre plusieurs m\u00e9dicaments en m\u00eame temps, ce n\u2019est pas seulement une question de piluliers bien remplis. C\u2019est aussi, h\u00e9las, un vrai facteur de risque. Les benzodiaz\u00e9pines (type Lexomil, Xanax), par exemple, sont r\u00e9guli\u00e8rement point\u00e9es du doigt. Chez les seniors, elles augmentent <a href=\"https:\/\/ma-sante.news\/seniors-la-chute-tue-si-on-evitait-de-tomber\/\" target=\"_blank\" rel=\"noopener\">le risque de chutes<\/a>, <a href=\"https:\/\/ma-sante.news\/troubles-cognitifs-et-maintien-a-domicile-quelles-aides-disponibles\/\" target=\"_blank\" rel=\"noopener\">troubles cognitifs<\/a>, <a href=\"https:\/\/ma-sante.news\/sommeil-faut-il-salarmer-dune-hypersomnolence-chez-les-personnes-agees\/\" target=\"_blank\" rel=\"noopener\">somnolence<\/a>, voire de <a href=\"https:\/\/ma-sante.news\/alzheimer-et-autres-demences-le-vaccin-contre-le-zona-pour-reduire-le-risque\/\" target=\"_blank\" rel=\"noopener\">d\u00e9mence \u00e0 long terme<\/a>.<\/p>\n<p>Et ce n\u2019est pas qu\u2019une th\u00e9orie : la France d\u00e9tient le record europ\u00e9en de consommation de psychotropes chez les plus de 65 ans, selon un rapport de l\u2019ANSM (Agence du m\u00e9dicament).<\/p>\n<p>        Trop souvent, un m\u00e9dicament en appelle un autre    <\/p>\n<p>L\u2019un des m\u00e9canismes les plus sournois est la cascade m\u00e9dicamenteuse. Un m\u00e9dicament provoque de la somnolence, on pense \u00e0 tort \u00e0 une d\u00e9pression, on<a href=\"https:\/\/ma-sante.news\/lyon-utiles-dangereux-le-vrai-du-faux-sur-les-antidepresseurs\/\" target=\"_blank\" rel=\"noopener\"> prescrit un antid\u00e9presseur<\/a>\u2026 qui provoque une bouche s\u00e8che, on prescrit alors un autre traitement\u2026 Et ainsi de suite.<\/p>\n<p>R\u00e9sultat, on empile les ordonnances sans parfois jamais remettre en question leur bien-fond\u00e9. Et tout cela sans toujours adapter les doses \u00e0 l\u2019\u00e2ge, alors m\u00eame que le foie et les reins des seniors \u00e9liminent les substances plus lentement.<\/p>\n<p>        La solution existe : la d\u00e9prescription raisonn\u00e9e    <\/p>\n<p>Heureusement, il n\u2019est pas trop tard pour agir. Une pratique fait doucement son chemin dans les h\u00f4pitaux et maisons de sant\u00e9 : la d\u00e9prescription. Cela consiste \u00e0 r\u00e9\u00e9valuer r\u00e9guli\u00e8rement les traitements pour en r\u00e9duire ou supprimer certains, quand c\u2019est possible.<\/p>\n<p>Des outils existent d\u00e9j\u00e0, comme les crit\u00e8res STOPP\/START ou la conciliation m\u00e9dicamenteuse, pour \u00e9viter les erreurs lors des sorties d\u2019h\u00f4pital. Encore faut-il qu\u2019ils soient connus, utilis\u00e9s et partag\u00e9s entre les m\u00e9decins g\u00e9n\u00e9ralistes, les sp\u00e9cialistes, les pharmaciens, et bien s\u00fbr\u2026 les patients et leurs familles.<\/p>\n<p>Selon le collectif<a href=\"https:\/\/soignerautrement.org\/\" target=\"_blank\" rel=\"noopener\"> Soigner Autrement<\/a>, une d\u00e9prescription bien men\u00e9e am\u00e9liore la qualit\u00e9 de vie, r\u00e9duit les risques et peut faire reculer les troubles cognitifs, notamment chez les patients trait\u00e9s depuis longtemps par des benzodiaz\u00e9pines.<\/p>\n<blockquote class=\"wp-block-quote is-layout-flow wp-block-quote-is-layout-flow\">\n<p><strong>\u00c0 SAVOIR<\/strong><\/p>\n<p>Selon la HAS, 45 \u00e0 70 % des effets ind\u00e9sirables m\u00e9dicamenteux graves seraient \u00e9vitables. Et dans 1 cas sur 2, un m\u00e9dicament potentiellement inappropri\u00e9 pourrait \u00eatre supprim\u00e9 sans nuire \u00e0 la sant\u00e9 du patient.<\/p>\n<\/blockquote>\n<p>  <a class=\"gofollow\" data-track=\"MTIsMCwxLDYw\" href=\"https:\/\/ma-sante.news\/annonceurs\/\" target=\"_blank\" rel=\"noopener\"><img loading=\"lazy\" decoding=\"async\" width=\"2560\" height=\"2133\" src=\"data:image\/svg+xml,%3Csvg%20xmlns=\" http:=\"\" data-lazy-src=\"https:\/\/www.europesays.com\/fr\/wp-content\/uploads\/2025\/03\/pub-annonceurs-4-scaled.jpg\"\/><\/a>    <img loading=\"lazy\" decoding=\"async\" width=\"755\" height=\"495\" src=\"data:image\/svg+xml,%3Csvg%20xmlns=\" http:=\"\" data-lazy-src=\"https:\/\/www.europesays.com\/fr\/wp-content\/uploads\/2025\/03\/Image1.jpg\"\/>Inscrivez-vous \u00e0 notre newsletter <br \/>Ma Sant\u00e9                      <\/p>\n","protected":false},"excerpt":{"rendered":"En France, 10 \u00e0 20 % des hospitalisations des personnes \u00e2g\u00e9es sont li\u00e9es \u00e0 des effets ind\u00e9sirables de&hellip;\n","protected":false},"author":2,"featured_media":238652,"comment_status":"","ping_status":"","sticky":false,"template":"","format":"standard","meta":{"footnotes":""},"categories":[10],"tags":[14501,1011,27,72,5507,71],"class_list":{"0":"post-238651","1":"post","2":"type-post","3":"status-publish","4":"format-standard","5":"has-post-thumbnail","7":"category-sante","8":"tag-du00e9pendance-seniors","9":"tag-fr","10":"tag-france","11":"tag-health","12":"tag-mu00e9dicaments","13":"tag-sante"},"share_on_mastodon":{"url":"https:\/\/pubeurope.com\/@fr\/114825678897295617","error":""},"_links":{"self":[{"href":"https:\/\/www.europesays.com\/fr\/wp-json\/wp\/v2\/posts\/238651","targetHints":{"allow":["GET"]}}],"collection":[{"href":"https:\/\/www.europesays.com\/fr\/wp-json\/wp\/v2\/posts"}],"about":[{"href":"https:\/\/www.europesays.com\/fr\/wp-json\/wp\/v2\/types\/post"}],"author":[{"embeddable":true,"href":"https:\/\/www.europesays.com\/fr\/wp-json\/wp\/v2\/users\/2"}],"replies":[{"embeddable":true,"href":"https:\/\/www.europesays.com\/fr\/wp-json\/wp\/v2\/comments?post=238651"}],"version-history":[{"count":0,"href":"https:\/\/www.europesays.com\/fr\/wp-json\/wp\/v2\/posts\/238651\/revisions"}],"wp:featuredmedia":[{"embeddable":true,"href":"https:\/\/www.europesays.com\/fr\/wp-json\/wp\/v2\/media\/238652"}],"wp:attachment":[{"href":"https:\/\/www.europesays.com\/fr\/wp-json\/wp\/v2\/media?parent=238651"}],"wp:term":[{"taxonomy":"category","embeddable":true,"href":"https:\/\/www.europesays.com\/fr\/wp-json\/wp\/v2\/categories?post=238651"},{"taxonomy":"post_tag","embeddable":true,"href":"https:\/\/www.europesays.com\/fr\/wp-json\/wp\/v2\/tags?post=238651"}],"curies":[{"name":"wp","href":"https:\/\/api.w.org\/{rel}","templated":true}]}}