{"id":238659,"date":"2025-07-09T22:42:12","date_gmt":"2025-07-09T22:42:12","guid":{"rendered":"https:\/\/www.europesays.com\/fr\/238659\/"},"modified":"2025-07-09T22:42:12","modified_gmt":"2025-07-09T22:42:12","slug":"les-droits-de-douane-commencent-a-peser-sur-leconomie-selon-la-banque-de-france-09-07-2025-a-2012","status":"publish","type":"post","link":"https:\/\/www.europesays.com\/fr\/238659\/","title":{"rendered":"Les droits de douane commencent \u00e0 peser sur l&rsquo;\u00e9conomie, selon la Banque de France &#8211; 09\/07\/2025 \u00e0 20:12"},"content":{"rendered":"<p>        <img fetchpriority=\"high\" decoding=\"async\" src=\"https:\/\/www.europesays.com\/fr\/wp-content\/uploads\/2025\/07\/d473f8ca33012f2d44923e15e4733325-760x506.jpg\" alt=\"( Hans Lucas \/ RICCARDO MILANI )\" loading=\"eager\" width=\"760\" height=\"506\" style=\"max-width: 100%!important; height: auto;\"\/><\/p>\n<p class=\"c-image-news__legend\">( Hans Lucas \/ RICCARDO MILANI )<\/p>\n<p>\n L\u2019\u00e9conomie fran\u00e7aise a enregistr\u00e9 une croissance modeste de 0,1% au deuxi\u00e8me trimestre, estime toujours la Banque de France dans son enqu\u00eate mensuelle de conjoncture publi\u00e9e mercredi, o\u00f9 elle observe de premiers effets n\u00e9gatifs de la hausse des droits de douane am\u00e9ricains.\n<\/p>\n<p>\n Apr\u00e8s un premier trimestre o\u00f9 le PIB n&rsquo;a d\u00e9j\u00e0 cr\u00fb que de 0,1%, l&rsquo;Insee publiera sa 1\u00e8re estimation pour le deuxi\u00e8me trimestre le 30 juillet. Pour sa part, l&rsquo;Institut national de la Statistique s&rsquo;attend \u00e0 ce que le PIB ait progress\u00e9 de 0,2%.\n<\/p>\n<p>\n Les deux institutions anticipent une croissance annuelle de 0,6%, le gouvernement misant encore sur 0,7%.\n<\/p>\n<p>\n Juin a pourtant apport\u00e9 de bonnes surprises, r\u00e9v\u00e8le l&rsquo;enqu\u00eate r\u00e9alis\u00e9e aupr\u00e8s de 8.500 chefs d&rsquo;entreprises.\n<\/p>\n<p>\n Apr\u00e8s les trois ponts qui avaient plomb\u00e9 l&rsquo;activit\u00e9 au mois de mai, celle-ci a \u00ab\u00a0rebondi nettement\u00a0\u00bb dans l&rsquo;industrie, indique la Banque de France, d\u00e9passant m\u00eame les anticipations des chefs d\u2019entreprises. Elle repart \u00ab\u00a0dans la quasi-totalit\u00e9 des sous-segments\u00a0\u00bb \u00e0 l&rsquo;exception de l&rsquo;habillement et du bois-papier.\n<\/p>\n<p>\n Elle repart aussi \u00e0 la hausse dans les services marchands, l\u00e0 encore \u00ab\u00a0\u00e0 un rythme plus soutenu que ce qu&rsquo;anticipaient les chefs d&rsquo;entreprises le mois dernier\u00a0\u00bb.\n<\/p>\n<p>\n C&rsquo;est le cas \u00e9galement dans le b\u00e2timent, o\u00f9 les patrons ont \u00e9t\u00e9 heureusement surpris.\n<\/p>\n<p>\n Pour juillet, les chefs d&rsquo;entreprises estiment que l&rsquo;activit\u00e9 devrait continuer de progresser dans l&rsquo;industrie, plus mod\u00e9r\u00e9ment dans les services et \u00e9voluerait peu dans le b\u00e2timent.\n<\/p>\n<p>\n La Banque de France observe \u00e9galement que la hausse des droits de douane am\u00e9ricains commence \u00e0 peser sur l&rsquo;activit\u00e9 des entreprises.\n<\/p>\n<p>\n Elle les interroge \u00e0 ce sujet depuis avril et les donn\u00e9es de juin confirment une mont\u00e9e des effets directs et indirects, ce qui inclut l&rsquo;incertitude, l&rsquo;\u00e9volution de la concurrence, notamment chinoise, les r\u00e9percussions sur les cha\u00eenes d&rsquo;approvisionnement&#8230;.\n<\/p>\n<p>\n Selon l\u2019enqu\u00eate, 6% des entreprises interrog\u00e9es \u2013 en poids de ces entreprises dans la valeur ajout\u00e9e &#8211; d\u00e9clarent un impact n\u00e9gatif sur leur volume d&rsquo;activit\u00e9, dont 8% dans l&rsquo;industrie manufacturi\u00e8re, 6% dans les services marchands, et 1% dans le b\u00e2timent.\n<\/p>\n<p>\n L&rsquo;industrie agroalimentaire est la plus touch\u00e9e, avec un effet moyen de \u20132,6% sur l&rsquo;activit\u00e9 du secteur, particuli\u00e8rement concentr\u00e9 sur la fili\u00e8re viticole. Parmi les autres secteurs touch\u00e9s figurent les industries du bois-papier-imprimerie, notamment en raison de leur activit\u00e9 de tonnellerie et d&#8217;emballage pour la fili\u00e8re viticole.<\/p>\n","protected":false},"excerpt":{"rendered":"( Hans Lucas \/ RICCARDO MILANI ) L\u2019\u00e9conomie fran\u00e7aise a enregistr\u00e9 une croissance modeste de 0,1% au deuxi\u00e8me&hellip;\n","protected":false},"author":2,"featured_media":238660,"comment_status":"","ping_status":"","sticky":false,"template":"","format":"standard","meta":{"footnotes":""},"categories":[6],"tags":[400,398,408,35,405,33,34,1011,27,403,402,399,404,401,406,407],"class_list":{"0":"post-238659","1":"post","2":"type-post","3":"status-publish","4":"format-standard","5":"has-post-thumbnail","7":"category-economie","8":"tag-action-cac-40","9":"tag-bourse-de-paris","10":"tag-boursorama","11":"tag-business","12":"tag-cotations","13":"tag-economie","14":"tag-economy","15":"tag-fr","16":"tag-france","17":"tag-indices-devises","18":"tag-investir","19":"tag-investissement","20":"tag-marche-boursier","21":"tag-sicav","22":"tag-trackers","23":"tag-warrants"},"share_on_mastodon":{"url":"https:\/\/pubeurope.com\/@fr\/114825694361763575","error":""},"_links":{"self":[{"href":"https:\/\/www.europesays.com\/fr\/wp-json\/wp\/v2\/posts\/238659","targetHints":{"allow":["GET"]}}],"collection":[{"href":"https:\/\/www.europesays.com\/fr\/wp-json\/wp\/v2\/posts"}],"about":[{"href":"https:\/\/www.europesays.com\/fr\/wp-json\/wp\/v2\/types\/post"}],"author":[{"embeddable":true,"href":"https:\/\/www.europesays.com\/fr\/wp-json\/wp\/v2\/users\/2"}],"replies":[{"embeddable":true,"href":"https:\/\/www.europesays.com\/fr\/wp-json\/wp\/v2\/comments?post=238659"}],"version-history":[{"count":0,"href":"https:\/\/www.europesays.com\/fr\/wp-json\/wp\/v2\/posts\/238659\/revisions"}],"wp:featuredmedia":[{"embeddable":true,"href":"https:\/\/www.europesays.com\/fr\/wp-json\/wp\/v2\/media\/238660"}],"wp:attachment":[{"href":"https:\/\/www.europesays.com\/fr\/wp-json\/wp\/v2\/media?parent=238659"}],"wp:term":[{"taxonomy":"category","embeddable":true,"href":"https:\/\/www.europesays.com\/fr\/wp-json\/wp\/v2\/categories?post=238659"},{"taxonomy":"post_tag","embeddable":true,"href":"https:\/\/www.europesays.com\/fr\/wp-json\/wp\/v2\/tags?post=238659"}],"curies":[{"name":"wp","href":"https:\/\/api.w.org\/{rel}","templated":true}]}}