{"id":238663,"date":"2025-07-09T22:44:10","date_gmt":"2025-07-09T22:44:10","guid":{"rendered":"https:\/\/www.europesays.com\/fr\/238663\/"},"modified":"2025-07-09T22:44:10","modified_gmt":"2025-07-09T22:44:10","slug":"avoir-un-deuxieme-enfant-cest-hors-de-question-liberation","status":"publish","type":"post","link":"https:\/\/www.europesays.com\/fr\/238663\/","title":{"rendered":"\u00abAvoir un deuxi\u00e8me enfant, c\u2019est hors de question\u00bb \u2013 Lib\u00e9ration"},"content":{"rendered":"<p class=\"sc-ksZaOG ehjQrN text-element\">Une fois prise la d\u00e9cision de faire un enfant, Charline et son conjoint ont commenc\u00e9 \u00e0 \u00e9laborer leurs plans. Dans un monde id\u00e9al et conform\u00e9ment \u00e0 leurs sch\u00e9mas familiaux, elle en voulait deux, lui trois. Le couple d\u00e9couvre ainsi la parentalit\u00e9 l\u2019ann\u00e9e derni\u00e8re et, par la m\u00eame occasion, \u00abla fatigue, la vie sociale qui se r\u00e9duit, la course le matin pour le d\u00e9poser \u00e0 la cr\u00e8che\u2026\u00bb Confront\u00e9s \u00e0 la charge parentale, leurs certitudes s\u2019envolent. \u00abOn arrive \u00e0 plut\u00f4t bien se relayer, l\u2019\u00e9quilibre est \u00e0 peu pr\u00e8s l\u00e0 et les moments difficiles sont occasionnels. Mais le but est qu\u2019ils restent occasionnels. Avoir un deuxi\u00e8me enfant, c\u2019est prendre le risque de multiplier ces \u00e9pisodes n\u00e9gatifs\u00bb, tranche la jeune femme de 34 ans. D\u2019autant qu\u2019apr\u00e8s une grossesse, un accouchement puis un post-partum compliqu\u00e9s, elle n\u2019est pour l\u2019heure \u00abpas pr\u00eate \u00e0 revivre la m\u00eame chose\u00bb.<\/p>\n<p class=\"sc-ksZaOG ehjQrN text-element\">Malgr\u00e9 ses certitudes, Charline dit ressentir une pointe de culpabilit\u00e9 pour son enfant. \u00abA l\u2019adolescence ou \u00e0 l\u2019\u00e2ge adulte, le soutien d\u2019un adelphe devient pr\u00e9cieux. Avec ma s\u0153ur, on a par exemple beaucoup parl\u00e9 des comportements probl\u00e9matiques de mes parents. Ce qui nous a aid\u00e9es \u00e0 entamer des th\u00e9rapies. [\u2026] Mon fils aura toujours du soutien gr\u00e2ce \u00e0 la famille et aux amis, mais ce ne sont pas des personnes qui auront partag\u00e9 le quotidien du foyer familial\u00bb, soul\u00e8ve-t-elle.<\/p>\n","protected":false},"excerpt":{"rendered":"Une fois prise la d\u00e9cision de faire un enfant, Charline et son conjoint ont commenc\u00e9 \u00e0 \u00e9laborer leurs&hellip;\n","protected":false},"author":2,"featured_media":238664,"comment_status":"","ping_status":"","sticky":false,"template":"","format":"standard","meta":{"footnotes":""},"categories":[4],"tags":[11,1011,27,12,6197,25],"class_list":{"0":"post-238663","1":"post","2":"type-post","3":"status-publish","4":"format-standard","5":"has-post-thumbnail","7":"category-france","8":"tag-actualites","9":"tag-fr","10":"tag-france","11":"tag-news","12":"tag-parentalite","13":"tag-republique-francaise"},"share_on_mastodon":{"url":"https:\/\/pubeurope.com\/@fr\/114825702251103690","error":""},"_links":{"self":[{"href":"https:\/\/www.europesays.com\/fr\/wp-json\/wp\/v2\/posts\/238663","targetHints":{"allow":["GET"]}}],"collection":[{"href":"https:\/\/www.europesays.com\/fr\/wp-json\/wp\/v2\/posts"}],"about":[{"href":"https:\/\/www.europesays.com\/fr\/wp-json\/wp\/v2\/types\/post"}],"author":[{"embeddable":true,"href":"https:\/\/www.europesays.com\/fr\/wp-json\/wp\/v2\/users\/2"}],"replies":[{"embeddable":true,"href":"https:\/\/www.europesays.com\/fr\/wp-json\/wp\/v2\/comments?post=238663"}],"version-history":[{"count":0,"href":"https:\/\/www.europesays.com\/fr\/wp-json\/wp\/v2\/posts\/238663\/revisions"}],"wp:featuredmedia":[{"embeddable":true,"href":"https:\/\/www.europesays.com\/fr\/wp-json\/wp\/v2\/media\/238664"}],"wp:attachment":[{"href":"https:\/\/www.europesays.com\/fr\/wp-json\/wp\/v2\/media?parent=238663"}],"wp:term":[{"taxonomy":"category","embeddable":true,"href":"https:\/\/www.europesays.com\/fr\/wp-json\/wp\/v2\/categories?post=238663"},{"taxonomy":"post_tag","embeddable":true,"href":"https:\/\/www.europesays.com\/fr\/wp-json\/wp\/v2\/tags?post=238663"}],"curies":[{"name":"wp","href":"https:\/\/api.w.org\/{rel}","templated":true}]}}