{"id":238667,"date":"2025-07-09T22:46:47","date_gmt":"2025-07-09T22:46:47","guid":{"rendered":"https:\/\/www.europesays.com\/fr\/238667\/"},"modified":"2025-07-09T22:46:47","modified_gmt":"2025-07-09T22:46:47","slug":"saint-etienne-trois-militaires-hors-service-agresses-au-couteau","status":"publish","type":"post","link":"https:\/\/www.europesays.com\/fr\/238667\/","title":{"rendered":"Saint-\u00c9tienne : trois militaires hors service agress\u00e9s au couteau"},"content":{"rendered":"<p>Les trois individus ont \u00e9t\u00e9 pris \u00e0 partie par un automobiliste, dans la nuit du vendredi 4 au samedi 5 juillet, dans le centre de Saint-\u00c9tienne.<\/p>\n<p>D&rsquo;apr\u00e8s <a class=\"url\" href=\"https:\/\/c.leprogres.fr\/faits-divers-justice\/2025\/07\/06\/trois-militaires-hors-service-agresses-au-couteau-l-assaillant-en-fuite\" target=\"_blank\" rel=\"noopener\">Le Progr\u00e8s<\/a>, la sc\u00e8ne s&rsquo;est produite peu apr\u00e8s une heure du matin, dans la nuit de vendredi \u00e0 samedi.<\/p>\n<p>Trois militaires de l&rsquo;<b>op\u00e9ration Sentinelle<\/b>, alors hors service, ont \u00e9t\u00e9 agress\u00e9s par un automobiliste, rue des Fran\u00e7s-Ma\u00e7ons, pr\u00e8s de la place Villeboeuf, \u00e0 <b>Saint-\u00c9tienne<\/b>.<\/p>\n<p>L&rsquo;automobiliste en fuite<\/p>\n<p>L&rsquo;individu a notamment jet\u00e9 une canette de soda dans leur direction avant de les insulter puis de sortir de son v\u00e9hicule. Il a alors frapp\u00e9 l&rsquo;un des soldats au visage, avant de blesser les deux autres \u00e0 l&rsquo;aide d&rsquo;un <b>couteau<\/b>. Ces derniers ont \u00e9t\u00e9 pris en charge \u00e0 l&rsquo;h\u00f4pital Nord.<\/p>\n<p>L&rsquo;automobiliste, lui, a pris la fuite. Une enqu\u00eate a \u00e9t\u00e9 ouverte. D&rsquo;apr\u00e8s la procureure de la R\u00e9publique de Saint-\u00c9tienne, <b>les victimes n&rsquo;\u00e9taient pas vis\u00e9es en tant que militaires<\/b>, les trois hommes \u00e9tant en civil au moment des faits.<\/p>\n<p><img loading=\"lazy\" decoding=\"async\" src=\"https:\/\/www.europesays.com\/fr\/wp-content\/uploads\/2025\/07\/1752101207_88_img\" width=\"350\" height=\"200\" border=\"0\" title=\"Sir\u00c3\u00a8ne de police activ\u00c3\u00a9e\"\/><\/p>\n<p>\u25baFaits divers<\/p>\n<p style=\"font-size: 22px;\"><b>Il transportait 247 kilos de drogue : un chauffeur interpell\u00e9 en Auvergne-Rh\u00f4ne-Alpes<\/b><\/p>\n<p>Un chauffeur de camion a \u00e9t\u00e9 intercept\u00e9 sur l&rsquo;A75&#8230;<\/p>\n<p><\/p>\n","protected":false},"excerpt":{"rendered":"Les trois individus ont \u00e9t\u00e9 pris \u00e0 partie par un automobiliste, dans la nuit du vendredi 4 au&hellip;\n","protected":false},"author":2,"featured_media":238668,"comment_status":"","ping_status":"","sticky":false,"template":"","format":"standard","meta":{"footnotes":""},"categories":[9653],"tags":[1111,11,1120,2430,1777,674,1011,27,37845,3579,12,37844,25,9920,4001],"class_list":{"0":"post-238667","1":"post","2":"type-post","3":"status-publish","4":"format-standard","5":"has-post-thumbnail","7":"category-saint-etienne","8":"tag-actu","9":"tag-actualites","10":"tag-agression","11":"tag-auvergne-rhone-alpes","12":"tag-eu","13":"tag-europe","14":"tag-fr","15":"tag-france","16":"tag-hpital-nord","17":"tag-militaire","18":"tag-news","19":"tag-opration-sentinelle","20":"tag-republique-francaise","21":"tag-saint-tienne","22":"tag-saint-etienne"},"share_on_mastodon":{"url":"https:\/\/pubeurope.com\/@fr\/114825714052543807","error":""},"_links":{"self":[{"href":"https:\/\/www.europesays.com\/fr\/wp-json\/wp\/v2\/posts\/238667","targetHints":{"allow":["GET"]}}],"collection":[{"href":"https:\/\/www.europesays.com\/fr\/wp-json\/wp\/v2\/posts"}],"about":[{"href":"https:\/\/www.europesays.com\/fr\/wp-json\/wp\/v2\/types\/post"}],"author":[{"embeddable":true,"href":"https:\/\/www.europesays.com\/fr\/wp-json\/wp\/v2\/users\/2"}],"replies":[{"embeddable":true,"href":"https:\/\/www.europesays.com\/fr\/wp-json\/wp\/v2\/comments?post=238667"}],"version-history":[{"count":0,"href":"https:\/\/www.europesays.com\/fr\/wp-json\/wp\/v2\/posts\/238667\/revisions"}],"wp:featuredmedia":[{"embeddable":true,"href":"https:\/\/www.europesays.com\/fr\/wp-json\/wp\/v2\/media\/238668"}],"wp:attachment":[{"href":"https:\/\/www.europesays.com\/fr\/wp-json\/wp\/v2\/media?parent=238667"}],"wp:term":[{"taxonomy":"category","embeddable":true,"href":"https:\/\/www.europesays.com\/fr\/wp-json\/wp\/v2\/categories?post=238667"},{"taxonomy":"post_tag","embeddable":true,"href":"https:\/\/www.europesays.com\/fr\/wp-json\/wp\/v2\/tags?post=238667"}],"curies":[{"name":"wp","href":"https:\/\/api.w.org\/{rel}","templated":true}]}}