{"id":238687,"date":"2025-07-09T22:59:37","date_gmt":"2025-07-09T22:59:37","guid":{"rendered":"https:\/\/www.europesays.com\/fr\/238687\/"},"modified":"2025-07-09T22:59:37","modified_gmt":"2025-07-09T22:59:37","slug":"ce-marche-de-noel-breton-est-lun-des-plus-animes-et-chaleureux-du-pays","status":"publish","type":"post","link":"https:\/\/www.europesays.com\/fr\/238687\/","title":{"rendered":"Ce march\u00e9 de No\u00ebl breton est l\u2019un des plus anim\u00e9s et chaleureux du pays"},"content":{"rendered":"<p><strong>Quand l\u2019hiver s\u2019installe sur la Bretagne, une magie particuli\u00e8re op\u00e8re \u00e0 Rennes. Au c\u0153ur de la capitale bretonne, le march\u00e9 de No\u00ebl transforme la ville en un \u00e9crin de lumi\u00e8res et de festivit\u00e9s qui fait battre le c\u0153ur des visiteurs. Entre traditions locales et ambiance chaleureuse, j\u2019ai d\u00e9couvert pourquoi ce rendez-vous hivernal est consid\u00e9r\u00e9 comme l\u2019un des plus anim\u00e9s et attachants de France.<\/strong><\/p>\n<p>Une tradition bretonne qui r\u00e9chauffe les c\u0153urs d\u2019hiver<\/p>\n<p>D\u00e8s que les premiers flocons menacent de tomber sur la Bretagne, je suis toujours impatient de retrouver l\u2019atmosph\u00e8re unique du march\u00e9 de No\u00ebl de Rennes. Chaque ann\u00e9e, la place du Parlement de Bretagne se transforme en un village f\u00e9\u00e9rique qui attire des milliers de visiteurs. Ce n\u2019est pas un hasard si ce march\u00e9 figure parmi les plus r\u00e9put\u00e9s du pays \u2013 son authenticit\u00e9 et sa chaleur humaine en font un lieu incontournable des f\u00eates de fin d\u2019ann\u00e9e.<\/p>\n<p>J\u2019ai remarqu\u00e9 que contrairement \u00e0 d\u2019autres march\u00e9s plus commerciaux, celui de Rennes conserve une \u00e2me profond\u00e9ment bretonne. Les artisans locaux y exposent avec fiert\u00e9 leurs cr\u00e9ations, des bijoux celtiques aux c\u00e9l\u00e8bres biscuits bretons. Tu peux y d\u00e9nicher des cadeaux uniques tout en soutenant l\u2019\u00e9conomie locale, ce qui donne encore plus de sens \u00e0 tes achats de No\u00ebl.<\/p>\n<p>Ce qui me touche particuli\u00e8rement, c\u2019est la mani\u00e8re dont les organisateurs ont su pr\u00e9server l\u2019esprit traditionnel tout en renouvelant l\u2019exp\u00e9rience. Les chalets en bois s\u2019alignent harmonieusement autour de la place, cr\u00e9ant un \u00e9crin parfait pour fl\u00e2ner m\u00eame quand les temp\u00e9ratures chutent. Le soir venu, les illuminations transforment le c\u0153ur historique de Rennes en un tableau vivant o\u00f9 petits et grands s\u2019\u00e9merveillent.<\/p>\n<p>Si tu appr\u00e9cies les villages authentiques, sache que la Bretagne regorge de tr\u00e9sors m\u00e9connus comme <a href=\"https:\/\/www.newsofmarseille.com\/classe-parmi-plus-beaux-villages-france-tresor-breton-reste-peu-connu-touristes-0094692024.html\" target=\"_blank\" rel=\"noopener\">ce village class\u00e9 parmi les plus beaux de France<\/a> qui m\u00e9rite le d\u00e9tour apr\u00e8s ta visite au march\u00e9.<\/p>\n<p>Des animations qui font vibrer la capitale bretonne<\/p>\n<p>Ce qui distingue v\u00e9ritablement le march\u00e9 de No\u00ebl rennais des autres, c\u2019est son programme d\u2019animations exceptionnellement riche. Je n\u2019ai jamais vu un calendrier aussi complet ailleurs ! Chaque jour apporte son lot de surprises et d\u2019activit\u00e9s qui dynamisent l\u2019atmosph\u00e8re et cr\u00e9ent cette ambiance si particuli\u00e8re que les visiteurs viennent chercher.<\/p>\n<p>Les chorales bretonnes se succ\u00e8dent sur la petite sc\u00e8ne centrale, entonnant des chants traditionnels mais aussi des interpr\u00e9tations locales des grands classiques de No\u00ebl. J\u2019adore particuli\u00e8rement ces moments o\u00f9 la foule se joint spontan\u00e9ment aux chanteurs, cr\u00e9ant une communion qui r\u00e9chauffe m\u00eame les soir\u00e9es les plus froides.<\/p>\n<p>Pour les enfants, le march\u00e9 est un v\u00e9ritable terrain d\u2019aventures. Le P\u00e8re No\u00ebl y tient une permanence dans un chalet sp\u00e9cialement am\u00e9nag\u00e9, mais ce sont les ateliers cr\u00e9atifs qui remportent parmi les plus le plus grands succ\u00e8s. J\u2019y ai vu des petits apprentis fabriquer leurs propres d\u00e9corations de No\u00ebl sous l\u2019\u0153il attentif d\u2019artisans passionn\u00e9s qui transmettent leur savoir-faire avec g\u00e9n\u00e9rosit\u00e9.<\/p>\n<p>Les spectacles de rue ajoutent une dimension suppl\u00e9mentaire \u00e0 l\u2019exp\u00e9rience. Jongleurs, musiciens et conteurs se relaient pour animer les all\u00e9es du march\u00e9. Un soir, j\u2019ai m\u00eame assist\u00e9 \u00e0 un spectacle son et lumi\u00e8re projet\u00e9 sur la fa\u00e7ade du Parlement de Bretagne \u2013 un moment magique qui a laiss\u00e9 les spectateurs bouche b\u00e9e.<\/p>\n<p>Des saveurs bretonnes qui enchantent les papilles<\/p>\n<p>Si je reviens chaque ann\u00e9e \u00e0 ce march\u00e9 de No\u00ebl, c\u2019est aussi pour son incroyable offre gastronomique. La Bretagne est une terre de saveurs, et ce rendez-vous hivernal en est la parfaite d\u00e9monstration. Entre deux emplettes, tu peux faire une pause gourmande qui te fera d\u00e9couvrir toute la richesse culinaire de la r\u00e9gion.<\/p>\n<p>Les galettes-saucisses, embl\u00e8me de la street food rennaise, c\u00f4toient les cr\u00eapes au caramel au beurre sal\u00e9 qui font la r\u00e9putation mondiale de la p\u00e2tisserie bretonne. J\u2019ai d\u00e9velopp\u00e9 un faible pour le kig ha farz revisit\u00e9 en version \u00ab\u00a0street food\u00a0\u00bb que propose un chef local \u2013 un plat traditionnel breton adapt\u00e9 pour \u00eatre d\u00e9gust\u00e9 debout, tout en continuant ta balade.<\/p>\n<p>Le cidre chaud aux \u00e9pices est LA boisson star du march\u00e9. Servi dans des mugs r\u00e9utilisables \u00e0 l\u2019effigie du march\u00e9 (que beaucoup collectionnent d\u2019ann\u00e9e en ann\u00e9e), il diffuse ses ar\u00f4mes de cannelle et de pomme dans les all\u00e9es. Une alternative parfaite au vin chaud qu\u2019on trouve partout ailleurs et qui t\u00e9moigne de l\u2019identit\u00e9 bretonne du lieu.<\/p>\n<p>Apr\u00e8s avoir analys\u00e9 ce march\u00e9 festif, tu pourrais \u00eatre tent\u00e9 de d\u00e9couvrir d\u2019autres merveilles de la r\u00e9gion. Je te recommande vivement <a href=\"https:\/\/www.newsofmarseille.com\/merveille-bretagne-est-examiner-moins-fois-sa-vie-00132172025.html\" target=\"_blank\" rel=\"noopener\">cette merveille de Bretagne \u00e0 \u00e9tudier au moins une fois<\/a> pour compl\u00e9ter ton exp\u00e9rience bretonne.<\/p>\n<p>Le rendez-vous incontournable de l\u2019hiver breton<\/p>\n<p>Alors que certains march\u00e9s de No\u00ebl en France semblent se ressembler, celui de Rennes a su cultiver sa diff\u00e9rence. J\u2019y retrouve chaque ann\u00e9e une atmosph\u00e8re particuli\u00e8rement conviviale, o\u00f9 les rencontres se font naturellement. Les Rennais sont fiers de leur march\u00e9 et n\u2019h\u00e9sitent pas \u00e0 engager la conversation avec les visiteurs pour partager leurs bonnes adresses.<\/p>\n<p>L\u2019emplacement du march\u00e9, en plein c\u0153ur historique de Rennes, participe grandement \u00e0 son charme. Apr\u00e8s avoir arpent\u00e9 les all\u00e9es illumin\u00e9es, tu peux facilement poursuivre ta balade dans les rues m\u00e9di\u00e9vales adjacentes et d\u00e9couvrir les maisons \u00e0 colombages qui font la renomm\u00e9e de la vieille ville.<\/p>\n<p>Si tu pr\u00e9vois une visite, je te conseille d\u2019y passer en fin de journ\u00e9e pour profiter des illuminations et de l\u2019ambiance nocturne, particuli\u00e8rement magique. Le march\u00e9 de No\u00ebl de Rennes, situ\u00e9 place du Parlement de Bretagne en Ille-et-Vilaine, est d\u00e9finitivement une exp\u00e9rience \u00e0 vivre pour ressentir toute la chaleur et la convivialit\u00e9 bretonnes, m\u00eame au c\u0153ur de l\u2019hiver.<\/p>\n<p>As-tu d\u00e9j\u00e0 visit\u00e9 ce march\u00e9 de No\u00ebl ou d\u2019autres march\u00e9s bretons? Partage ton exp\u00e9rience en commentaire ou contacte-nous pour nous raconter tes d\u00e9couvertes dans la r\u00e9gion!<\/p>\n<p><img loading=\"lazy\" decoding=\"async\" width=\"150\" height=\"150\" src=\"data:image\/svg+xml,%3Csvg%20xmlns=\" http:=\"\" class=\"attachment-150x150 size-150x150\" alt=\"\" itemprop=\"image\" data-lazy- data-lazy- data-lazy-src=\"https:\/\/www.europesays.com\/fr\/wp-content\/uploads\/2025\/04\/im6-150x150.png\"\/><\/p>\n<p>Salut \u00e0 tous, je suis Eglantine. D\u00e9couvrez mes articles sur le voyage \u00e0 travers mes conseils, astuces et lieux pr\u00e9f\u00e9r\u00e9s en exclusivit\u00e9 sur News Of Marseille.<br \/>R\u00e9dactrice de coeur, je vous guide \u00e0 travers mes \u00e9crits pour vous transmettre mon expertise sur l&rsquo;aventure du voyage. Et \u00e9videmment, allez l&rsquo;OM \ud83d\ude09<\/p>\n<p>Partagez l&rsquo;article ou suivez nous !<\/p>\n<p>\n\tNos images sont \u00e0 but illustratif et peuvent ne pas repr\u00e9senter la r\u00e9alit\u00e9<\/p>\n","protected":false},"excerpt":{"rendered":"Quand l\u2019hiver s\u2019installe sur la Bretagne, une magie particuli\u00e8re op\u00e8re \u00e0 Rennes. Au c\u0153ur de la capitale bretonne,&hellip;\n","protected":false},"author":2,"featured_media":238688,"comment_status":"","ping_status":"","sticky":false,"template":"","format":"standard","meta":{"footnotes":""},"categories":[2821],"tags":[1111,11,37846,829,1777,674,1011,27,36053,12,584,25,37847,33602],"class_list":{"0":"post-238687","1":"post","2":"type-post","3":"status-publish","4":"format-standard","5":"has-post-thumbnail","7":"category-rennes","8":"tag-actu","9":"tag-actualites","10":"tag-ambiance-chaleureuse","11":"tag-bretagne","12":"tag-eu","13":"tag-europe","14":"tag-fr","15":"tag-france","16":"tag-marche-de-noel","17":"tag-news","18":"tag-rennes","19":"tag-republique-francaise","20":"tag-tradition-bretonne","21":"tag-traditions-locales"},"share_on_mastodon":{"url":"https:\/\/pubeurope.com\/@fr\/114825760867990098","error":""},"_links":{"self":[{"href":"https:\/\/www.europesays.com\/fr\/wp-json\/wp\/v2\/posts\/238687","targetHints":{"allow":["GET"]}}],"collection":[{"href":"https:\/\/www.europesays.com\/fr\/wp-json\/wp\/v2\/posts"}],"about":[{"href":"https:\/\/www.europesays.com\/fr\/wp-json\/wp\/v2\/types\/post"}],"author":[{"embeddable":true,"href":"https:\/\/www.europesays.com\/fr\/wp-json\/wp\/v2\/users\/2"}],"replies":[{"embeddable":true,"href":"https:\/\/www.europesays.com\/fr\/wp-json\/wp\/v2\/comments?post=238687"}],"version-history":[{"count":0,"href":"https:\/\/www.europesays.com\/fr\/wp-json\/wp\/v2\/posts\/238687\/revisions"}],"wp:featuredmedia":[{"embeddable":true,"href":"https:\/\/www.europesays.com\/fr\/wp-json\/wp\/v2\/media\/238688"}],"wp:attachment":[{"href":"https:\/\/www.europesays.com\/fr\/wp-json\/wp\/v2\/media?parent=238687"}],"wp:term":[{"taxonomy":"category","embeddable":true,"href":"https:\/\/www.europesays.com\/fr\/wp-json\/wp\/v2\/categories?post=238687"},{"taxonomy":"post_tag","embeddable":true,"href":"https:\/\/www.europesays.com\/fr\/wp-json\/wp\/v2\/tags?post=238687"}],"curies":[{"name":"wp","href":"https:\/\/api.w.org\/{rel}","templated":true}]}}