{"id":238691,"date":"2025-07-09T23:01:14","date_gmt":"2025-07-09T23:01:14","guid":{"rendered":"https:\/\/www.europesays.com\/fr\/238691\/"},"modified":"2025-07-09T23:01:14","modified_gmt":"2025-07-09T23:01:14","slug":"quand-le-livre-rencontre-lart-graphique-a-strasbourg","status":"publish","type":"post","link":"https:\/\/www.europesays.com\/fr\/238691\/","title":{"rendered":"quand le livre rencontre l\u2019art graphique \u00e0 Strasbourg"},"content":{"rendered":"<p>Une vraie belle biblioth\u00e8que accueille les visiteurs, fabriqu\u00e9e par l\u2019atelier des mus\u00e9es. \u00c0 l\u2019entame de l\u2019exposition, elle met les livres debout. Toutes reliures dehors, ils sont une proclamation.<\/p>\n<p>Frank Knoery, conservateur de la <a href=\"https:\/\/www.dna.fr\/culture-loisirs\/2021\/09\/25\/dans-les-collections-precieuses-de-la-bibliotheque-des-musees-de-strasbourg\" target=\"_blank\" rel=\"nofollow noopener\">Biblioth\u00e8que des mus\u00e9es<\/a> , et Thierry Laps, du cabinet d\u2019art graphique, r\u00e9unissent pour la premi\u00e8re fois les deux collections dont ils ont la charge. Ils ont imagin\u00e9 un dialogue, sans hi\u00e9rarchie, puisant dans le fonds de livres, estampes, gravures, photographies. Ils ont veill\u00e9 \u00e0 l\u2019\u00e9quilibre de la&#8230;<\/p>\n","protected":false},"excerpt":{"rendered":"Une vraie belle biblioth\u00e8que accueille les visiteurs, fabriqu\u00e9e par l\u2019atelier des mus\u00e9es. \u00c0 l\u2019entame de l\u2019exposition, elle met&hellip;\n","protected":false},"author":2,"featured_media":238692,"comment_status":"","ping_status":"","sticky":false,"template":"","format":"standard","meta":{"footnotes":""},"categories":[2820],"tags":[1111,11,2389,1687,2880,1777,674,2271,107,1011,27,5325,2798,775,12,25,640,2879],"class_list":{"0":"post-238691","1":"post","2":"type-post","3":"status-publish","4":"format-standard","5":"has-post-thumbnail","7":"category-strasbourg","8":"tag-actu","9":"tag-actualites","10":"tag-alsace","11":"tag-culture-loisirs","12":"tag-edition-strasbourg","13":"tag-eu","14":"tag-europe","15":"tag-exposition-arts-plastiques","16":"tag-fil-info","17":"tag-fr","18":"tag-france","19":"tag-galerie-media","20":"tag-galerie-photo","21":"tag-grand-est","22":"tag-news","23":"tag-republique-francaise","24":"tag-strasbourg","25":"tag-strasbourg-ville"},"share_on_mastodon":{"url":"https:\/\/pubeurope.com\/@fr\/114825769229479512","error":""},"_links":{"self":[{"href":"https:\/\/www.europesays.com\/fr\/wp-json\/wp\/v2\/posts\/238691","targetHints":{"allow":["GET"]}}],"collection":[{"href":"https:\/\/www.europesays.com\/fr\/wp-json\/wp\/v2\/posts"}],"about":[{"href":"https:\/\/www.europesays.com\/fr\/wp-json\/wp\/v2\/types\/post"}],"author":[{"embeddable":true,"href":"https:\/\/www.europesays.com\/fr\/wp-json\/wp\/v2\/users\/2"}],"replies":[{"embeddable":true,"href":"https:\/\/www.europesays.com\/fr\/wp-json\/wp\/v2\/comments?post=238691"}],"version-history":[{"count":0,"href":"https:\/\/www.europesays.com\/fr\/wp-json\/wp\/v2\/posts\/238691\/revisions"}],"wp:featuredmedia":[{"embeddable":true,"href":"https:\/\/www.europesays.com\/fr\/wp-json\/wp\/v2\/media\/238692"}],"wp:attachment":[{"href":"https:\/\/www.europesays.com\/fr\/wp-json\/wp\/v2\/media?parent=238691"}],"wp:term":[{"taxonomy":"category","embeddable":true,"href":"https:\/\/www.europesays.com\/fr\/wp-json\/wp\/v2\/categories?post=238691"},{"taxonomy":"post_tag","embeddable":true,"href":"https:\/\/www.europesays.com\/fr\/wp-json\/wp\/v2\/tags?post=238691"}],"curies":[{"name":"wp","href":"https:\/\/api.w.org\/{rel}","templated":true}]}}