{"id":238703,"date":"2025-07-09T23:07:11","date_gmt":"2025-07-09T23:07:11","guid":{"rendered":"https:\/\/www.europesays.com\/fr\/238703\/"},"modified":"2025-07-09T23:07:11","modified_gmt":"2025-07-09T23:07:11","slug":"previsions-du-jeudi-10-juillet-2025","status":"publish","type":"post","link":"https:\/\/www.europesays.com\/fr\/238703\/","title":{"rendered":"pr\u00e9visions du jeudi 10 juillet 2025"},"content":{"rendered":"<p>Un superbe soleil va briller sur Bordeaux et ce, tout au long de la journ\u00e9e. Les valeurs afficheront entre 16\u00b0C et 35\u00b0C, donnant \u00e0 la population l&rsquo;occasion d&rsquo;appr\u00e9cier la belle saison. La matin\u00e9e va se trouver vraiment suffocante : jusqu&rsquo;\u00e0 32\u00b0C. Un vent d&rsquo;est soufflera un peu, avec 10 km\/h. L&rsquo;\u00e9t\u00e9 prend ses quartiers ! Les temp\u00e9ratures vont monter pendant l&rsquo;apr\u00e8s-midi de plusieurs degr\u00e9s. La ville va conna\u00eetre un passage d&rsquo;importantes chaleurs avec des temp\u00e9ratures qui atteindront parfois les 35\u00b0C. La ville va p\u00e2tir des grosses chaleurs avec des valeurs qui devraient grimper \u00e0 33\u00b0C le soir. On passera de jeudi \u00e0 vendredi par une nuit claire.<\/p>\n<p>Demain, un beau soleil brillera sur Bordeaux. C&rsquo;est une hausse de quelques degr\u00e9s que vont enregistrer les temp\u00e9ratures pour un climat de plus en plus estival. La p\u00e9riode de fortes chaleurs est bien l\u00e0, avec des temp\u00e9ratures qui risqueront d&rsquo;aller jusqu&rsquo;\u00e0 37\u00b0C. Ce sera un bel \u00e9t\u00e9 : les valeurs seront comprises entre 17 et 37\u00b0C. Une l\u00e9g\u00e8re brise de nord-est sera ressentie par les habitants. Les temp\u00e9ratures maximales annonc\u00e9es le matin sont \u00e9lev\u00e9es, avec 33\u00b0C. Les valeurs vont conna\u00eetre une augmentation de plusieurs degr\u00e9s dans l&rsquo;apr\u00e8s-midi. Les touristes comme les locaux pourront sortir sandales et chapeau. Les valeurs \u00e9volueront entre 35 et 37\u2009\u00b0C. Demain soir, de tr\u00e8s importantes chaleurs (entre 28\u00b0C et 35\u00b0C) sont pr\u00e9vues.<\/p>\n<p>Peu d&rsquo;\u00e9volutions au fil des jours. Il va faire un temps plut\u00f4t ensoleill\u00e9 avec des temp\u00e9ratures avoisinant 35\u00b0C.<\/p>\n<p>Les fortes temp\u00e9ratures peuvent se r\u00e9v\u00e9ler dangereuses pour les seniors, les b\u00e9b\u00e9s et les jeunes enfants : ils sont susceptibles de souffrir de manque d&rsquo;hydratation. Soyez attentifs aux plus vuln\u00e9rables et n&rsquo;oubliez pas de leur proposer \u00e0 boire !<\/p>\n","protected":false},"excerpt":{"rendered":"Un superbe soleil va briller sur Bordeaux et ce, tout au long de la journ\u00e9e. Les valeurs afficheront&hellip;\n","protected":false},"author":2,"featured_media":238704,"comment_status":"","ping_status":"","sticky":false,"template":"","format":"standard","meta":{"footnotes":""},"categories":[2817],"tags":[1111,11,3177,1997,1777,674,1011,27,2905,12,2219,2119,25],"class_list":{"0":"post-238703","1":"post","2":"type-post","3":"status-publish","4":"format-standard","5":"has-post-thumbnail","7":"category-bordeaux","8":"tag-actu","9":"tag-actualites","10":"tag-aquitaine","11":"tag-bordeaux","12":"tag-eu","13":"tag-europe","14":"tag-fr","15":"tag-france","16":"tag-gironde","17":"tag-news","18":"tag-nouvelle-aquitaine","19":"tag-previsions-meteo","20":"tag-republique-francaise"},"share_on_mastodon":{"url":"https:\/\/pubeurope.com\/@fr\/114825792626347481","error":""},"_links":{"self":[{"href":"https:\/\/www.europesays.com\/fr\/wp-json\/wp\/v2\/posts\/238703","targetHints":{"allow":["GET"]}}],"collection":[{"href":"https:\/\/www.europesays.com\/fr\/wp-json\/wp\/v2\/posts"}],"about":[{"href":"https:\/\/www.europesays.com\/fr\/wp-json\/wp\/v2\/types\/post"}],"author":[{"embeddable":true,"href":"https:\/\/www.europesays.com\/fr\/wp-json\/wp\/v2\/users\/2"}],"replies":[{"embeddable":true,"href":"https:\/\/www.europesays.com\/fr\/wp-json\/wp\/v2\/comments?post=238703"}],"version-history":[{"count":0,"href":"https:\/\/www.europesays.com\/fr\/wp-json\/wp\/v2\/posts\/238703\/revisions"}],"wp:featuredmedia":[{"embeddable":true,"href":"https:\/\/www.europesays.com\/fr\/wp-json\/wp\/v2\/media\/238704"}],"wp:attachment":[{"href":"https:\/\/www.europesays.com\/fr\/wp-json\/wp\/v2\/media?parent=238703"}],"wp:term":[{"taxonomy":"category","embeddable":true,"href":"https:\/\/www.europesays.com\/fr\/wp-json\/wp\/v2\/categories?post=238703"},{"taxonomy":"post_tag","embeddable":true,"href":"https:\/\/www.europesays.com\/fr\/wp-json\/wp\/v2\/tags?post=238703"}],"curies":[{"name":"wp","href":"https:\/\/api.w.org\/{rel}","templated":true}]}}