{"id":238709,"date":"2025-07-09T23:10:16","date_gmt":"2025-07-09T23:10:16","guid":{"rendered":"https:\/\/www.europesays.com\/fr\/238709\/"},"modified":"2025-07-09T23:10:16","modified_gmt":"2025-07-09T23:10:16","slug":"un-pere-et-ses-fils-en-garde-a-vue","status":"publish","type":"post","link":"https:\/\/www.europesays.com\/fr\/238709\/","title":{"rendered":"un p\u00e8re et ses fils en garde \u00e0 vue"},"content":{"rendered":"<p>            Par<br \/>\n        <strong><br \/>\n            <a href=\"https:\/\/actu.fr\/auteur\/anaelle-montagne\" title=\"Consulter tous les articles de Anaelle Montagne\" rel=\"nofollow noopener\" target=\"_blank\">Anaelle Montagne<\/a><br \/>\n        <\/strong><\/p>\n<p>        Publi\u00e9 le<\/p>\n<p>            9 juil. 2025 \u00e0 18h33        <\/p>\n<p>Le 29\u00a0juin, alors que la f\u00eate foraine de <a href=\"https:\/\/actu.fr\/occitanie\/leguevin_31291\" rel=\"nofollow noopener\" target=\"_blank\">L\u00e9guevin<\/a> (Haute-Garonne) battait son plein, <a href=\"https:\/\/actu.fr\/occitanie\/leguevin_31291\/la-fete-degenere-pres-de-toulouse-un-homme-blesse-par-arme-blanche-lors-d-une-bagarre_62841509.html\" rel=\"nofollow noopener\" target=\"_blank\">une <strong>rixe incontr\u00f4lable<\/strong> a \u00e9clat\u00e9<\/a> parmi la foule. Des serpettes ont \u00e9t\u00e9 exhib\u00e9es et un homme de 44\u00a0ans, impliqu\u00e9 dans l\u2019altercation, a \u00e9t\u00e9 gravement bless\u00e9 par arme blanche. Dix jours apr\u00e8s les faits, <strong>quatre personnes ont \u00e9t\u00e9 plac\u00e9es en garde \u00e0 vue<\/strong>, d\u2019apr\u00e8s une information r\u00e9v\u00e9l\u00e9e par <a href=\"https:\/\/www.ladepeche.fr\/2025\/07\/09\/serpettes-et-couteaux-en-plein-milieu-de-la-fete-foraine-pres-de-toulouse-plusieurs-arrestations-pour-tentative-de-meurtre-12815315.php\" rel=\"nofollow noopener\" target=\"_blank\">La D\u00e9p\u00eache du Midi<\/a> que nous sommes en mesure de confirmer. Et leur profil permet de pr\u00e9ciser les circonstances de l\u2019affaire.<\/p>\n<p class=\" wall-content\">Les mis en cause sont des<strong> membres d\u2019une m\u00eame famille<\/strong>, indiquent plusieurs sources \u00e0 <a href=\"https:\/\/actu.fr\/toulouse\/\" rel=\"nofollow noopener\" target=\"_blank\">Actu Toulouse<\/a>. Il s\u2019agit d\u2019un p\u00e8re de famille \u00e2g\u00e9 de 47\u00a0ans et de ses trois fils. Deux sont majeurs de 19 et 23\u00a0ans, le dernier est mineur, pr\u00e9cise le parquet de Toulouse.<\/p>\n<p>Les circonstances de la rixe<\/p>\n<p class=\" wall-content\">Pour rappel, la violente rixe a eu lieu dans la nuit du samedi\u00a028 au dimanche\u00a029, au sein m\u00eame de la foire. Elle impliquait deux familles qui seraient issues de la communaut\u00e9 des gens du voyage\u2009: \u00ab\u2009Elles ont des inimit\u00e9s depuis des ann\u00e9es et <strong>avaient convenu d\u2019\u00e9viter de se croiser<\/strong>, mais c\u2019est malheureusement arriv\u00e9 ce soir-l\u00e0\u2009\u00bb, pr\u00e9cise notre source.<\/p>\n<p class=\" wall-content\">Au moment o\u00f9 elles tombent l\u2019une sur l\u2019autre, le ton monte imm\u00e9diatement entre les deux familles. Elles en viennent aux mains. Plusieurs individus impliqu\u00e9s sortent des serpettes (des petits canifs recourb\u00e9s), et la victime de 44\u00a0ans est bless\u00e9e au visage et \u00e0 la main. Les pompiers, une fois sur place, tentent de le secourir mais doivent se replier face au <strong>\u00ab\u2009climat de tension\u2009\u00bb<\/strong> qui r\u00e8gne.<\/p>\n<p class=\" wall-content\">La victime sera finalement conduite \u00e0 <a href=\"https:\/\/actu.fr\/tag\/chu-de-toulouse\" rel=\"nofollow noopener\" target=\"_blank\">l\u2019h\u00f4pital de Purpan<\/a>. Ses s\u00e9quelles lui valent une <strong>incapacit\u00e9 totale de travail de 45\u00a0jours<\/strong>. Une seconde victime, bless\u00e9e plus l\u00e9g\u00e8rement, a subi des violences \u00e9quivalentes \u00e0 2\u00a0jours d\u2019ITT.<\/p>\n<p>Le mineur lib\u00e9r\u00e9<\/p>\n<p class=\" wall-content\">Suite aux faits, une <strong>enqu\u00eate<\/strong> a imm\u00e9diatement \u00e9t\u00e9 ouverte. Elle a permis d\u2019interpeller le p\u00e8re et ses trois fils mardi 8\u00a0juillet, et de les auditionner. Faute d\u2019\u00e9l\u00e9ments suffisants, le mineur a \u00e9t\u00e9 remis en libert\u00e9 et ne sera pas poursuivi.<\/p>\n<p class=\" wall-content\">Le p\u00e8re et ses fils, eux, \u00e9taient toujours en garde \u00e0 vue en fin d\u2019apr\u00e8s-midi ce mercredi 9\u00a0juillet. Ils sont poursuivis pour<strong> violences aggrav\u00e9es<\/strong> par deux circonstances\u2009: l\u2019utilisation d\u2019une arme et le fait qu\u2019elles ont \u00e9t\u00e9 commises en r\u00e9union.<\/p>\n<p class=\" wall-content\">Les trois mis en cause seront d\u00e9f\u00e9r\u00e9s devant le juge des libert\u00e9s et de la d\u00e9tention en fin de journ\u00e9e, en vue d\u2019une incarc\u00e9ration jusqu\u2019\u00e0 leur audience en <strong>comparution imm\u00e9diate<\/strong> le lendemain, le 10\u00a0juillet \u00e0 13h45.<\/p>\n<p class=\" wall-content\">Suivez toute l\u2019actualit\u00e9 de vos villes et m\u00e9dias favoris en vous inscrivant \u00e0 <a href=\"https:\/\/moncompte.actu.fr\" title=\"D\u00e9couvez Mon Actu\" rel=\"nofollow noopener\" data-trk=\"{&quot;cta&quot;:{&quot;action&quot;:&quot;https:\\\/\\\/moncompte.actu.fr&quot;,&quot;category&quot;:&quot;mon compte&quot;,&quot;from&quot;:&quot;article footer&quot;,&quot;name&quot;:&quot;Mon actu&quot;,&quot;type&quot;:&quot;cta&quot;}}\" target=\"_blank\">Mon Actu<\/a>.<\/p>\n","protected":false},"excerpt":{"rendered":"Par Anaelle Montagne Publi\u00e9 le 9 juil. 2025 \u00e0 18h33 Le 29\u00a0juin, alors que la f\u00eate foraine de&hellip;\n","protected":false},"author":2,"featured_media":238710,"comment_status":"","ping_status":"","sticky":false,"template":"","format":"standard","meta":{"footnotes":""},"categories":[2816],"tags":[1111,11,1777,674,118,1011,27,3381,12,2680,25,2312],"class_list":{"0":"post-238709","1":"post","2":"type-post","3":"status-publish","4":"format-standard","5":"has-post-thumbnail","7":"category-toulouse","8":"tag-actu","9":"tag-actualites","10":"tag-eu","11":"tag-europe","12":"tag-faits-divers","13":"tag-fr","14":"tag-france","15":"tag-gendarmerie","16":"tag-news","17":"tag-occitanie","18":"tag-republique-francaise","19":"tag-toulouse"},"share_on_mastodon":{"url":"https:\/\/pubeurope.com\/@fr\/114825804406138161","error":""},"_links":{"self":[{"href":"https:\/\/www.europesays.com\/fr\/wp-json\/wp\/v2\/posts\/238709","targetHints":{"allow":["GET"]}}],"collection":[{"href":"https:\/\/www.europesays.com\/fr\/wp-json\/wp\/v2\/posts"}],"about":[{"href":"https:\/\/www.europesays.com\/fr\/wp-json\/wp\/v2\/types\/post"}],"author":[{"embeddable":true,"href":"https:\/\/www.europesays.com\/fr\/wp-json\/wp\/v2\/users\/2"}],"replies":[{"embeddable":true,"href":"https:\/\/www.europesays.com\/fr\/wp-json\/wp\/v2\/comments?post=238709"}],"version-history":[{"count":0,"href":"https:\/\/www.europesays.com\/fr\/wp-json\/wp\/v2\/posts\/238709\/revisions"}],"wp:featuredmedia":[{"embeddable":true,"href":"https:\/\/www.europesays.com\/fr\/wp-json\/wp\/v2\/media\/238710"}],"wp:attachment":[{"href":"https:\/\/www.europesays.com\/fr\/wp-json\/wp\/v2\/media?parent=238709"}],"wp:term":[{"taxonomy":"category","embeddable":true,"href":"https:\/\/www.europesays.com\/fr\/wp-json\/wp\/v2\/categories?post=238709"},{"taxonomy":"post_tag","embeddable":true,"href":"https:\/\/www.europesays.com\/fr\/wp-json\/wp\/v2\/tags?post=238709"}],"curies":[{"name":"wp","href":"https:\/\/api.w.org\/{rel}","templated":true}]}}